{"id":11830,"date":"2026-02-22T06:58:29","date_gmt":"2026-02-22T09:58:29","guid":{"rendered":"https:\/\/grandepremio.com\/br\/noticias\/jorge-martin-elogia-moto-ve-clara-evolucao-aprilia-testes-motogp-tailandia\/"},"modified":"2026-02-22T07:02:25","modified_gmt":"2026-02-22T10:02:25","slug":"jorge-martin-elogia-moto-ve-clara-evolucao-aprilia-testes-motogp-tailandia","status":"publish","type":"post","link":"https:\/\/grandepremio.com\/br\/motogp\/jorge-martin-elogia-moto-ve-clara-evolucao-aprilia-testes-motogp-tailandia\/","title":{"rendered":"Mart\u00edn elogia moto e v\u00ea &#8220;clara evolu\u00e7\u00e3o&#8221; da Aprilia em testes da MotoGP na Tail\u00e2ndia"},"content":{"rendered":"\n<p class=\"wp-block-paragraph\"><strong>Jorge Mart\u00edn<\/strong> voltou a acelerar na pr\u00e9-temporada da <strong><a href=\"https:\/\/www.grandepremio.com\/br\/motogp\/\">MotoGP<\/a><\/strong> com sinais claros de recupera\u00e7\u00e3o e confian\u00e7a ap\u00f3s um per\u00edodo marcado por les\u00f5es. O piloto da <strong>Aprilia<\/strong> fez nos testes da <strong>Tail\u00e2ndia<\/strong> o primeiro trabalho em pista desde a cirurgia na m\u00e3o esquerda e no ombro direito, depois de ficar fora do teste da <strong>Mal\u00e1sia<\/strong>, e, at\u00e9 agora, est\u00e1 satisfeito com o resultado.<\/p>\n\n\n\n<p class=\"wp-block-paragraph\">Mart\u00edn completou 99 voltas entre o dia 1 e a manh\u00e3 deste domingo (22) em <strong>Buriram<\/strong>. Logo no primeiro dia, terminou a sess\u00e3o matutina em segundo lugar, com<strong> 1min29s813<\/strong>. Na manh\u00e3 deste domingo, tamb\u00e9m mostrou ritmo forte e fechou a atividade inicial em s\u00e9timo.<\/p>\n\n\n\n<p class=\"wp-block-paragraph\">Ap\u00f3s o s\u00e1bado de atividades, o piloto avaliou positivamente o retorno \u00e0s pistas. &#8220;Foi um teste muito bom\u201d, disse \u00e0 vers\u00e3o espanhola do <em>Motorsport.com<\/em>. &#8220;No s\u00e1bado, testamos v\u00e1rios elementos aerodin\u00e2micos, e agora existe bastante clareza sobre a dire\u00e7\u00e3o a seguir&#8221;, explicou.<\/p>\n\n\n\n<p class=\"wp-block-paragraph\">Com o pacote aerodin\u00e2mico encaminhado para o in\u00edcio da temporada, o foco no dia 2 passou a ser a prepara\u00e7\u00e3o para a primeira etapa de 2026. &#8220;O trabalho hoje foi voltado para eletr\u00f4nica e simula\u00e7\u00e3o de corrida. Ainda falta cerca de <strong>0s2<\/strong> para melhorar, mas existe uma clara evolu\u00e7\u00e3o em rela\u00e7\u00e3o ao ano passado&#8221;, celebrou Mart\u00edn.<\/p>\n\n\n\n<figure class=\"wp-block-image size-large\"><img decoding=\"async\" src=\"https:\/\/www.grandepremio.com\/br\/wp-content\/uploads\/2026\/02\/SI202602210058-1200x800.jpg\" alt=\"\" class=\"wp-image-1060771\"\/><figcaption class=\"wp-element-caption\">Jorge Mart\u00edn (Foto: Gold &#038; Goose\/Red Bull Content Pool)<\/figcaption><\/figure>\n\n\n\n<p class=\"wp-block-paragraph\">\u25b6\ufe0f\u00a0<strong>Inscreva-se nos dois canais do GRANDE PR\u00caMIO no YouTube:\u00a0<a href=\"https:\/\/www.youtube.com\/channel\/UC9OlHEgxoaY6QY6nWPoiqQg?sub_confirmation=1\" target=\"_blank\" rel=\"noreferrer noopener\">GP<\/a>\u00a0|\u00a0<a href=\"https:\/\/www.youtube.com\/channel\/UC9csiS6q_C3C0FYhyr1rnFA?sub_confirmation=1\" target=\"_blank\" rel=\"noreferrer noopener\">GPTV<\/a><\/strong><\/p>\n\n\n\n<p class=\"wp-block-paragraph\">Para o espanhol, a <strong>RS-GP<\/strong> permite que ele consiga andar no limite, mas sem a necessidade de mudar o estilo de pilotagem, ao contr\u00e1rio do equipamento de 2025. Mart\u00edn tamb\u00e9m pregou calma para evoluir gradativamente, sem a necessidade de ser &#8220;excessivamente otimista.&#8221;<\/p>\n\n\n\n<p class=\"wp-block-paragraph\">&#8220;Com esta moto \u00e9 poss\u00edvel extrair todo o potencial, sem necessidade de pilotar de forma diferente do passado. Tamb\u00e9m n\u00e3o existe a inten\u00e7\u00e3o de ser excessivamente otimista. N\u00e3o faz sentido prever resultados&#8221;, avaliou. <\/p>\n\n\n\n<p class=\"wp-block-paragraph\">&#8220;O caminho \u00e9 seguir corrida a corrida, ganhar quilometragem e aumentar o ritmo gradualmente&#8221;, completou o campe\u00e3o mundial de 2024.<\/p>\n\n\n\n<p class=\"wp-block-paragraph\">A&nbsp;<a href=\"https:\/\/grandepremio.com\/motovelocidade\/\" target=\"_blank\" rel=\"noreferrer noopener\"><\/a><a href=\"https:\/\/grandepremio.com\/motovelocidade\/\" target=\"_blank\" rel=\"noreferrer noopener\">MotoGP<\/a>&nbsp;volta \u00e0 pista entre os dias 21 e 22 de fevereiro para os testes pr\u00e9-temporada em&nbsp;<strong>Buriram<\/strong>, na&nbsp;<strong>Tail\u00e2ndia<\/strong>. O&nbsp;<strong>GRANDE PR\u00caMIO&nbsp;<\/strong>faz a cobertura completa de todas as atividades da classe rainha, assim como das outras categorias do&nbsp;<strong>Mundial de&nbsp;<a href=\"https:\/\/www.grandepremio.com\/motovelocidade\/\">Motovelocidade<\/a><\/strong>.<\/p>\n\n\n\n<h2 class=\"wp-block-heading\" id=\"h-motogp-hoje-saiba-aqui-as-noticias-mais-importantes-da-motogp\"><strong>MotoGP hoje: saiba aqui as not\u00edcias mais importantes da MotoGP<\/strong><\/h2>\n\n\n\n<p class=\"wp-block-paragraph\">A reda\u00e7\u00e3o do&nbsp;<strong>GRANDE PR\u00caMIO<\/strong>&nbsp;selecionou as not\u00edcias mais importantes das \u00faltimas horas para voc\u00ea ficar por dentro de tudo que acontece na MotoGP.<\/p>\n\n\n\n<p class=\"wp-block-paragraph\">\u25b6\ufe0f\u00a0<strong><a href=\"https:\/\/www.grandepremio.com\/br\/motogp\/noticias\/motogp-abandona-phillip-island-transfere-gp-da-australia-2027\/\"><\/a><a href=\"https:\/\/www.grandepremio.com\/br\/motogp\/noticias\/marc-marquez-coloca-parte-fisica-limitacao-antes-renovar-ducati\/\">Marc M\u00e1rquez coloca parte f\u00edsica como \u201climita\u00e7\u00e3o\u201d antes de renovar com Ducati<\/a><\/strong><br>\u25b6\ufe0f\u00a0<strong><a href=\"https:\/\/www.grandepremio.com\/br\/motogp\/noticias\/motogp-abandona-phillip-island-transfere-gp-da-australia-2027\/\"><\/a><a href=\"https:\/\/www.grandepremio.com\/br\/motogp\/noticias\/alex-marquez-reforca-poder-ducati-comanda-dia-1-teste-tailandia-diogo-moreira-20\/\">\u00c1lex M\u00e1rquez refor\u00e7a poder da Ducati e comanda dia 1 de teste na Tail\u00e2ndia. Moreira \u00e9 20\u00ba<\/a><\/strong><br>\u25b6\ufe0f\u00a0<strong><a href=\"https:\/\/www.grandepremio.com\/br\/motogp\/noticias\/motogp-abandona-phillip-island-transfere-gp-da-australia-2027\/\"><\/a><a href=\"https:\/\/www.grandepremio.com\/br\/motogp\/noticias\/diogo-moreira-destaca-dia-positivo-testes-tailandia-brinca-segui-alguns-rivais\/\">Moreira destaca dia positivo de testes na Tail\u00e2ndia e brinca: \u201cSegui alguns rivais\u201d<\/a><\/strong><br>\u25b6\ufe0f\u00a0<strong><a href=\"https:\/\/www.grandepremio.com\/br\/motogp\/noticias\/organizacao-lamenta-saida-phillip-island-calendario-motogp-decepcionante\/\"><\/a><a href=\"https:\/\/www.grandepremio.com\/br\/motogp\/noticias\/francesco-bagnaia-acelera-conversas-aproxima-acordo-aprilia-motogp-2027\/\">Bagnaia acelera conversas e se aproxima de acordo com Aprilia para MotoGP 2027<\/a><\/strong><br>\u25b6\ufe0f\u00a0<strong><a href=\"https:\/\/www.grandepremio.com\/br\/motogp\/noticias\/4-195-metros-18-curvas-adelaide-apresenta-layout-receber-motogp-2027\/\"><\/a><a href=\"https:\/\/www.grandepremio.com\/br\/motogp\/noticias\/marco-bezzecchi-se-esquiva-pergunta-sobre-francesco-bagnaia-aprilia-nao-e-problema-meu\/\">Bezzecchi se esquiva de pergunta sobre Bagnaia na Aprilia: \u201cN\u00e3o \u00e9 problema meu\u201d<\/a><\/strong><br>\u25b6\ufe0f<strong>\u00a0<a href=\"https:\/\/www.grandepremio.com\/br\/motogp\/noticias\/francesco-bagnaia-desconversa-sobre-acordo-aprilia-motogp-2027-mas-crava-ja-decidi\/\">Bagnaia desconversa sobre acordo com Aprilia para 2027, mas crava: \u201cJ\u00e1 decidi\u201d<\/a><\/strong><\/p>\n","protected":false},"excerpt":{"rendered":"<p>Retornando de mais um per\u00edodo conturbado de les\u00f5es, Jorge Mart\u00edn celebrou progresso durante testes oficiais da MotoGP em Buriram e disse que &#8220;agora existe clareza sobre a dire\u00e7\u00e3o a seguir&#8221; com a moto da Aprilia<\/p>\n","protected":false},"author":0,"featured_media":1001060768,"comment_status":"closed","ping_status":"closed","sticky":false,"template":"","format":"standard","meta":{"42wp_featured_image_caption":"","42wp_featured_image_credits":"","42wp_featured_video":"","42wp_featured_image_hidden":false,"42wp_authors_list":[],"footnotes":""},"categories":[8],"tags":[133,846,24853,5214,1491,28285,5455,24704,78,27236,25819,847,34187,368,24949,44250,38257],"42wp_author":[47161],"class_list":["post-11830","post","type-post","status-publish","format-standard","has-post-thumbnail","hentry","category-motogp","tag-aprilia","tag-buriram","tag-calendario-motogp","tag-classificacao-motogp","tag-grande-premio","tag-grandepremio","tag-horarios-motogp","tag-jorge-martin","tag-motogp","tag-motogp-2026","tag-motogp-hoje","tag-mundial-de-motovelocidade","tag-onde-assistir-motogp","tag-rs-gp","tag-tailandia","tag-temporada-2026-da-motogp","tag-testes-pre-temporada-motogp","42wp_author-kaio-esteves"],"_links":{"self":[{"href":"https:\/\/grandepremio.com\/br\/wp-json\/wp\/v2\/posts\/11830","targetHints":{"allow":["GET"]}}],"collection":[{"href":"https:\/\/grandepremio.com\/br\/wp-json\/wp\/v2\/posts"}],"about":[{"href":"https:\/\/grandepremio.com\/br\/wp-json\/wp\/v2\/types\/post"}],"replies":[{"embeddable":true,"href":"https:\/\/grandepremio.com\/br\/wp-json\/wp\/v2\/comments?post=11830"}],"version-history":[{"count":0,"href":"https:\/\/grandepremio.com\/br\/wp-json\/wp\/v2\/posts\/11830\/revisions"}],"wp:featuredmedia":[{"embeddable":true,"href":"https:\/\/grandepremio.com\/br\/wp-json\/wp\/v2\/media\/1001060768"}],"wp:attachment":[{"href":"https:\/\/grandepremio.com\/br\/wp-json\/wp\/v2\/media?parent=11830"}],"wp:term":[{"taxonomy":"category","embeddable":true,"href":"https:\/\/grandepremio.com\/br\/wp-json\/wp\/v2\/categories?post=11830"},{"taxonomy":"post_tag","embeddable":true,"href":"https:\/\/grandepremio.com\/br\/wp-json\/wp\/v2\/tags?post=11830"},{"taxonomy":"42wp_author","embeddable":true,"href":"https:\/\/grandepremio.com\/br\/wp-json\/wp\/v2\/42wp_author?post=11830"}],"curies":[{"name":"wp","href":"https:\/\/api.w.org\/{rel}","templated":true}]}}