{"id":118321,"date":"2021-08-27T12:34:13","date_gmt":"2021-08-27T15:34:13","guid":{"rendered":"https:\/\/grandepremio.com\/br\/noticias\/charles-leclerc-bate-ferrari-causa-bandeira-vermelha-segundo-treino-sexta-belgica\/"},"modified":"2021-08-27T12:36:23","modified_gmt":"2021-08-27T15:36:23","slug":"charles-leclerc-bate-ferrari-causa-bandeira-vermelha-segundo-treino-sexta-belgica","status":"publish","type":"post","link":"https:\/\/grandepremio.com\/br\/f1\/charles-leclerc-bate-ferrari-causa-bandeira-vermelha-segundo-treino-sexta-belgica\/","title":{"rendered":"Leclerc bate Ferrari e causa bandeira vermelha no segundo treino de sexta na B\u00e9lgica"},"content":{"rendered":"\n<figure class=\"wp-block-video\"><video class=\"video-js vjs-big-play-centered\" data-gp-vjs=\"1\" controls src=\"https:\/\/www.grandepremio.com\/br\/wp-content\/uploads\/2021\/08\/Acidente-de-Leclerc-na-Belgica-1.mp4\"><\/video><figcaption>A batida de Charles Leclerc no fim do TL2 na B\u00e9lgica (V\u00eddeo: F1 TV)<\/figcaption><\/figure>\n\n\n\n<p class=\"wp-block-paragraph\">O fim de semana do GP da B\u00e9lgica n\u00e3o come\u00e7ou muito bem para a Ferrari nesta sexta-feira (27). Sem ritmo que impressionasse, ainda tiveram de lidar com Charles Leclerc estampando o muro de Spa-Francorchamps e enchendo os mec\u00e2nicos de trabalho para o restante do dia.<\/p>\n\n\n\n<p class=\"wp-block-paragraph\">O rel\u00f3gio apontava pouco mais de 11 minutos para o fim do treino quando Leclerc deixou a traseira escapar e, quando consertou, estava tarde demais para evitar que o carro entrasse grama adentro e terminasse cravando e arrastando o lado esquerdo do carro na barreira de prote\u00e7\u00e3o.<\/p>\n\n\n\n<p class=\"wp-block-paragraph\"><strong>\u25b6\ufe0f\u00a0Inscreva-se nos dois canais do GRANDE PR\u00caMIO no YouTube:\u00a0<a href=\"https:\/\/www.youtube.com\/channel\/UC9OlHEgxoaY6QY6nWPoiqQg?sub_confirmation=1\" target=\"_blank\" rel=\"noreferrer noopener\">GP<\/a>\u00a0|\u00a0<a href=\"https:\/\/www.youtube.com\/channel\/UC9csiS6q_C3C0FYhyr1rnFA?sub_confirmation=1\" target=\"_blank\" rel=\"noreferrer noopener\">GP2<\/a><\/strong><\/p>\n\n\n\n<figure class=\"wp-block-image size-large\"><img decoding=\"async\" src=\"https:\/\/www.grandepremio.com\/br\/wp-content\/uploads\/2021\/08\/gpf1-1024x576.png\" alt=\"\" class=\"wp-image-502775\"\/><figcaption>Charles Leclerc estampou a Ferrari no muro (Foto: Reprodu\u00e7\u00e3o)<\/figcaption><\/figure>\n\n\n\n<p class=\"wp-block-paragraph\">Imediatamente, Leclerc disse que estava tudo bem e se desculpou com a Ferrari no r\u00e1dio. O acidente fez com que a dire\u00e7\u00e3o de prova desse bandeira vermelha que ficou em vigor por alguns minutos. Mais tarde, Max Verstappen <a href=\"https:\/\/www.grandepremio.com\/br\/f1\/noticias\/max-verstappen-perde-controle-tl2-spa-francorchamps-e-sofre-novo-acidente\/\">\u00e9 que bateu<\/a>.<\/p>\n\n\n\n<p class=\"wp-block-paragraph\">A equipe esperava dificuldades na pista belga, mas talvez o 18\u00ba lugar para Charles e o 11\u00ba de Carlos Sainz tenha sido ainda pior que a encomenda.<\/p>\n\n\n\n<p class=\"wp-block-paragraph\">O <strong>GRANDE PR\u00caMIO<\/strong> acompanha todas as atividades do fim de semana do GP da B\u00e9lgica <a href=\"https:\/\/www.grandepremio.com\/br\/f1\/ao-vivo\"><strong>AO VIVO<\/strong> e <strong>EM TEMPO REAL<\/strong><\/a>. O terceiro treino livre est\u00e1 marcado para as 7h (de Bras\u00edlia) do s\u00e1bado, enquanto a classifica\u00e7\u00e3o come\u00e7a \u00e0s 10h.<\/p>\n\n\n\n<p class=\"wp-block-paragraph\"><strong>Conhe\u00e7a o canal do Grande Pr\u00eamio no YouTube! Clique\u00a0<a rel=\"noreferrer noopener\" href=\"https:\/\/youtube.com\/GrandePremioTV\" target=\"_blank\">aqui<\/a>.<br>Siga o Grande Pr\u00eamio no\u00a0<a rel=\"noreferrer noopener\" href=\"https:\/\/twitter.com\/grandepremio\" target=\"_blank\">Twitter\u00a0<\/a>e no\u00a0<a rel=\"noreferrer noopener\" href=\"https:\/\/instagram.com\/grandepremio\" target=\"_blank\">Instagram<\/a>!<\/strong><\/p>\n\n\n\n<figure class=\"wp-block-embed is-type-video is-provider-youtube wp-block-embed-youtube wp-embed-aspect-16-9 wp-has-aspect-ratio\"><div class=\"wp-block-embed__wrapper\">\n<iframe loading=\"lazy\" title=\"NA VOLTA DA F1, RED BULL CHORA POR VERSTAPPEN E P\u00c9REZ, E MERCEDES CALA BOTTAS E RUSSELL | GP \u00e0s 10\" width=\"500\" height=\"281\" src=\"https:\/\/www.youtube.com\/embed\/Rx5Ap_okTi0?feature=oembed\" frameborder=\"0\" allow=\"accelerometer; autoplay; clipboard-write; encrypted-media; gyroscope; picture-in-picture; web-share\" referrerpolicy=\"strict-origin-when-cross-origin\" allowfullscreen><\/iframe>\n<\/div><figcaption>NA VOLTA DA F1, RED BULL CHORA POR VERSTAPPEN E P\u00c9REZ, E MERCEDES CALA BOTTAS E RUSSELL | GP \u00e0s 10<\/figcaption><\/figure>\n","protected":false},"excerpt":{"rendered":"<p>Charles Leclerc saiu de traseira e terminou estampando a Ferrari no muro do circuito belga com pouco mais de 11 minutos para o fim das atividades desta sexta-feira (27)<\/p>\n","protected":false},"author":0,"featured_media":1000502774,"comment_status":"closed","ping_status":"closed","sticky":false,"template":"","format":"standard","meta":{"42wp_featured_image_caption":"","42wp_featured_image_credits":"","42wp_featured_video":"","42wp_featured_image_hidden":false,"42wp_authors_list":[],"footnotes":""},"categories":[2],"tags":[487,209,156,207,25536,24899,24836,28285,28958,108],"42wp_author":[47120],"class_list":["post-118321","post","type-post","status-publish","format-standard","has-post-thumbnail","hentry","category-f1","tag-acidente","tag-charles-leclerc","tag-f1-2021","tag-ferrari","tag-formula-1-2021-2","tag-gp-da-belgica-2","tag-grande-premio-2","tag-grandepremio","tag-pista-spa","tag-spa-francorchamps","42wp_author-pedro-henrique-marum"],"_links":{"self":[{"href":"https:\/\/grandepremio.com\/br\/wp-json\/wp\/v2\/posts\/118321","targetHints":{"allow":["GET"]}}],"collection":[{"href":"https:\/\/grandepremio.com\/br\/wp-json\/wp\/v2\/posts"}],"about":[{"href":"https:\/\/grandepremio.com\/br\/wp-json\/wp\/v2\/types\/post"}],"replies":[{"embeddable":true,"href":"https:\/\/grandepremio.com\/br\/wp-json\/wp\/v2\/comments?post=118321"}],"version-history":[{"count":0,"href":"https:\/\/grandepremio.com\/br\/wp-json\/wp\/v2\/posts\/118321\/revisions"}],"wp:featuredmedia":[{"embeddable":true,"href":"https:\/\/grandepremio.com\/br\/wp-json\/wp\/v2\/media\/1000502774"}],"wp:attachment":[{"href":"https:\/\/grandepremio.com\/br\/wp-json\/wp\/v2\/media?parent=118321"}],"wp:term":[{"taxonomy":"category","embeddable":true,"href":"https:\/\/grandepremio.com\/br\/wp-json\/wp\/v2\/categories?post=118321"},{"taxonomy":"post_tag","embeddable":true,"href":"https:\/\/grandepremio.com\/br\/wp-json\/wp\/v2\/tags?post=118321"},{"taxonomy":"42wp_author","embeddable":true,"href":"https:\/\/grandepremio.com\/br\/wp-json\/wp\/v2\/42wp_author?post=118321"}],"curies":[{"name":"wp","href":"https:\/\/api.w.org\/{rel}","templated":true}]}}