{"id":118331,"date":"2021-08-27T09:26:14","date_gmt":"2021-08-27T12:26:14","guid":{"rendered":"https:\/\/grandepremio.com\/br\/noticias\/motogp-divulga-calendario-testes-propoe-abrir-2022-6-marco-catar\/"},"modified":"2021-08-27T09:27:45","modified_gmt":"2021-08-27T12:27:45","slug":"motogp-divulga-calendario-testes-propoe-abrir-2022-6-marco-catar","status":"publish","type":"post","link":"https:\/\/grandepremio.com\/br\/motogp\/motogp-divulga-calendario-testes-propoe-abrir-2022-6-marco-catar\/","title":{"rendered":"MotoGP divulga calend\u00e1rio de testes e prop\u00f5e abrir 2022 em 6 de mar\u00e7o com GP do Catar"},"content":{"rendered":"\n<figure class=\"wp-block-video\"><video class=\"video-js vjs-big-play-centered\" data-gp-vjs=\"1\" controls src=\"https:\/\/www.grandepremio.com\/br\/wp-content\/uploads\/2021\/08\/Marc-Marquez-fast-crash-in-Silverstone-FP1_720P-HD.mp4\"><\/video><figcaption>Marc M\u00e1rquez sofreu forte queda no fim do TL1 em Silverstone (V\u00eddeo: Reprodu\u00e7\u00e3o\/Fox)<\/figcaption><\/figure>\n\n\n\n<p class=\"wp-block-paragraph\">A MotoGP planeja iniciar a temporada 2022 em 6 de mar\u00e7o, com o GP do Catar. Nesta sexta-feira (27), a organiza\u00e7\u00e3o do Mundial de Motovelocidade divulgou a data proposta para abertura do pr\u00f3ximo campeonato e tamb\u00e9m o calend\u00e1rio dos testes da pr\u00e9-temporada.<\/p>\n\n\n\n<p class=\"wp-block-paragraph\">Pela programa\u00e7\u00e3o, a classe rainha ter\u00e1 dois dias de testes e um shakedown em Sepang, na Mal\u00e1sia, e, depois, mais tr\u00eas dias de testes em Mandalika, na Indon\u00e9sia. O tra\u00e7ado indon\u00e9sio \u00e9 considerado uma pista de rua.<\/p>\n\n\n\n<p class=\"wp-block-paragraph\"><strong>\u25b6\ufe0f\u00a0Inscreva-se nos dois canais do GRANDE PR\u00caMIO no YouTube:\u00a0<a href=\"https:\/\/www.youtube.com\/channel\/UC9OlHEgxoaY6QY6nWPoiqQg?sub_confirmation=1\" target=\"_blank\" rel=\"noreferrer noopener\">GP<\/a>\u00a0|\u00a0<a href=\"https:\/\/www.youtube.com\/channel\/UC9csiS6q_C3C0FYhyr1rnFA?sub_confirmation=1\" target=\"_blank\" rel=\"noreferrer noopener\">GP2<\/a><\/strong><\/p>\n\n\n\n<figure class=\"wp-block-image size-large\"><img decoding=\"async\" src=\"https:\/\/www.grandepremio.com\/br\/wp-content\/uploads\/2021\/04\/Eyh3YtMVEAMsFME.jpg\" alt=\"MANDALIKA; CIRCUITO; INDON\u00c9SIA; MOTOGP;\" class=\"wp-image-462127\"\/><figcaption>Vista a\u00e9rea de trecho do novo circuito de Mandalika, na Indon\u00e9sia (Foto: Divulga\u00e7\u00e3o)<\/figcaption><\/figure>\n\n\n\n<p class=\"wp-block-paragraph\"><strong>WEB STORY<\/strong><br>#\u00a0<strong><a href=\"https:\/\/www.grandepremio.com\/br\/web-stories\/motogp\/fatos-curiosidades-gp-gra-bretanha-motogp\/\" target=\"_blank\" rel=\"noreferrer noopener\">Fatos e curiosidades do GP da Gr\u00e3-Bretanha de\u00a0<\/a><a href=\"https:\/\/www.grandepremio.com\/br\/motogp\/\" target=\"_blank\" rel=\"noreferrer noopener\">MotoGP<\/a><\/strong><\/p>\n\n\n\n<p class=\"wp-block-paragraph\">Moto3 e Moto2, por outro lado, ter\u00e3o uma \u00fanica sess\u00e3o de testes, marcada para Jerez de la Frontera, na Espanha.<\/p>\n\n\n\n<figure class=\"wp-block-table\"><table><tbody><tr><td><strong>31\/1<\/strong><\/td><td>SHAKEDOWN EM SEPANG<\/td><td>MAL\u00c1SIA<\/td><\/tr><tr><td><strong>5 e 6\/2<\/strong><\/td><td>TESTE DE SEPANG<\/td><td>MAL\u00c1SIA<\/td><\/tr><tr><td><strong>11 &#8211; 13\/2<\/strong><\/td><td>TESTE EM MANDALIKA<\/td><td>INDON\u00c9SIA<\/td><\/tr><tr><td><strong>22 &#8211; 24\/2<\/strong><\/td><td>TESTE DE MOTO3 E MOTO2 EM JEREZ<\/td><td>ESPANHA<\/td><\/tr><\/tbody><\/table><\/figure>\n\n\n\n<p class=\"wp-block-paragraph\"><strong>Conhe\u00e7a o canal do Grande Pr\u00eamio no&nbsp;<a href=\"https:\/\/www.youtube.com\/GrandePremioTV\">YouTube<\/a>.<br>Siga o Grande Pr\u00eamio no&nbsp;<a rel=\"noreferrer noopener\" href=\"https:\/\/twitter.com\/grandepremio\" target=\"_blank\">Twitter&nbsp;<\/a>e no&nbsp;<a rel=\"noreferrer noopener\" href=\"https:\/\/instagram.com\/grandepremio\" target=\"_blank\">Instagram<\/a>.<\/strong><\/p>\n\n\n\n<p class=\"wp-block-paragraph\">A data de 6 de mar\u00e7o para a realiza\u00e7\u00e3o do GP do Catar ser\u00e1 proposta pela Dorna, promotora do Mundial, \u00e0 FIM (Federa\u00e7\u00e3o Internacional de Motociclismo). O Catar contou com uma rodada dupla neste ano e tamb\u00e9m deu acesso a todos os integrantes do campeonato \u00e0s vacinas contra a Covid-19.<\/p>\n\n\n\n<p class=\"wp-block-paragraph\">A proposta da Dorna representa um in\u00edcio antecipado para o campeonato. Em 2021, a abertura da temporada aconteceu apenas em 28 de mar\u00e7o. <\/p>\n\n\n\n<p class=\"wp-block-paragraph\">A largada do GP da Gr\u00e3-Bretanha de&nbsp;<a href=\"https:\/\/www.grandepremio.com\/br\/motogp\/\" target=\"_blank\" rel=\"noreferrer noopener\">MotoGP<\/a>, em&nbsp;<a href=\"https:\/\/www.grandepremio.com\/br\/etapa\/f1\/gp-da-inglaterra-formula-1-2020\/\" target=\"_blank\" rel=\"noreferrer noopener\">Silverstone,<\/a>&nbsp;est\u00e1 marcada para as 9h (de Bras\u00edlia). O&nbsp;<strong>GRANDE PR\u00caMIO<\/strong>&nbsp;<a href=\"https:\/\/www.grandepremio.com\/br\/motogp\/ultimas-noticias\/\" target=\"_blank\" rel=\"noreferrer noopener\">acompanha todas as atividades<\/a>&nbsp;do Mundial de&nbsp;<a href=\"https:\/\/www.grandepremio.com\/br\/motogp\/\" target=\"_blank\" rel=\"noreferrer noopener\">Motovelocidade<\/a>&nbsp;2021.<\/p>\n\n\n\n<p class=\"wp-block-paragraph\"><strong>LEIA TAMB\u00c9M<\/strong><br>#&nbsp;<strong><a href=\"https:\/\/www.grandepremio.com\/br\/motogp\/noticias\/fim-triste-mostra-relacao-maverick-vinales-yamaha-deveria-acabado-antes\/\" target=\"_blank\" rel=\"noreferrer noopener\">Fim triste mostra que rela\u00e7\u00e3o entre Vi\u00f1ales e Yamaha deveria ter acabado antes<\/a><\/strong><br>#&nbsp;<strong><a href=\"https:\/\/www.grandepremio.com\/br\/motogp\/noticias\/brad-binder-arrisca-chuva-encerra-jejum-um-ano-vitoria-corajosa-austria\/\" target=\"_blank\" rel=\"noreferrer noopener\">Binder arrisca na chuva e encerra jejum de um ano com vit\u00f3ria corajosa na \u00c1ustria<\/a><\/strong><br>#&nbsp;<strong><a href=\"https:\/\/www.grandepremio.com\/br\/motogp\/noticias\/podio-suspensao-yamaha-ceu-inferno-red-bull-ring\/\" target=\"_blank\" rel=\"noreferrer noopener\">De p\u00f3dio \u00e0 suspens\u00e3o: Yamaha vai do c\u00e9u ao inferno na rodada do&nbsp;<\/a><a href=\"https:\/\/www.grandepremio.com\/br\/etapa\/f1\/gp-da-austria-formula-1-2020\/\" target=\"_blank\" rel=\"noreferrer noopener\">Red Bull Ring<\/a><\/strong><br>#&nbsp;<strong><a href=\"https:\/\/www.grandepremio.com\/br\/motogp\/noticias\/suzuki-poe-atualizacoes-funcionar-joan-mir-ganha-folego-motogp-alex-rins-titubeia\/\" target=\"_blank\" rel=\"noreferrer noopener\">Suzuki p\u00f5e atualiza\u00e7\u00f5es para funcionar, e Mir ganha f\u00f4lego. Rins ainda titubeia<\/a><\/strong><br>#&nbsp;<strong><a href=\"https:\/\/www.grandepremio.com\/br\/motogp\/noticias\/francesco-bagnaia-mostra-forca-briga-titulo-precisa-encontrar-primeira-vitoria-motogp\/\" target=\"_blank\" rel=\"noreferrer noopener\">Bagnaia mostra for\u00e7a em briga por t\u00edtulo, mas precisa encontrar primeira vit\u00f3ria<\/a><\/strong><br>#&nbsp;<strong><a href=\"https:\/\/www.grandepremio.com\/br\/motogp\/noticias\/johann-zarco-cai-momento-crucial-temporada-se-afasta-briga-titulo-motogp\/\" target=\"_blank\" rel=\"noreferrer noopener\">Zarco cai em momento crucial da temporada e se afasta da briga pelo t\u00edtulo<\/a><\/strong><br>#&nbsp;<strong><a href=\"https:\/\/www.grandepremio.com\/br\/web-stories\/motogp\/7-vencedores-11-gps-temporada-2021-motogp\/\" target=\"_blank\" rel=\"noreferrer noopener\">WEB STORY: Sete vencedores em 11 GPs: um retrato da temporada 2021 da MotoGP<\/a><\/strong><\/p>\n\n\n\n<figure class=\"wp-block-embed is-type-video is-provider-youtube wp-block-embed-youtube wp-embed-aspect-16-9 wp-has-aspect-ratio\"><div class=\"wp-block-embed__wrapper\">\n<iframe loading=\"lazy\" title=\"APRILIA RECEBE PRESENTE AO TER VI\u00d1ALES ANTES DO ESPERADO | GP \u00e0s 10\" width=\"500\" height=\"281\" src=\"https:\/\/www.youtube.com\/embed\/D07EHkxBu-w?feature=oembed\" frameborder=\"0\" allow=\"accelerometer; autoplay; clipboard-write; encrypted-media; gyroscope; picture-in-picture; web-share\" referrerpolicy=\"strict-origin-when-cross-origin\" allowfullscreen><\/iframe>\n<\/div><\/figure>\n","protected":false},"excerpt":{"rendered":"<p>A Dorna apresentou nesta sexta-feira (27) a data proposta para o GP do Catar abrir a temporada 2022. Al\u00e9m disso, a organiza\u00e7\u00e3o do Mundial de Motovelocidade divulgou as datas e locais da pr\u00e9-temporada<\/p>\n","protected":false},"author":0,"featured_media":1000459439,"comment_status":"closed","ping_status":"closed","sticky":false,"template":"","format":"standard","meta":{"42wp_featured_image_caption":"","42wp_featured_image_credits":"","42wp_featured_video":"","42wp_featured_image_hidden":false,"42wp_authors_list":[],"footnotes":""},"categories":[8],"tags":[1113,79,78,490,28765,28764,25819,28345,28766,26690],"42wp_author":[47113],"class_list":["post-118331","post","type-post","status-publish","format-standard","has-post-thumbnail","hentry","category-motogp","tag-catar","tag-moto-gp","tag-motogp","tag-motogp-2021","tag-motogp-2021-calendario","tag-motogp-classificacao-2021","tag-motogp-hoje","tag-motogp-horarios","tag-motogp-standings","tag-pilotos-motogp","42wp_author-juliana-tesser"],"_links":{"self":[{"href":"https:\/\/grandepremio.com\/br\/wp-json\/wp\/v2\/posts\/118331","targetHints":{"allow":["GET"]}}],"collection":[{"href":"https:\/\/grandepremio.com\/br\/wp-json\/wp\/v2\/posts"}],"about":[{"href":"https:\/\/grandepremio.com\/br\/wp-json\/wp\/v2\/types\/post"}],"replies":[{"embeddable":true,"href":"https:\/\/grandepremio.com\/br\/wp-json\/wp\/v2\/comments?post=118331"}],"version-history":[{"count":0,"href":"https:\/\/grandepremio.com\/br\/wp-json\/wp\/v2\/posts\/118331\/revisions"}],"wp:featuredmedia":[{"embeddable":true,"href":"https:\/\/grandepremio.com\/br\/wp-json\/wp\/v2\/media\/1000459439"}],"wp:attachment":[{"href":"https:\/\/grandepremio.com\/br\/wp-json\/wp\/v2\/media?parent=118331"}],"wp:term":[{"taxonomy":"category","embeddable":true,"href":"https:\/\/grandepremio.com\/br\/wp-json\/wp\/v2\/categories?post=118331"},{"taxonomy":"post_tag","embeddable":true,"href":"https:\/\/grandepremio.com\/br\/wp-json\/wp\/v2\/tags?post=118331"},{"taxonomy":"42wp_author","embeddable":true,"href":"https:\/\/grandepremio.com\/br\/wp-json\/wp\/v2\/42wp_author?post=118331"}],"curies":[{"name":"wp","href":"https:\/\/api.w.org\/{rel}","templated":true}]}}