{"id":118382,"date":"2021-08-25T09:16:39","date_gmt":"2021-08-25T12:16:39","guid":{"rendered":"https:\/\/grandepremio.com\/br\/noticias\/charouz-muda-escalacao-temporada-tira-enzo-fittipaldi-grid-f3\/"},"modified":"2021-08-25T09:16:44","modified_gmt":"2021-08-25T12:16:44","slug":"charouz-muda-escalacao-temporada-tira-enzo-fittipaldi-grid-f3","status":"publish","type":"post","link":"https:\/\/grandepremio.com\/br\/f3\/charouz-muda-escalacao-temporada-tira-enzo-fittipaldi-grid-f3\/","title":{"rendered":"Charouz muda escala\u00e7\u00e3o para restante da temporada e tira Enzo Fittipaldi do grid da F3"},"content":{"rendered":"\n<figure class=\"wp-block-video\"><video class=\"video-js vjs-big-play-centered\" data-gp-vjs=\"1\" controls src=\"https:\/\/www.grandepremio.com\/br\/wp-content\/uploads\/2021\/08\/MarcosGomesLeMans.mp4\"><\/video><figcaption>Marcos Gomes sofreu forte acidente nas 24 Horas de Le Mans, neste s\u00e1bado (V\u00eddeo: Le Mans)<\/figcaption><\/figure>\n\n\n\n<p class=\"wp-block-paragraph\">Quando a equipe Charouz adiantou, ainda no come\u00e7o da semana, que faria um an\u00fancio importante, n\u00e3o se sabia exatamente o que esperar. Mas n\u00e3o era mesmo o que aconteceu na manh\u00e3 desta quarta-feira (25). A equipe anunciou uma nova dupla de pilotos para o restante da temporada da F\u00f3rmula 3 e, assim, tirou Enzo Fittipaldi do grid.<\/p>\n\n\n\n<p class=\"wp-block-paragraph\"><strong>\u25b6\ufe0f\u00a0Inscreva-se nos dois canais do GRANDE PR\u00caMIO no YouTube:\u00a0<a href=\"https:\/\/www.youtube.com\/channel\/UC9OlHEgxoaY6QY6nWPoiqQg?sub_confirmation=1\" target=\"_blank\" rel=\"noreferrer noopener\">GP<\/a>\u00a0|\u00a0<a href=\"https:\/\/www.youtube.com\/channel\/UC9csiS6q_C3C0FYhyr1rnFA?sub_confirmation=1\" target=\"_blank\" rel=\"noreferrer noopener\">GP2<\/a><\/strong><\/p>\n\n\n\n<p class=\"wp-block-paragraph\">A Charouz ocupa a sexta coloca\u00e7\u00e3o no Campeonato de Equipes da F\u00f3rmula 3 e trava briga apertada com a Hitech pela quinta coloca\u00e7\u00e3o. At\u00e9 agora, contava com um trio de pilotos formado por Fittipaldi, Logan Sargeant e Reshad de Gerus ao longo das quatro primeiras etapas &#8211; e 12 corridas &#8211; da temporada.<\/p>\n\n\n\n<p class=\"wp-block-paragraph\">Fittipaldi tem 25 pontos e est\u00e1 na 14\u00aa coloca\u00e7\u00e3o do Campeonato de Pilotos ap\u00f3s pontuar em quatro oportunidades, inclusive com um p\u00f3dio &#8211; segundo lugar na corrida 2 na Hungria. Mesmo assim, perde a vaga junto ao franc\u00eas De Gerus, zerado no ano. Sargeant que \u00e9 o 13\u00ba no campeonato, mas com dez pontos mais que Fittipaldi, continua nos quadros da equipe.<\/p>\n\n\n\n<p class=\"wp-block-paragraph\">As novidades s\u00e3o Hunter Yeany, estadunidense como Sargeant e atual campe\u00e3o da F4 dos EUA, de apenas 16 anos, que assume o carro #30 de Fittipaldi, e Zden\u011bk Chovanec, piloto checo-venezuelano de 17 anos e que vai correr com licen\u00e7a portuguesa no #31 que pertencia a De Gerus.<\/p>\n\n\n\n<p class=\"wp-block-paragraph\"><strong>Conhe\u00e7a o canal do Grande Pr\u00eamio no YouTube! Clique\u00a0<a target=\"_blank\" href=\"https:\/\/youtube.com\/GrandePremioTV\" rel=\"noreferrer noopener\">aqui<\/a>.<\/strong><br><strong>Siga o Grande Pr\u00eamio no\u00a0<a target=\"_blank\" href=\"https:\/\/twitter.com\/grandepremio\" rel=\"noreferrer noopener\">Twitter\u00a0<\/a>e no\u00a0<a target=\"_blank\" href=\"https:\/\/instagram.com\/grandepremio\" rel=\"noreferrer noopener\">Instagram<\/a>!<\/strong><br><strong><a href=\"https:\/\/www.grandepremio.com\/br\/f1\/noticias\/na-garagem-michael-schumacher-estreia-na-f1-pela-jordan-no-gp-da-belgica\/\">Na Garagem<\/a>: Michael Schumacher estreia na F1 pela Jordan no GP da B\u00e9lgica<\/strong><\/p>\n\n\n\n<figure class=\"wp-block-image size-large\"><img decoding=\"async\" src=\"https:\/\/www.grandepremio.com\/br\/wp-content\/uploads\/2021\/08\/Fittipaldi-03-e1629820279933-1024x873.jpg\" alt=\"\" class=\"wp-image-496565\"\/><figcaption>Enzo Fittipaldi chegou a subir ao p\u00f3dio na \u00faltima etapa da F3 (Foto: Dutch Photo Agency)<\/figcaption><\/figure>\n\n\n\n<p class=\"wp-block-paragraph\">As mudan\u00e7as, \u00e9 importante que se digam, s\u00e3o realizadas a despeito desta ser a melhor temporada da Charouz na F\u00f3rmula 3 &#8211; nas outras duas que participou, jamais passou dos 15 pontos totais.<\/p>\n\n\n\n<p class=\"wp-block-paragraph\">&#8220;Estou feliz com nossos dois novos e promissores pilotos da equipe para a campanha da F3 em 2021. Mostramos, at\u00e9 agora, que nossos carros t\u00eam grande potencial e tenho certeza que teremos uma \u00f3tima segunda parte do ano. Claro que Spa-Francorchamps n\u00e3o \u00e9 o lugar ideal para estrear, porque \u00e9 uma das pistas mais dif\u00edceis do mundo, mas nosso papel enquanto equipe \u00e9 ajudar os pilotos a se sentirem confort\u00e1veis em todas as situa\u00e7\u00f5es&#8221;, disse o chefe da equipe, Antonin Charouz.<\/p>\n\n\n\n<p class=\"wp-block-paragraph\">&#8220;Tenho certeza que Zden\u011bk e Hunter v\u00e3o se sentir bem recebidos pela equipe e podemos contar com a experi\u00eancia de Logan para dar refer\u00eancias e ajudar nossos jovens a que atinjam um bom resultado geral&#8221;, finalizou.<\/p>\n\n\n\n<p class=\"wp-block-paragraph\">Al\u00e9m da corrida do fim de semana na B\u00e9lgica, a temporada da F3 ainda conta com rodadas triplas na Holanda e nos Estados Unidos para encerrar o campeonato.<\/p>\n\n\n\n<p class=\"wp-block-paragraph\">Quanto a Fittipaldi, o futuro por enquanto \u00e9 um mist\u00e9rio. O piloto brasileiro, entretanto, aparentou estar tranquilo nas redes sociais, onde postou foto direto da Tch\u00e9quia, onde fica a f\u00e1brica da Charouz, na ter\u00e7a-feira e desejou boa sorte aos substitutos ap\u00f3s o an\u00fancio.<\/p>\n\n\n\n<figure class=\"wp-block-embed is-type-video is-provider-youtube wp-block-embed-youtube wp-embed-aspect-16-9 wp-has-aspect-ratio\"><div class=\"wp-block-embed__wrapper\">\n<iframe loading=\"lazy\" title=\"F1 VOLTA DAS F\u00c9RIAS NA B\u00c9LGICA E CHEFE DA MERCEDES ENTRA NA MIRA DAS AUTORIDADES | Paddock GP #253\" width=\"500\" height=\"281\" src=\"https:\/\/www.youtube.com\/embed\/Xng6N-67qA8?feature=oembed\" frameborder=\"0\" allow=\"accelerometer; autoplay; clipboard-write; encrypted-media; gyroscope; picture-in-picture; web-share\" referrerpolicy=\"strict-origin-when-cross-origin\" allowfullscreen><\/iframe>\n<\/div><figcaption>F1 VOLTA DAS F\u00c9RIAS NA B\u00c9LGICA E CHEFE DA MERCEDES ENTRA NA MIRA DAS AUTORIDADES | Paddock GP #253<\/figcaption><\/figure>\n","protected":false},"excerpt":{"rendered":"<p>A equipe Charouz fez grande mudan\u00e7a no restante da temporada e trocou Enzo Fittipaldi e Reshad de Gerus por Hunter Yeany e Zden\u011bk Chovanec na F\u00f3rmula 3<\/p>\n","protected":false},"author":0,"featured_media":1000470831,"comment_status":"closed","ping_status":"closed","sticky":false,"template":"","format":"standard","meta":{"42wp_featured_image_caption":"","42wp_featured_image_credits":"","42wp_featured_video":"","42wp_featured_image_hidden":false,"42wp_authors_list":[],"footnotes":""},"categories":[10],"tags":[290,409,26641,26907,24899,108],"42wp_author":[47120],"class_list":["post-118382","post","type-post","status-publish","format-standard","has-post-thumbnail","hentry","category-f3","tag-charouz","tag-enzo-fittipaldi","tag-f3-2021","tag-formula-3-2021","tag-gp-da-belgica-2","tag-spa-francorchamps","42wp_author-pedro-henrique-marum"],"_links":{"self":[{"href":"https:\/\/grandepremio.com\/br\/wp-json\/wp\/v2\/posts\/118382","targetHints":{"allow":["GET"]}}],"collection":[{"href":"https:\/\/grandepremio.com\/br\/wp-json\/wp\/v2\/posts"}],"about":[{"href":"https:\/\/grandepremio.com\/br\/wp-json\/wp\/v2\/types\/post"}],"replies":[{"embeddable":true,"href":"https:\/\/grandepremio.com\/br\/wp-json\/wp\/v2\/comments?post=118382"}],"version-history":[{"count":0,"href":"https:\/\/grandepremio.com\/br\/wp-json\/wp\/v2\/posts\/118382\/revisions"}],"wp:featuredmedia":[{"embeddable":true,"href":"https:\/\/grandepremio.com\/br\/wp-json\/wp\/v2\/media\/1000470831"}],"wp:attachment":[{"href":"https:\/\/grandepremio.com\/br\/wp-json\/wp\/v2\/media?parent=118382"}],"wp:term":[{"taxonomy":"category","embeddable":true,"href":"https:\/\/grandepremio.com\/br\/wp-json\/wp\/v2\/categories?post=118382"},{"taxonomy":"post_tag","embeddable":true,"href":"https:\/\/grandepremio.com\/br\/wp-json\/wp\/v2\/tags?post=118382"},{"taxonomy":"42wp_author","embeddable":true,"href":"https:\/\/grandepremio.com\/br\/wp-json\/wp\/v2\/42wp_author?post=118382"}],"curies":[{"name":"wp","href":"https:\/\/api.w.org\/{rel}","templated":true}]}}