{"id":118385,"date":"2021-08-25T08:35:37","date_gmt":"2021-08-25T11:35:37","guid":{"rendered":"https:\/\/grandepremio.com\/br\/noticias\/recuperado-lesao-kaylen-frederick-testa-positivo-covid-19-segue-fora-da-formula-3\/"},"modified":"2021-08-25T08:35:42","modified_gmt":"2021-08-25T11:35:42","slug":"recuperado-lesao-kaylen-frederick-testa-positivo-covid-19-segue-fora-da-formula-3","status":"publish","type":"post","link":"https:\/\/grandepremio.com\/br\/f3\/recuperado-lesao-kaylen-frederick-testa-positivo-covid-19-segue-fora-da-formula-3\/","title":{"rendered":"Recuperado de les\u00e3o, Frederick testa positivo para Covid-19 e segue fora da F\u00f3rmula 3"},"content":{"rendered":"\n<h5 class=\"wp-block-heading\"><strong>\u25b6\ufe0f\u00a0Inscreva-se nos dois canais do GRANDE PR\u00caMIO no YouTube:\u00a0<a href=\"https:\/\/www.youtube.com\/channel\/UC9OlHEgxoaY6QY6nWPoiqQg?sub_confirmation=1\" target=\"_blank\" rel=\"noreferrer noopener\">GP<\/a>\u00a0|\u00a0<a href=\"https:\/\/www.youtube.com\/channel\/UC9csiS6q_C3C0FYhyr1rnFA?sub_confirmation=1\" target=\"_blank\" rel=\"noreferrer noopener\">GP2<\/a><\/strong><\/h5>\n\n\n\n<figure class=\"wp-block-video\"><video class=\"video-js vjs-big-play-centered\" data-gp-vjs=\"1\" controls src=\"https:\/\/www.grandepremio.com\/br\/wp-content\/uploads\/2021\/08\/F1-2021-Netflix-Michael-Schumacher.mp4\"><\/video><figcaption>Document\u00e1rio conta com o apoio da fam\u00edlia de Michael Schumacher (V\u00eddeo: Netflix)<\/figcaption><\/figure>\n\n\n\n<p class=\"wp-block-paragraph\">Kaylen Frederick vive um momento infernal na <strong><a href=\"https:\/\/www.grandepremio.com\/br\/f3\/\">F\u00f3rmula 3<\/a><\/strong>. O piloto americano, que j\u00e1 havia perdido quatro corridas por conta de uma les\u00e3o na m\u00e3o esquerda, estava ansioso para voltar ao grid em Spa-Francorchamps. Eis que um teste positivo para Covid-19 leva a uma quarentena obrigat\u00f3ria, virando aus\u00eancia na B\u00e9lgica.<\/p>\n\n\n\n<p class=\"wp-block-paragraph\">\u201cFIA, F\u00f3rmula 3 e Carlin podem confirmar que o piloto Kaylen Frederick testou positivo para Covid-19 durante os testes mandat\u00f3rios de PCR pr\u00e9-corrida\u201d, afirmou a FIA em comunicado. \u201cSeguindo os protocolos de Covid-19 e as instru\u00e7\u00f5es das autoridades de sa\u00fade p\u00fablica, ele vai seguir isolado durante o per\u00edodo exigido e, portanto, n\u00e3o vai participar das atividades do fim de semana do GP da B\u00e9lgica. Nenhum outro membro da Carlin foi afetado por esta situa\u00e7\u00e3o\u201d, seguiu.<\/p>\n\n\n\n<p class=\"wp-block-paragraph\">A FIA n\u00e3o revelou a dura\u00e7\u00e3o exata do per\u00edodo de isolamento de Frederick. Duas semanas de isolamento \u00e9 o padr\u00e3o, salvo um teste negativo durante o per\u00edodo. Ou seja, h\u00e1 risco de aus\u00eancia para o piloto da Carlin tamb\u00e9m em Zandvoort, que recebe a F3 na semana seguinte.<\/p>\n\n\n\n<p class=\"wp-block-paragraph\"><strong>Conhe\u00e7a o canal do Grande Pr\u00eamio no YouTube! Clique&nbsp;<a target=\"_blank\" href=\"https:\/\/youtube.com\/GrandePremioTV\" rel=\"noreferrer noopener\">aqui<\/a>.<\/strong><br><strong>Siga o Grande Pr\u00eamio no&nbsp;<a target=\"_blank\" href=\"https:\/\/twitter.com\/grandepremio\" rel=\"noreferrer noopener\">Twitter&nbsp;<\/a>e no&nbsp;<a target=\"_blank\" href=\"https:\/\/instagram.com\/grandepremio\" rel=\"noreferrer noopener\">Instagram<\/a>!<\/strong><\/p>\n\n\n\n<figure class=\"wp-block-image size-large\"><img decoding=\"async\" src=\"https:\/\/www.grandepremio.com\/br\/wp-content\/uploads\/2021\/08\/E5Zu0EDUUAAampa-1024x683.jpg\" alt=\"\" class=\"wp-image-502093\"\/><figcaption>Kaylen Frederick segue fora da F\u00f3rmula 3 (Foto: Reprodu\u00e7\u00e3o\/Twitter)<\/figcaption><\/figure>\n\n\n\n<p class=\"wp-block-paragraph\">\u201cEu estou de cora\u00e7\u00e3o partido\u201d, descreveu Frederick. \u201cAl\u00e9m de dolorosa, a les\u00e3o na \u00c1ustria foi um golpe duro por me impedir de correr na Hungria. Pensar em um retorno em Spa me ajudou a superar a cirurgia e a fisioterapia, tudo pensado para acelerar minha recupera\u00e7\u00e3o. Testar positivo para Covid-19 agora \u00e9 angustiante. Eu n\u00e3o me sinto mal, ent\u00e3o vou apenas ficar sentado em casa, mas vai ser terr\u00edvel ver todo mundo em Spa sem mim\u201d, lamentou.<\/p>\n\n\n\n<p class=\"wp-block-paragraph\">A les\u00e3o de Frederick foi no polegar da m\u00e3o esquerda, consequ\u00eancia de uma disputa por posi\u00e7\u00e3o com Juan Manuel Correa, que terminou com um abandono. O piloto da Carlin aproveitou as f\u00e9rias de agosto para se recuperar fisicamente ap\u00f3s passar por cirurgia.<\/p>\n\n\n\n<p class=\"wp-block-paragraph\">A Carlin confirmou que n\u00e3o ter\u00e1 um substituto para Frederick em Spa. Dessa forma, Ido Cohen e Jonny Edgar s\u00e3o os \u00fanicos representantes da escuderia nesta semana.<\/p>\n","protected":false},"excerpt":{"rendered":"<p>Kaylen Frederick se esfor\u00e7ou para superar a les\u00e3o na m\u00e3o esquerda e voltar ao grid da F3 o mais cedo poss\u00edvel. Tudo em v\u00e3o, j\u00e1 que o americano testou positivo para Covid-19 em Spa<\/p>\n","protected":false},"author":0,"featured_media":1000502092,"comment_status":"closed","ping_status":"closed","sticky":false,"template":"","format":"standard","meta":{"42wp_featured_image_caption":"","42wp_featured_image_credits":"","42wp_featured_video":"","42wp_featured_image_hidden":false,"42wp_authors_list":[],"footnotes":""},"categories":[10],"tags":[1158,24831,24858,26641,24945,25262,108],"42wp_author":[47118],"class_list":["post-118385","post","type-post","status-publish","format-standard","has-post-thumbnail","hentry","category-f3","tag-carlin","tag-coronavirus-2","tag-covid-19","tag-f3-2021","tag-formula-3-2","tag-lesao","tag-spa-francorchamps","42wp_author-vitor-fazio"],"_links":{"self":[{"href":"https:\/\/grandepremio.com\/br\/wp-json\/wp\/v2\/posts\/118385","targetHints":{"allow":["GET"]}}],"collection":[{"href":"https:\/\/grandepremio.com\/br\/wp-json\/wp\/v2\/posts"}],"about":[{"href":"https:\/\/grandepremio.com\/br\/wp-json\/wp\/v2\/types\/post"}],"replies":[{"embeddable":true,"href":"https:\/\/grandepremio.com\/br\/wp-json\/wp\/v2\/comments?post=118385"}],"version-history":[{"count":0,"href":"https:\/\/grandepremio.com\/br\/wp-json\/wp\/v2\/posts\/118385\/revisions"}],"wp:featuredmedia":[{"embeddable":true,"href":"https:\/\/grandepremio.com\/br\/wp-json\/wp\/v2\/media\/1000502092"}],"wp:attachment":[{"href":"https:\/\/grandepremio.com\/br\/wp-json\/wp\/v2\/media?parent=118385"}],"wp:term":[{"taxonomy":"category","embeddable":true,"href":"https:\/\/grandepremio.com\/br\/wp-json\/wp\/v2\/categories?post=118385"},{"taxonomy":"post_tag","embeddable":true,"href":"https:\/\/grandepremio.com\/br\/wp-json\/wp\/v2\/tags?post=118385"},{"taxonomy":"42wp_author","embeddable":true,"href":"https:\/\/grandepremio.com\/br\/wp-json\/wp\/v2\/42wp_author?post=118385"}],"curies":[{"name":"wp","href":"https:\/\/api.w.org\/{rel}","templated":true}]}}