{"id":118399,"date":"2021-08-24T11:14:13","date_gmt":"2021-08-24T14:14:13","guid":{"rendered":"https:\/\/grandepremio.com\/br\/noticias\/alphatauri-engenheiros-encontram-algo-novo-toda-semana-carro-2022\/"},"modified":"2021-08-24T11:16:14","modified_gmt":"2021-08-24T14:16:14","slug":"alphatauri-engenheiros-encontram-algo-novo-toda-semana-carro-2022","status":"publish","type":"post","link":"https:\/\/grandepremio.com\/br\/f1\/alphatauri-engenheiros-encontram-algo-novo-toda-semana-carro-2022\/","title":{"rendered":"AlphaTauri diz que engenheiros &#8220;encontram algo novo toda semana&#8221; no carro de 2022"},"content":{"rendered":"\n<figure class=\"wp-block-video\"><video class=\"video-js vjs-big-play-centered\" data-gp-vjs=\"1\" controls src=\"https:\/\/www.grandepremio.com\/br\/wp-content\/uploads\/2021\/08\/2021_08_22_LeMans_Chegada.mp4\"><\/video><figcaption>Chegada em Le Mans quase teve atropelamento (V\u00eddeo: WEC)<\/figcaption><\/figure>\n\n\n\n<p class=\"wp-block-paragraph\">A temporada 2022 trar\u00e1 algo totalmente novo para a F\u00f3rmula 1: uma realidade com carros muito diferentes dos atuais, com uma s\u00e9rie de padr\u00f5es estabelecidos para conter gastos e tudo projetado sob a realidade do teto or\u00e7ament\u00e1rio. De acordo com o chefe da AlphaTauri, Franz Tost, por\u00e9m, os engenheiros respons\u00e1veis pelo novo carro n\u00e3o param de encontrar novidades.<\/p>\n\n\n\n<p class=\"wp-block-paragraph\"><strong>Conhe\u00e7a o canal do Grande Pr\u00eamio no YouTube! Clique\u00a0<a target=\"_blank\" href=\"https:\/\/youtube.com\/GrandePremioTV\" rel=\"noreferrer noopener\">aqui<\/a>.<\/strong><br><strong>Siga o Grande Pr\u00eamio no\u00a0<a target=\"_blank\" href=\"https:\/\/twitter.com\/grandepremio\" rel=\"noreferrer noopener\">Twitter\u00a0<\/a>e no\u00a0<a target=\"_blank\" href=\"https:\/\/instagram.com\/grandepremio\" rel=\"noreferrer noopener\">Instagram<\/a>!<\/strong><br><strong><a href=\"https:\/\/www.grandepremio.com\/br\/f1\/noticias\/foco-2022-mercedes-confirma-fim-desenvolvimento-w12\/\">Com foco voltado para 2022<\/a>, Mercedes confirma fim de desenvolvimento do W12<\/strong><\/p>\n\n\n\n<p class=\"wp-block-paragraph\">Com a ideia voltada a proteger o lado financeiro do neg\u00f3cio, a F\u00f3rmula 1 acabou criando um conjunto de regras que impossibilitam grandes diferen\u00e7as de conceitos em certas \u00e1reas dos carros. Segundo Tost, as distin\u00e7\u00f5es ser\u00e3o em partes de mais dif\u00edcil observa\u00e7\u00e3o a olho nu.<\/p>\n\n\n\n<p class=\"wp-block-paragraph\">&#8220;O departamento de aerodin\u00e2mica est\u00e1 trabalhando muito duro neste assunto. Claro que est\u00e3o encontrando algo novo a cada semana&#8221;, afirmou.<\/p>\n\n\n\n<figure class=\"wp-block-image size-large\"><img decoding=\"async\" src=\"https:\/\/www.grandepremio.com\/br\/wp-content\/uploads\/2021\/01\/SI202002150309_hires_jpeg_24bit_rgb-1024x683.jpg\" alt=\"\" class=\"wp-image-446555\"\/><figcaption>Franz Tost, chefe da AlphaTauri (Foto: Red Bull Content Pool)<\/figcaption><\/figure>\n\n\n\n<figure class=\"wp-block-embed is-type-rich is-provider-spotify wp-block-embed-spotify wp-embed-aspect-21-9 wp-has-aspect-ratio\"><div class=\"wp-block-embed__wrapper\">\n<iframe title=\"Spotify Embed: Paddockast #117: O ca\u00f3tico GP da Hungria foi uma pr\u00e9via da F1 2022?\" style=\"border-radius: 12px\" width=\"100%\" height=\"152\" frameborder=\"0\" allowfullscreen allow=\"autoplay; clipboard-write; encrypted-media; fullscreen; picture-in-picture\" loading=\"lazy\" src=\"https:\/\/open.spotify.com\/embed\/episode\/0Zx8BX6K5V9JPHRcHvHFBj?utm_source=oembed\"><\/iframe>\n<\/div><figcaption>Paddockast #117: O ca\u00f3tico GP da Hungria foi uma pr\u00e9via da F1 2022?<\/figcaption><\/figure>\n\n\n\n<p class=\"wp-block-paragraph\">&#8220;O qu\u00e3o semelhante os carros v\u00e3o parecer [visualmente], eu n\u00e3o sei, mas tenho certeza que todos ser\u00e3o parecidos, porque as regras n\u00e3o permitem solu\u00e7\u00f5es muito diferentes. [As diferen\u00e7as] est\u00e3o mais nos detalhes. N\u00e3o vai ser a apar\u00eancia do carro [que vai diferenciar as equipes], mas os detalhes do assoalho, o difusor, as partes aerodin\u00e2micas&#8221;, explicou.<\/p>\n\n\n\n<p class=\"wp-block-paragraph\">&#8220;O trabalho que o pessoal da aerodin\u00e2mica est\u00e1 fazendo agora \u00e9 o de experimentar no t\u00fanel de vento e no CFD [din\u00e2mica de fluido computadorizado, na sigla em ingl\u00eas]. Depois, veremos onde vamos terminar&#8221;, seguiu.<\/p>\n\n\n\n<p class=\"wp-block-paragraph\"><strong>\u25b6\ufe0f\u00a0Inscreva-se nos dois canais do GRANDE PR\u00caMIO no YouTube:\u00a0<a href=\"https:\/\/www.youtube.com\/channel\/UC9OlHEgxoaY6QY6nWPoiqQg?sub_confirmation=1\" target=\"_blank\" rel=\"noreferrer noopener\">GP<\/a>\u00a0|\u00a0<a href=\"https:\/\/www.youtube.com\/channel\/UC9csiS6q_C3C0FYhyr1rnFA?sub_confirmation=1\" target=\"_blank\" rel=\"noreferrer noopener\">GP2<\/a><\/strong><\/p>\n\n\n\n<p class=\"wp-block-paragraph\">O chefe da AlphaTauri mostrou que n\u00e3o \u00e9 grande f\u00e3 da padroniza\u00e7\u00e3o das coisas.<\/p>\n\n\n\n<p class=\"wp-block-paragraph\">&#8220;S\u00e3o muitos engenheiros espertos estudando as regras, \u00e9 completamente novo para todo mundo. N\u00e3o ficaria surpreso se os engenheiros n\u00e3o encontrarem uma brecha. S\u00f3 espero que sejam os nossos [que encontrem]&#8221;, finalizou.<\/p>\n\n\n\n<p class=\"wp-block-paragraph\">A F\u00f3rmula 1 volta neste fim de semana, na B\u00e9lgica, direto de Spa-Francorchamps.<\/p>\n\n\n\n<figure class=\"wp-block-embed is-type-video is-provider-youtube wp-block-embed-youtube wp-embed-aspect-16-9 wp-has-aspect-ratio\"><div class=\"wp-block-embed__wrapper\">\n<iframe loading=\"lazy\" title=\"F1 VOLTA DAS F\u00c9RIAS NA B\u00c9LGICA E CHEFE DA MERCEDES ENTRA NA MIRA DAS AUTORIDADES | Paddock GP #253\" width=\"500\" height=\"281\" src=\"https:\/\/www.youtube.com\/embed\/Xng6N-67qA8?feature=oembed\" frameborder=\"0\" allow=\"accelerometer; autoplay; clipboard-write; encrypted-media; gyroscope; picture-in-picture; web-share\" referrerpolicy=\"strict-origin-when-cross-origin\" allowfullscreen><\/iframe>\n<\/div><figcaption>F1 VOLTA DAS F\u00c9RIAS NA B\u00c9LGICA E CHEFE DA MERCEDES ENTRA NA MIRA DAS AUTORIDADES | Paddock GP #253<\/figcaption><\/figure>\n","protected":false},"excerpt":{"rendered":"<p>Franz Tost, chefe da AlphaTauri, afirmou que os engenheiros seguem descobrindo formas de melhorar os carros de 2022 mesmo com amarras<\/p>\n","protected":false},"author":0,"featured_media":1000492736,"comment_status":"closed","ping_status":"closed","sticky":false,"template":"","format":"standard","meta":{"42wp_featured_image_caption":"","42wp_featured_image_credits":"","42wp_featured_video":"","42wp_featured_image_hidden":false,"42wp_authors_list":[],"footnotes":""},"categories":[2],"tags":[524,156,25536,525,24836,28285,752],"42wp_author":[47120],"class_list":["post-118399","post","type-post","status-publish","format-standard","has-post-thumbnail","hentry","category-f1","tag-alphatauri","tag-f1-2021","tag-formula-1-2021-2","tag-franz-tost","tag-grande-premio-2","tag-grandepremio","tag-novas-regras","42wp_author-pedro-henrique-marum"],"_links":{"self":[{"href":"https:\/\/grandepremio.com\/br\/wp-json\/wp\/v2\/posts\/118399","targetHints":{"allow":["GET"]}}],"collection":[{"href":"https:\/\/grandepremio.com\/br\/wp-json\/wp\/v2\/posts"}],"about":[{"href":"https:\/\/grandepremio.com\/br\/wp-json\/wp\/v2\/types\/post"}],"replies":[{"embeddable":true,"href":"https:\/\/grandepremio.com\/br\/wp-json\/wp\/v2\/comments?post=118399"}],"version-history":[{"count":0,"href":"https:\/\/grandepremio.com\/br\/wp-json\/wp\/v2\/posts\/118399\/revisions"}],"wp:featuredmedia":[{"embeddable":true,"href":"https:\/\/grandepremio.com\/br\/wp-json\/wp\/v2\/media\/1000492736"}],"wp:attachment":[{"href":"https:\/\/grandepremio.com\/br\/wp-json\/wp\/v2\/media?parent=118399"}],"wp:term":[{"taxonomy":"category","embeddable":true,"href":"https:\/\/grandepremio.com\/br\/wp-json\/wp\/v2\/categories?post=118399"},{"taxonomy":"post_tag","embeddable":true,"href":"https:\/\/grandepremio.com\/br\/wp-json\/wp\/v2\/tags?post=118399"},{"taxonomy":"42wp_author","embeddable":true,"href":"https:\/\/grandepremio.com\/br\/wp-json\/wp\/v2\/42wp_author?post=118399"}],"curies":[{"name":"wp","href":"https:\/\/api.w.org\/{rel}","templated":true}]}}