{"id":118486,"date":"2021-08-20T05:00:00","date_gmt":"2021-08-20T08:00:00","guid":{"rendered":"https:\/\/grandepremio.com\/br\/noticias\/cofundador-head-aprova-nova-gestao-da-williams-precisavam-de-uma-lideranca-melhor\/"},"modified":"2021-08-19T21:01:13","modified_gmt":"2021-08-20T00:01:13","slug":"cofundador-head-aprova-nova-gestao-da-williams-precisavam-de-uma-lideranca-melhor","status":"publish","type":"post","link":"https:\/\/grandepremio.com\/br\/f1\/cofundador-head-aprova-nova-gestao-da-williams-precisavam-de-uma-lideranca-melhor\/","title":{"rendered":"Cofundador, Head aprova gest\u00e3o da Williams: &#8220;Precisavam de uma lideran\u00e7a melhor&#8221;"},"content":{"rendered":"\n<p class=\"wp-block-paragraph\">\u25b6\ufe0f&nbsp;<strong>Inscreva-se nos dois canais do GRANDE PR\u00caMIO no YouTube<\/strong>:&nbsp;<a href=\"https:\/\/www.youtube.com\/channel\/UC9OlHEgxoaY6QY6nWPoiqQg?sub_confirmation=1\" target=\"_blank\" rel=\"noreferrer noopener\">GP<\/a>&nbsp;|&nbsp;<a href=\"https:\/\/www.youtube.com\/channel\/UC9csiS6q_C3C0FYhyr1rnFA?sub_confirmation=1\" target=\"_blank\" rel=\"noreferrer noopener\">GP2<\/a><\/p>\n\n\n\n<figure class=\"wp-block-video\"><video class=\"video-js vjs-big-play-centered\" data-gp-vjs=\"1\" controls src=\"https:\/\/www.grandepremio.com\/br\/wp-content\/uploads\/l-videos\/\u00c9 LOUCURA MCLAREN PENSAR EM DEMITIR RICCIARDO AP\u00d3S F1 2021_ _ GP \u00e0s 10.mp4\"><\/video><figcaption>Pedro Henrique Marum refletiu sobre o 2021 de Daniel Ricciardo no GP \u00e0s 10<\/figcaption><\/figure>\n\n\n\n<p class=\"wp-block-paragraph\">Patrick Head, cofundador e ex-projetista da Williams, declarou que aprova a nova dire\u00e7\u00e3o da tradicional equipe, comandada agora por Jost Capito, e que est\u00e1 satisfeito em ver o retorno <a href=\"https:\/\/www.grandepremio.com\/br\/f1\/noticias\/williams-deixa-rabeira-pontua-ate-nicholas-latifi-mas-prepara-adeus-george-russell\/\">gradativo do bom desempenho.<\/a><\/p>\n\n\n\n<p class=\"wp-block-paragraph\">Em entrevista ao podcast Beyond the Grid, Head, que deixou a equipe no fim de 2011, lembrou da \u00e9poca vencedora da Williams e lamentou o fato de a esquadra ter frequentado a rabeira da F\u00f3rmula 1 nos \u00faltimos anos. \u201cEstive envolvido com a Williams durante uns 35,40 anos, muitos dos quais est\u00e1vamos vencendo corridas. Devo salientar que nem todos os anos que estive envolvido \u00e9ramos vencedores, mas a maioria, sim. Por isso, \u00e9 um pouco triste v\u00ea-los com um desempenho fraco nos \u00faltimos dez anos. Fico muito satisfeito em ver o retorno da equipe\u201d, afirmou o brit\u00e2nico. <br><br>&#8220;Acho que o Jost [Capito] e as pessoas que ele trouxe, n\u00e3o que n\u00e3o houvesse boas pessoas antes, mas elas precisavam de uma lideran\u00e7a melhor, algo que t\u00eam agora&#8221;, completou.<\/p>\n\n\n\n<p class=\"wp-block-paragraph\"><strong>Conhe\u00e7a o canal do Grande Pr\u00eamio no YouTube! Clique&nbsp;<a target=\"_blank\" href=\"https:\/\/youtube.com\/GrandePremioTV\" rel=\"noreferrer noopener\">aqui<\/a>.<br>Siga o Grande Pr\u00eamio no&nbsp;<a target=\"_blank\" href=\"https:\/\/twitter.com\/grandepremio\" rel=\"noreferrer noopener\">Twitter&nbsp;<\/a>e no&nbsp;<a target=\"_blank\" href=\"https:\/\/instagram.com\/grandepremio\" rel=\"noreferrer noopener\">Instagram<\/a>!<\/strong><\/p>\n\n\n\n<figure class=\"wp-block-image size-large\"><img decoding=\"async\" src=\"https:\/\/www.grandepremio.com\/br\/wp-content\/uploads\/2021\/08\/E7uKNQCXsAEFbVj-1024x683.jpg\" alt=\"NICHOLAS LATIFI; GEORGE RUSSELL; WILLIAMS; GP DA HUNGRIA;\" class=\"wp-image-496000\"\/><figcaption>A Williams vive em 2021 o nascer de uma perspectiva mais otimista e de bons tempos na F1 (Foto: Williams)<\/figcaption><\/figure>\n\n\n\n<p class=\"wp-block-paragraph\">Ainda com o desempenho da equipe em an\u00e1lise, Head citou a ida da Williams aos pontos no GP da Hungria, mas manteve os p\u00e9s no ch\u00e3o e lembrou as circunst\u00e2ncias que envolveram o feito. Por fim, o ex-s\u00f3cio de Frank Williams revelou que mant\u00e9m contato com Capito, mas que n\u00e3o d\u00e1 nenhum conselho para o atual dirigente.<\/p>\n\n\n\n<p class=\"wp-block-paragraph\">\u201c\u00c9 \u00f3bvio que eles foram beneficiados pelo acidente no pelot\u00e3o da frente, na primeira curva. Ent\u00e3o, ainda n\u00e3o foi tudo na conta do m\u00e9rito deles. Eles t\u00eam um longo caminho a percorrer antes de voltar ao topo. Mas acho que as pessoas l\u00e1 s\u00e3o boas, h\u00e1 determina\u00e7\u00e3o. N\u00e3o sei muito sobre as finan\u00e7as, mas creio que est\u00e1 tudo sob ordem\u201d, analisou.<\/p>\n\n\n\n<p class=\"wp-block-paragraph\">\u201cEu n\u00e3o gasto um tempo absurdo acompanhando F\u00f3rmula 1, mas mantenho contato com Jost, que conhe\u00e7o h\u00e1 muito tempo. N\u00e3o tenho nenhuma ideia para dar a eles para desenvolver o carro ou algo assim, mas mantenho contato\u201d, concluiu Head.<\/p>\n\n\n\n<p class=\"wp-block-paragraph\">Em agosto de 2020, a Williams foi vencida para a investidora norte-americana Dorilton Capital, que trouxe seguran\u00e7a com o necess\u00e1rio combust\u00edvel financeiro e contratou Jost Capito, dirigente de enorme experi\u00eancia no WRC e na pr\u00f3pria F\u00f3rmula 1, para assumir como CEO e, depois, como chefe de equipe ao substituir Simon Robertson.<\/p>\n\n\n\n<p class=\"wp-block-paragraph\">Sob a batuta do alem\u00e3o, que foi at\u00e9 campe\u00e3o do Dakar nos caminh\u00f5es em 1985, a Williams trabalha nos bastidores para, passo a passo, se reconstruir.<\/p>\n\n\n\n<figure class=\"wp-block-embed is-type-video is-provider-youtube wp-block-embed-youtube wp-embed-aspect-16-9 wp-has-aspect-ratio\"><div class=\"wp-block-embed__wrapper\">\n<iframe loading=\"lazy\" title=\"RED BULL VAI SACAR P\u00c9REZ? MERCEDES VAI MESMO TIRAR BOTTAS? | GP \u00e0s 10\" width=\"500\" height=\"281\" src=\"https:\/\/www.youtube.com\/embed\/WF-GDIw-A7Y?feature=oembed\" frameborder=\"0\" allow=\"accelerometer; autoplay; clipboard-write; encrypted-media; gyroscope; picture-in-picture; web-share\" referrerpolicy=\"strict-origin-when-cross-origin\" allowfullscreen><\/iframe>\n<\/div><\/figure>\n","protected":false},"excerpt":{"rendered":"<p>Patrick Head, cofundador da Williams, fez uma an\u00e1lise do momento vivido pela equipe e se disse feliz  pelos avan\u00e7os alcan\u00e7ados em 2021 <\/p>\n","protected":false},"author":0,"featured_media":0,"comment_status":"closed","ping_status":"closed","sticky":false,"template":"","format":"standard","meta":{"42wp_featured_image_caption":"","42wp_featured_image_credits":"","42wp_featured_video":"","42wp_featured_image_hidden":false,"42wp_authors_list":[],"footnotes":""},"categories":[2],"tags":[24837,25536,14195,215],"42wp_author":[47138],"class_list":["post-118486","post","type-post","status-publish","format-standard","hentry","category-f1","tag-formula-1-2","tag-formula-1-2021-2","tag-jost-capito","tag-williams","42wp_author-lucascouto"],"_links":{"self":[{"href":"https:\/\/grandepremio.com\/br\/wp-json\/wp\/v2\/posts\/118486","targetHints":{"allow":["GET"]}}],"collection":[{"href":"https:\/\/grandepremio.com\/br\/wp-json\/wp\/v2\/posts"}],"about":[{"href":"https:\/\/grandepremio.com\/br\/wp-json\/wp\/v2\/types\/post"}],"replies":[{"embeddable":true,"href":"https:\/\/grandepremio.com\/br\/wp-json\/wp\/v2\/comments?post=118486"}],"version-history":[{"count":0,"href":"https:\/\/grandepremio.com\/br\/wp-json\/wp\/v2\/posts\/118486\/revisions"}],"wp:attachment":[{"href":"https:\/\/grandepremio.com\/br\/wp-json\/wp\/v2\/media?parent=118486"}],"wp:term":[{"taxonomy":"category","embeddable":true,"href":"https:\/\/grandepremio.com\/br\/wp-json\/wp\/v2\/categories?post=118486"},{"taxonomy":"post_tag","embeddable":true,"href":"https:\/\/grandepremio.com\/br\/wp-json\/wp\/v2\/tags?post=118486"},{"taxonomy":"42wp_author","embeddable":true,"href":"https:\/\/grandepremio.com\/br\/wp-json\/wp\/v2\/42wp_author?post=118486"}],"curies":[{"name":"wp","href":"https:\/\/api.w.org\/{rel}","templated":true}]}}