{"id":118491,"date":"2021-08-19T22:00:00","date_gmt":"2021-08-20T01:00:00","guid":{"rendered":"https:\/\/grandepremio.com\/br\/noticias\/gp-as-10-austria-previa-emocionante-tour-despedida-valentino-rossi-motogp\/"},"modified":"2021-08-19T16:12:23","modified_gmt":"2021-08-19T19:12:23","slug":"gp-as-10-austria-previa-emocionante-tour-despedida-valentino-rossi-motogp","status":"publish","type":"post","link":"https:\/\/grandepremio.com\/br\/motogp\/gp-as-10-austria-previa-emocionante-tour-despedida-valentino-rossi-motogp\/","title":{"rendered":"GP \u00e0s 10: \u00c1ustria d\u00e1 pr\u00e9via de emocionante &#8216;tour da despedida&#8217; de Rossi da MotoGP"},"content":{"rendered":"\n<p class=\"wp-block-paragraph\">Valentino Rossi est\u00e1 de sa\u00edda da MotoGP no fim de 2021. Depois de fazer hist\u00f3ria na categoria e se colocar entre os maiores de todos os tempos, o piloto italiano se prepara para receber diversas homenagens nas \u00faltimas sete etapas da temporada. Na \u00c1ustria, j\u00e1 teve um aperitivo. \u00c9 o assunto que Pedro Luis Cuenca comenta no GP \u00e0s 10 de hoje. ASSISTA!<\/p>\n\n\n\n<figure class=\"wp-block-embed is-type-video is-provider-youtube wp-block-embed-youtube wp-embed-aspect-16-9 wp-has-aspect-ratio\"><div class=\"wp-block-embed__wrapper\">\n<iframe loading=\"lazy\" title=\"ADEUS, ROSSI: MOTOGP INICIA SEQU\u00caNCIA DE HOMENAGENS PARA VALENTINO EM 2021 | GP \u00e0s 10\" width=\"500\" height=\"281\" src=\"https:\/\/www.youtube.com\/embed\/Dc6ArwC7ICU?feature=oembed\" frameborder=\"0\" allow=\"accelerometer; autoplay; clipboard-write; encrypted-media; gyroscope; picture-in-picture; web-share\" referrerpolicy=\"strict-origin-when-cross-origin\" allowfullscreen><\/iframe>\n<\/div><\/figure>\n\n\n\n<p class=\"wp-block-paragraph\"><strong>Conhe\u00e7a o canal do Grande Pr\u00eamio no YouTube! Clique\u00a0<a target=\"_blank\" href=\"https:\/\/youtube.com\/GrandePremioTV\" rel=\"noreferrer noopener\">aqui<\/a>.<\/strong><br><strong>Siga o Grande Pr\u00eamio no\u00a0<a target=\"_blank\" href=\"https:\/\/twitter.com\/grandepremio\" rel=\"noreferrer noopener\">Twitter\u00a0<\/a>e no\u00a0<a target=\"_blank\" href=\"https:\/\/instagram.com\/grandepremio\" rel=\"noreferrer noopener\">Instagram<\/a>!<\/strong><\/p>\n","protected":false},"excerpt":{"rendered":"<p>Valentino Rossi vai deixar a MotoGP no fim da temporada 2021. Nas pr\u00f3ximas sete corridas, emocionantes homenagens s\u00e3o esperadas no paddock, sendo que o show j\u00e1 come\u00e7ou no GP da \u00c1ustria<\/p>\n","protected":false},"author":0,"featured_media":1000501127,"comment_status":"closed","ping_status":"closed","sticky":false,"template":"","format":"standard","meta":{"42wp_featured_image_caption":"","42wp_featured_image_credits":"","42wp_featured_video":"","42wp_featured_image_hidden":false,"42wp_authors_list":[],"footnotes":""},"categories":[8],"tags":[299,27212,24854,26496,27000,1987,2121,79,78,490,24850,25819,26690,80,172],"42wp_author":[47135],"class_list":["post-118491","post","type-post","status-publish","format-standard","has-post-thumbnail","hentry","category-motogp","tag-aposentadoria","tag-calendario-motogp-2021","tag-classificacao-motogp-2","tag-classificacao-motogp-2020","tag-classificacao-motogp-2021","tag-despedida","tag-homenagens","tag-moto-gp","tag-motogp","tag-motogp-2021","tag-motogp-fox-sports","tag-motogp-hoje","tag-pilotos-motogp","tag-valentino-rossi","tag-yamaha","42wp_author-pedro-luis-cuenca"],"_links":{"self":[{"href":"https:\/\/grandepremio.com\/br\/wp-json\/wp\/v2\/posts\/118491","targetHints":{"allow":["GET"]}}],"collection":[{"href":"https:\/\/grandepremio.com\/br\/wp-json\/wp\/v2\/posts"}],"about":[{"href":"https:\/\/grandepremio.com\/br\/wp-json\/wp\/v2\/types\/post"}],"replies":[{"embeddable":true,"href":"https:\/\/grandepremio.com\/br\/wp-json\/wp\/v2\/comments?post=118491"}],"version-history":[{"count":0,"href":"https:\/\/grandepremio.com\/br\/wp-json\/wp\/v2\/posts\/118491\/revisions"}],"wp:featuredmedia":[{"embeddable":true,"href":"https:\/\/grandepremio.com\/br\/wp-json\/wp\/v2\/media\/1000501127"}],"wp:attachment":[{"href":"https:\/\/grandepremio.com\/br\/wp-json\/wp\/v2\/media?parent=118491"}],"wp:term":[{"taxonomy":"category","embeddable":true,"href":"https:\/\/grandepremio.com\/br\/wp-json\/wp\/v2\/categories?post=118491"},{"taxonomy":"post_tag","embeddable":true,"href":"https:\/\/grandepremio.com\/br\/wp-json\/wp\/v2\/tags?post=118491"},{"taxonomy":"42wp_author","embeddable":true,"href":"https:\/\/grandepremio.com\/br\/wp-json\/wp\/v2\/42wp_author?post=118491"}],"curies":[{"name":"wp","href":"https:\/\/api.w.org\/{rel}","templated":true}]}}