{"id":118530,"date":"2021-08-18T06:26:42","date_gmt":"2021-08-18T09:26:42","guid":{"rendered":"https:\/\/grandepremio.com\/br\/noticias\/f1-anuncia-decisao-governo-cancela-gp-japao-alta-casos-covid-19\/"},"modified":"2021-08-18T07:15:20","modified_gmt":"2021-08-18T10:15:20","slug":"f1-anuncia-decisao-governo-cancela-gp-japao-alta-casos-covid-19","status":"publish","type":"post","link":"https:\/\/grandepremio.com\/br\/f1\/f1-anuncia-decisao-governo-cancela-gp-japao-alta-casos-covid-19\/","title":{"rendered":"F1 anuncia decis\u00e3o do governo e cancela GP do Jap\u00e3o por alta nos casos de Covid-19"},"content":{"rendered":"\n<figure class=\"wp-block-embed is-type-video is-provider-youtube wp-block-embed-youtube wp-embed-aspect-16-9 wp-has-aspect-ratio\"><div class=\"wp-block-embed__wrapper\">\n<iframe loading=\"lazy\" title=\"RETROSPECTIVA ALFA ROMEO F1 2021: SABOR DE DECEP\u00c7\u00c3O E OLHO NO FUTURO\" width=\"500\" height=\"281\" src=\"https:\/\/www.youtube.com\/embed\/-xAf9gQU3VU?feature=oembed\" frameborder=\"0\" allow=\"accelerometer; autoplay; clipboard-write; encrypted-media; gyroscope; picture-in-picture; web-share\" referrerpolicy=\"strict-origin-when-cross-origin\" allowfullscreen><\/iframe>\n<\/div><\/figure>\n\n\n\n<p class=\"wp-block-paragraph\">A F1 anunciou nesta quarta-feira (18) o cancelamento do GP do Jap\u00e3o deste ano. A mudan\u00e7a \u00e9 resultado de uma decis\u00e3o do governo local, que preferiu barrar a disputa prevista para 10 de outubro por causa do aumento nos casos de Covid-19.<\/p>\n\n\n\n<p class=\"wp-block-paragraph\">A prova em Suzuki formava uma trinca no <a href=\"https:\/\/www.grandepremio.com\/br\/f1\/calendario\/\" target=\"_blank\" rel=\"noreferrer noopener\">calend\u00e1rio da F\u00f3rmula 1<\/a> com os GPs da R\u00fassia e da Turquia. O Mundial ainda n\u00e3o encaixou uma prova substituta, mas est\u00e1 revisando o calend\u00e1rio e se disse \u201cempolgado com o n\u00edvel de interesse de outras localidades de receber eventos\u201d.<\/p>\n\n\n\n<figure class=\"wp-block-image size-large\"><img decoding=\"async\" src=\"https:\/\/www.grandepremio.com\/br\/wp-content\/uploads\/2019\/10\/2019101026190_SuzukaCircuit_DMa.jpg\" alt=\"\" class=\"wp-image-358176\"\/><figcaption>Suzuka receberia o GP do Jap\u00e3o de F1 em 10 de outubro (Foto: Suzuka Circuit)<\/figcaption><\/figure>\n\n\n\n<p class=\"wp-block-paragraph\"><strong>Conhe\u00e7a o canal do Grande Pr\u00eamio no YouTube! Clique\u00a0<a target=\"_blank\" href=\"https:\/\/youtube.com\/GrandePremioTV\" rel=\"noreferrer noopener\">aqui<\/a>.<\/strong><br><strong>Siga o Grande Pr\u00eamio no\u00a0<a target=\"_blank\" href=\"https:\/\/twitter.com\/grandepremio\" rel=\"noreferrer noopener\">Twitter\u00a0<\/a>e no\u00a0<a target=\"_blank\" href=\"https:\/\/instagram.com\/grandepremio\" rel=\"noreferrer noopener\">Instagram<\/a>!<\/strong><\/p>\n\n\n\n<p class=\"wp-block-paragraph\">A F1 tinha sugerido restri\u00e7\u00f5es especiais para poder realizar o GP do Jap\u00e3o, incluindo o uso obrigat\u00f3rio de um voo charter para levar todo o pessoal de Istambul para o pa\u00eds, al\u00e9m de testes, deslocamentos apenas entre o hotel e o circuito, barrando sa\u00eddas e at\u00e9 mesmo com a alimenta\u00e7\u00e3o permitida apenas no aut\u00f3dromo de Suzuka.<\/p>\n\n\n\n<p class=\"wp-block-paragraph\">A decis\u00e3o em rela\u00e7\u00e3o ao destino da prova n\u00e3o chega como surpresa, j\u00e1 que era aguardada para agosto, ap\u00f3s a revis\u00e3o dos dados dos Jogos Ol\u00edmpicos realizados em T\u00f3quio. Al\u00e9m disso, a <a href=\"https:\/\/www.grandepremio.com\/br\/motogp\/noticias\/motogp-remarca-gp-americas-cancela-corrida-japao-adia-etapa-tailandia\/\" target=\"_blank\" rel=\"noreferrer noopener\">MotoGP j\u00e1 tinha cancelado a passagem por Motegi<\/a> e o <a href=\"https:\/\/www.grandepremio.com\/br\/endurance\/noticias\/pandemia-cancela-6-horas-de-fuji-e-poe-em-xeque-gp-do-japao-de-formula-1\/\" target=\"_blank\" rel=\"noreferrer noopener\">Mundial de Endurance tamb\u00e9m desmarcou as 6 Horas de Fuji<\/a> em 2021.<\/p>\n\n\n\n<p class=\"wp-block-paragraph\">De acordo com dados da OMS (Organiza\u00e7\u00e3o Mundial da Sa\u00fade), o Jap\u00e3o teve uma alta de casos de Covid-19 em agosto e hoje registra um total de 1.159.945 casos, com 15.431 mortes. Foram 15.399 novos casos em 24 horas, com o acr\u00e9scimo de 23 mortes ao n\u00famero total.<\/p>\n\n\n\n<p class=\"wp-block-paragraph\">\u201cDepois de discuss\u00f5es com o promotor e as autoridades no Jap\u00e3o, a decis\u00e3o foi tomada pelo governo do Jap\u00e3o de cancelar a corrida desta temporada por causa das complexidades na pandemia de Covid-19 no pa\u00eds\u201d, anunciou a F1 em um comunicado. \u201cA F\u00f3rmula 1 agora est\u00e1 trabalhando nos detalhes de um calend\u00e1rio revisado e vai anunciar os \u00faltimos detalhes nas pr\u00f3ximas semanas\u201d, seguiu.<\/p>\n\n\n\n<p class=\"wp-block-paragraph\">\u201cA F1 provou neste ano, e em 2020, que n\u00f3s podemos nos adaptar e encontrar solu\u00e7\u00f5es para as atuais incertezas e est\u00e1 empolgada com o n\u00edvel de interesse de outras localidades de receber eventos da F\u00f3rmula 1 este ano e al\u00e9m\u201d, destacou.<\/p>\n\n\n\n<p class=\"wp-block-paragraph\">De partida da F1, a Honda tamb\u00e9m emitiu um comunicado para lamentar a aus\u00eancia de Suzuka na programa\u00e7\u00e3o deste ano.<\/p>\n\n\n\n<p class=\"wp-block-paragraph\">\u201cComo Honda, estamos particularmente desapontados, pois este \u00e9 o \u00faltimo ano do nosso projeto na F\u00f3rmula 1 e sabemos que muitos f\u00e3s estavam ansiosos para comparecer ao evento\u201d, declarou a fornecedora dos motores de Red Bull e AlphaTauri. \u201cA temporada 2021 caminha para um empolgante cl\u00edmax e vamos dar tudo de n\u00f3s, lutando firmemente para alcan\u00e7ar nossa meta de vencer o campeonato j\u00e1 que o projeto da Honda na F\u00f3rmula 1 chega ao fim e esperamos que nossos f\u00e3s continuem a nos apoiar\u201d, completou.<\/p>\n\n\n\n<p class=\"wp-block-paragraph\">A fase final do calend\u00e1rio da F1 ainda tem uma s\u00e9rie de problemas. Turquia, M\u00e9xico e Brasil, por exemplo, ainda est\u00e3o na lista vermelha do Reino Unido, o que significa que todos que visitarem esses pa\u00edses t\u00eam de fazer dez dias de quarentena em um hotel aprovado pelo governo, o que dificulta a programa\u00e7\u00e3o. E a F\u00f3rmula 1 n\u00e3o recebeu uma exce\u00e7\u00e3o do governo.<\/p>\n\n\n\n<p class=\"wp-block-paragraph\">O GP de S\u00e3o Paulo, por\u00e9m, j\u00e1 foi confirmado do governo estadual, com o <a href=\"https:\/\/www.grandepremio.com\/br\/f1\/noticias\/gp-de-sao-paulo-abre-novo-lote-ingressos-espera-100-capacidade-de-interlagos\/\" target=\"_blank\" rel=\"noreferrer noopener\">governador Jo\u00e3o Doria (PSDB) inclusive revelando planos de vender 100% dos ingressos para Interlagos<\/a>. A etapa da F1 \u00e9 encarada como um evento teste para a retomada das atividades.<\/p>\n\n\n\n<p class=\"wp-block-paragraph\">Al\u00e9m disso, a situa\u00e7\u00e3o dos Estados Unidos tamb\u00e9m n\u00e3o \u00e9 confort\u00e1vel. Embora o pa\u00eds n\u00e3o esteja listado como alerta pelos brit\u00e2nicos, o Texas vive um momento de alta. Segundo dados do Departamento de Sa\u00fade P\u00fablica do estado, restam apenas tr\u00eas leitos de UTI dispon\u00edveis em Austin nesta quarta-feira.<\/p>\n\n\n\n<p class=\"wp-block-paragraph\">O Mundial ainda trabalha em alternativas para esta reta final da temporada 2021. O <a href=\"https:\/\/www.grandepremio.com\/br\/f1\/noticias\/como-volkswagen-gratidao-podem-levar-f1-no-catar-ainda-em-2021\/\" target=\"_blank\" rel=\"noreferrer noopener\">Catar \u00e9 uma possibilidade<\/a>, assim como uma segunda corrida no Bahrein.<\/p>\n\n\n\n<figure class=\"wp-block-embed is-type-video is-provider-youtube wp-block-embed-youtube wp-embed-aspect-16-9 wp-has-aspect-ratio\"><div class=\"wp-block-embed__wrapper\">\n<iframe loading=\"lazy\" title=\"F1 NO BRASIL COM LOTA\u00c7\u00c3O M\u00c1XIMA + CUTUCADAS DA RED BULL N\u00c3O TIRAM F\u00c9RIAS | Paddock GP #252\" width=\"500\" height=\"281\" src=\"https:\/\/www.youtube.com\/embed\/ZMs73OWnG70?feature=oembed\" frameborder=\"0\" allow=\"accelerometer; autoplay; clipboard-write; encrypted-media; gyroscope; picture-in-picture; web-share\" referrerpolicy=\"strict-origin-when-cross-origin\" allowfullscreen><\/iframe>\n<\/div><\/figure>\n","protected":false},"excerpt":{"rendered":"<p>A organiza\u00e7\u00e3o do Mundial vinha conversando com os organizadores e as autoridades locais, mas o governo japon\u00eas optou pelo cancelamento da corrida por conta de um aumento nos casos de Covid-19<\/p>\n","protected":false},"author":0,"featured_media":0,"comment_status":"closed","ping_status":"closed","sticky":false,"template":"","format":"standard","meta":{"42wp_featured_image_caption":"","42wp_featured_image_credits":"","42wp_featured_video":"","42wp_featured_image_hidden":false,"42wp_authors_list":[],"footnotes":""},"categories":[2],"tags":[27040,24858,147,156,24837,25536,26868],"42wp_author":[47113],"class_list":["post-118530","post","type-post","status-publish","format-standard","hentry","category-f1","tag-calendario-formula-1-2021","tag-covid-19","tag-f1","tag-f1-2021","tag-formula-1-2","tag-formula-1-2021-2","tag-formula-1-classificacao-2020","42wp_author-juliana-tesser"],"_links":{"self":[{"href":"https:\/\/grandepremio.com\/br\/wp-json\/wp\/v2\/posts\/118530","targetHints":{"allow":["GET"]}}],"collection":[{"href":"https:\/\/grandepremio.com\/br\/wp-json\/wp\/v2\/posts"}],"about":[{"href":"https:\/\/grandepremio.com\/br\/wp-json\/wp\/v2\/types\/post"}],"replies":[{"embeddable":true,"href":"https:\/\/grandepremio.com\/br\/wp-json\/wp\/v2\/comments?post=118530"}],"version-history":[{"count":0,"href":"https:\/\/grandepremio.com\/br\/wp-json\/wp\/v2\/posts\/118530\/revisions"}],"wp:attachment":[{"href":"https:\/\/grandepremio.com\/br\/wp-json\/wp\/v2\/media?parent=118530"}],"wp:term":[{"taxonomy":"category","embeddable":true,"href":"https:\/\/grandepremio.com\/br\/wp-json\/wp\/v2\/categories?post=118530"},{"taxonomy":"post_tag","embeddable":true,"href":"https:\/\/grandepremio.com\/br\/wp-json\/wp\/v2\/tags?post=118530"},{"taxonomy":"42wp_author","embeddable":true,"href":"https:\/\/grandepremio.com\/br\/wp-json\/wp\/v2\/42wp_author?post=118530"}],"curies":[{"name":"wp","href":"https:\/\/api.w.org\/{rel}","templated":true}]}}