{"id":118587,"date":"2021-08-15T10:53:00","date_gmt":"2021-08-15T13:53:00","guid":{"rendered":"https:\/\/grandepremio.com\/br\/noticias\/favorito-berlim-mitch-evans-parado-largada-causa-acidente-edoardo-mortara\/"},"modified":"2021-08-15T10:53:06","modified_gmt":"2021-08-15T13:53:06","slug":"favorito-berlim-mitch-evans-parado-largada-causa-acidente-edoardo-mortara","status":"publish","type":"post","link":"https:\/\/grandepremio.com\/br\/formula-e\/favorito-berlim-mitch-evans-parado-largada-causa-acidente-edoardo-mortara\/","title":{"rendered":"Favorito em Berlim, Evans fica parado na largada e causa acidente com Mortara"},"content":{"rendered":"\n<figure class=\"wp-block-video\"><video class=\"video-js vjs-big-play-centered\" data-gp-vjs=\"1\" controls src=\"https:\/\/www.grandepremio.com\/br\/wp-content\/uploads\/2021\/08\/eo0c6u.mp4\"><\/video><figcaption>Mitch Evans, com chances grandes de t\u00edtulo, n\u00e3o conseguiu largar e foi atingido em cheio por Edoardo Mortara (V\u00eddeo: F\u00f3rmula E)<\/figcaption><\/figure>\n\n\n\n<p class=\"wp-block-paragraph\">A F\u00f3rmula E \u00e9 a categoria do inesperado. O improv\u00e1vel est\u00e1 sempre \u00e0 espreita, pronto a atacar de maneira destacada. Na manh\u00e3 deste domingo (15), no eP de Berlim que define o campeonato, Mitch Evans era favorito ao t\u00edtulo ap\u00f3s superar por muito os postulantes ao t\u00edtulo na classifica\u00e7\u00e3o. Pois ele sequer largou e ainda se envolveu num acidente com outro candidato ao caneco.<\/p>\n\n\n\n<p class=\"wp-block-paragraph\"><strong>Conhe\u00e7a o canal do Grande Pr\u00eamio no YouTube! Clique\u00a0<a target=\"_blank\" href=\"https:\/\/youtube.com\/GrandePremioTV\" rel=\"noreferrer noopener\">aqui<\/a>.<\/strong><br><strong>Siga o Grande Pr\u00eamio no\u00a0<a target=\"_blank\" href=\"https:\/\/twitter.com\/grandepremio\" rel=\"noreferrer noopener\">Twitter\u00a0<\/a>e no\u00a0<a target=\"_blank\" href=\"https:\/\/instagram.com\/grandepremio\" rel=\"noreferrer noopener\">Instagram<\/a>!<\/strong><br><strong>De Vries lidera F\u00f3rmula E e v\u00ea Di Grassi 8 pontos atr\u00e1s. <a href=\"https:\/\/www.grandepremio.com\/br\/formula-e\/noticias\/nyck-de-vries-lidera-formula-e-lucas-di-grassi-8-pontos-atras-confira-classificacao\/\">Confira classifica\u00e7\u00e3o<\/a><\/strong><\/p>\n\n\n\n<p class=\"wp-block-paragraph\">Quando as 10h33 (de Bras\u00edlia) apontaram no rel\u00f3gio e a bandeira verde pintou, a supresa: a Jaguar de Evans ficou parada no grid. Quase todo mundo desviou, mas Edoardo Mortara, que vinha algumas posi\u00e7\u00f5es atr\u00e1s na mesma fila, acertounem cheio a traseira do rival.<\/p>\n\n\n\n<p class=\"wp-block-paragraph\">Evans era quarto colocado do campeonato e sa\u00eda em terceiro, enquanto o l\u00edder Nyck de Vries vinha no 13\u00ba lugar, o vice-l\u00edder, exatamente Mortara, era o 11\u00ba e Jake Dennis, terceiro, partia em nono. Com isso, dois dos maiores candidatos ao t\u00edtulo mundial ficam pelo caminho. Os dois pilotos deixam a briga pelo campeonato.<\/p>\n\n\n\n<figure class=\"wp-block-image size-large\"><img decoding=\"async\" src=\"https:\/\/www.grandepremio.com\/br\/wp-content\/uploads\/2021\/08\/E81eQ-lWUAcmeue-1024x576.jpg\" alt=\"MITCH EVANS; EDOARDO MORTARA; F\u00d3RMULA E; BERLIM;\" class=\"wp-image-500071\"\/><figcaption>Inacredit\u00e1vel! Mitch Evans tinha chances de t\u00edtulo, mas ficou com o carro parado no grid e foi acertado por Edoardo Mortara (Foto: Divulga\u00e7\u00e3o)<\/figcaption><\/figure>\n\n\n\n<figure class=\"wp-block-embed is-type-rich is-provider-spotify wp-block-embed-spotify wp-embed-aspect-21-9 wp-has-aspect-ratio\"><div class=\"wp-block-embed__wrapper\">\n<iframe title=\"Spotify Embed: Paddockast #116: Quais as melhores e as piores duplas da F\u00f3rmula 1 2021?\" style=\"border-radius: 12px\" width=\"100%\" height=\"152\" frameborder=\"0\" allowfullscreen allow=\"autoplay; clipboard-write; encrypted-media; fullscreen; picture-in-picture\" loading=\"lazy\" src=\"https:\/\/open.spotify.com\/embed\/episode\/49eTmCUoRElPvrH3vg1nMn?utm_source=oembed\"><\/iframe>\n<\/div><figcaption>Paddockast #116: Quais as melhores e as piores duplas da F\u00f3rmula 1 2021?<\/figcaption><\/figure>\n\n\n\n<p class=\"wp-block-paragraph\">&#8220;Precisamos diagnosticar o problema. \u00c9 uma pena enorme. N\u00f3s nos colocamos na posi\u00e7\u00e3o certa e estou orgulhoso do que fizemos. Isso \u00e9 esporte a motor, essas coisas acontecem. O que importa agora \u00e9 seguir em frente, at\u00e9 porque ainda temos o Bird na corrida e precisamos dar nosso melhor&#8221;, disse James Barclay, chefe da Jaguar, imediatamente ap\u00f3s o acidente.<\/p>\n\n\n\n<p class=\"wp-block-paragraph\">Apesar de Evans e Mortaram sa\u00edrem do local sem maiores problemas f\u00edsicos, a dire\u00e7\u00e3o de prova acionou inicialmente o safety-car e, instantes depois, a bandeira vermelha &#8211; mandando, inclusive, os carros para dentro das garagens e dando ok para reparos poss\u00edveis.<\/p>\n\n\n\n<p class=\"wp-block-paragraph\">Mesmo sem Evans e Mortara, 11 pilotos ainda podem ser campe\u00f5es dependendo do resultado da corrida. S\u00e3o eles: De Vries, Dennis, Robin Frijns, Lucas Di Grassi, Ant\u00f3nio F\u00e9lix da Costa, Sam Bird, Jean-\u00c9ric Vergne, Alex Lynn, Nick Cassidy, Ren\u00e9 Rast e Pascal Wehrlein. Apesar da longa lista, o melhor colocado para a relagrada entre todos estes \u00e9 Dennis, em oitavo.<\/p>\n\n\n\n<figure class=\"wp-block-embed is-type-video is-provider-youtube wp-block-embed-youtube wp-embed-aspect-16-9 wp-has-aspect-ratio\"><div class=\"wp-block-embed__wrapper\">\n<iframe loading=\"lazy\" title=\"COMO SA\u00cdDA DA AUDI DEIXA VAZIO NO GRID DA F\u00d3RMULA E\" width=\"500\" height=\"281\" src=\"https:\/\/www.youtube.com\/embed\/UHlVc7BRVOw?feature=oembed\" frameborder=\"0\" allow=\"accelerometer; autoplay; clipboard-write; encrypted-media; gyroscope; picture-in-picture; web-share\" referrerpolicy=\"strict-origin-when-cross-origin\" allowfullscreen><\/iframe>\n<\/div><figcaption>COMO SA\u00cdDA DA AUDI DEIXA VAZIO NO GRID DA F\u00d3RMULA E<\/figcaption><\/figure>\n","protected":false},"excerpt":{"rendered":"<p>Mitch Evans estava mais pr\u00f3ximo que nunca do t\u00edtulo? Talvez, mas seu Jaguar sequer largou. Ainda causou o acidente que tirou Edoardo Mortara da briga<\/p>\n","protected":false},"author":0,"featured_media":1000500072,"comment_status":"closed","ping_status":"closed","sticky":false,"template":"","format":"standard","meta":{"42wp_featured_image_caption":"","42wp_featured_image_credits":"","42wp_featured_video":"","42wp_featured_image_hidden":false,"42wp_authors_list":[],"footnotes":""},"categories":[19],"tags":[487,14373,949,4981,26482,25158,910,909,660],"42wp_author":[47120],"class_list":["post-118587","post","type-post","status-publish","format-standard","has-post-thumbnail","hentry","category-formula-e","tag-acidente","tag-aeroporto-tempelhof","tag-edoardo-mortara","tag-ep-de-berlim","tag-fe-2021","tag-formula-e-2021","tag-jaguar","tag-mitch-evans","tag-venturi","42wp_author-pedro-henrique-marum"],"_links":{"self":[{"href":"https:\/\/grandepremio.com\/br\/wp-json\/wp\/v2\/posts\/118587","targetHints":{"allow":["GET"]}}],"collection":[{"href":"https:\/\/grandepremio.com\/br\/wp-json\/wp\/v2\/posts"}],"about":[{"href":"https:\/\/grandepremio.com\/br\/wp-json\/wp\/v2\/types\/post"}],"replies":[{"embeddable":true,"href":"https:\/\/grandepremio.com\/br\/wp-json\/wp\/v2\/comments?post=118587"}],"version-history":[{"count":0,"href":"https:\/\/grandepremio.com\/br\/wp-json\/wp\/v2\/posts\/118587\/revisions"}],"wp:featuredmedia":[{"embeddable":true,"href":"https:\/\/grandepremio.com\/br\/wp-json\/wp\/v2\/media\/1000500072"}],"wp:attachment":[{"href":"https:\/\/grandepremio.com\/br\/wp-json\/wp\/v2\/media?parent=118587"}],"wp:term":[{"taxonomy":"category","embeddable":true,"href":"https:\/\/grandepremio.com\/br\/wp-json\/wp\/v2\/categories?post=118587"},{"taxonomy":"post_tag","embeddable":true,"href":"https:\/\/grandepremio.com\/br\/wp-json\/wp\/v2\/tags?post=118587"},{"taxonomy":"42wp_author","embeddable":true,"href":"https:\/\/grandepremio.com\/br\/wp-json\/wp\/v2\/42wp_author?post=118587"}],"curies":[{"name":"wp","href":"https:\/\/api.w.org\/{rel}","templated":true}]}}