{"id":118597,"date":"2021-08-15T08:31:34","date_gmt":"2021-08-15T11:31:34","guid":{"rendered":"https:\/\/grandepremio.com\/br\/noticias\/mercedes-segue-audi-e-bmw-e-prepara-saida-da-formula-e-apos-2021-22\/"},"modified":"2021-08-15T08:31:40","modified_gmt":"2021-08-15T11:31:40","slug":"mercedes-segue-audi-e-bmw-e-prepara-saida-da-formula-e-apos-2021-22","status":"publish","type":"post","link":"https:\/\/grandepremio.com\/br\/formula-e\/mercedes-segue-audi-e-bmw-e-prepara-saida-da-formula-e-apos-2021-22\/","title":{"rendered":"Mercedes segue Audi e BMW e prepara sa\u00edda da F\u00f3rmula E ap\u00f3s 2021\/22"},"content":{"rendered":"\n<figure class=\"wp-block-video\"><video class=\"video-js vjs-big-play-centered\" data-gp-vjs=\"1\" controls src=\"https:\/\/www.grandepremio.com\/br\/wp-content\/uploads\/2021\/08\/Gp-10-040821-VF-Pilotos-FE.mp4\"><\/video><figcaption>Vitor Fazio analisa: quais pilotos da F\u00f3rmula 1 deveriam considerar uma ida para a F\u00f3rmula E?<\/figcaption><\/figure>\n\n\n\n<p class=\"wp-block-paragraph\">A jornada da Mercedes na F\u00f3rmula E se aproxima do fim. De acordo com informa\u00e7\u00f5es divulgadas pelos sites The Race e Motorsport.com, a montadora alem\u00e3 tomou a decis\u00e3o de deixar o grid ao fim da temporada 2021\/22, encerrando passagem rel\u00e2mpago pelo certame el\u00e9trico.<\/p>\n\n\n\n<p class=\"wp-block-paragraph\">A decis\u00e3o ainda n\u00e3o foi confirmada publicamente, mas j\u00e1 foi tomada. Quem confirmou isso foi Toto Wolff, chefe de automobilismo da Mercedes. O dirigente, mais conhecido pelo protagonismo na F\u00f3rmula 1, participou ativamente de reuni\u00f5es com a Daimler, marca propriet\u00e1ria da Mercedes. A informa\u00e7\u00e3o de momento \u00e9 que, ap\u00f3s negocia\u00e7\u00f5es arrastadas, a maioria dos executivos votou pela sa\u00edda da F\u00f3rmula E.<\/p>\n\n\n\n<p class=\"wp-block-paragraph\">\u201cA decis\u00e3o j\u00e1 foi tomada, mas n\u00e3o vamos comunicar nada hoje\u201d, disse Wolff ao The Race. \u201cVoc\u00ea precisa se perguntar: isso [campeonato] est\u00e1 funcionando ou n\u00e3o? Se voc\u00ea pensa que est\u00e1 funcionando, voc\u00ea ainda pode ir e conversar sobre fazer mudan\u00e7as\u201d, seguiu.<\/p>\n\n\n\n<figure class=\"wp-block-image size-large\"><img decoding=\"async\" src=\"https:\/\/www.grandepremio.com\/br\/wp-content\/uploads\/2021\/07\/Nyck-de-Vries-2-1024x576.jpg\" alt=\"\" class=\"wp-image-494056\"\/><figcaption>A Mercedes est\u00e1 da sa\u00edda da FE (Foto: Formula E)<\/figcaption><\/figure>\n\n\n\n<p class=\"wp-block-paragraph\">\u201cVoc\u00ea ainda pode dizer \u2018a gente pensa que a classifica\u00e7\u00e3o n\u00e3o deveria causar tanta variabilidade e imprevisibilidade. Isso ou qualquer que seja nosso feedback, eles podem ouvir e aceitar ou n\u00e3o. S\u00f3 que, acima de tudo, \u00e9 uma quest\u00e3o de decidir o que queremos no esporte a motor, pensando no futuro\u201d, destacou.<\/p>\n\n\n\n<p class=\"wp-block-paragraph\">A decis\u00e3o surpreende porque, inicialmente, a expectativa era de perman\u00eancia da Mercedes. Mesmo perdendo prazo para confirmar \u00e0 FE que seguiria na era de carros Gen3 \u2013 em 2022\/23 \u2013, a montadora alem\u00e3 seguia conversando sobre um poss\u00edvel acordo com a categoria. N\u00e3o aconteceu.<\/p>\n\n\n\n<p class=\"wp-block-paragraph\">A confirma\u00e7\u00e3o iminente da sa\u00edda da Mercedes ser\u00e1 a terceira de uma montadora alem\u00e3 nos \u00faltimos meses. Audi e BMW tamb\u00e9m deixam a categoria, mas j\u00e1 ao fim da temporada vigente. Apesar de a F\u00f3rmula E ainda ter um investimento pesado de montadoras \u2013 Jaguar, DS, Mahindra, Porsche e Nissan continuam \u2013, o momento passa a ser de incerteza.<\/p>\n\n\n\n<p class=\"wp-block-paragraph\">A Mercedes s\u00f3 chegou para valer na F\u00f3rmula E em 2019\/20, com 2020\/21 sendo a segunda temporada no grid. A marca acumula quatro vit\u00f3rias at\u00e9 aqui e <strong><a href=\"https:\/\/www.grandepremio.com\/br\/formula-e\/noticias\/mitch-evans-sobra-lideres-larga-3-decisao-berlim-stoffel-vandoorne-pole\/\">sonha com o primeiro t\u00edtulo neste fim de semana, em Berlim<\/a><\/strong>.<\/p>\n\n\n\n<p class=\"wp-block-paragraph\"><strong>Conhe\u00e7a o canal do Grande Pr\u00eamio no YouTube! Clique&nbsp;<a target=\"_blank\" href=\"https:\/\/youtube.com\/GrandePremioTV\" rel=\"noreferrer noopener\">aqui<\/a>.<\/strong><br><strong>Siga o Grande Pr\u00eamio no&nbsp;<a target=\"_blank\" href=\"https:\/\/twitter.com\/grandepremio\" rel=\"noreferrer noopener\">Twitter&nbsp;<\/a>e no&nbsp;<a target=\"_blank\" href=\"https:\/\/instagram.com\/grandepremio\" rel=\"noreferrer noopener\">Instagram<\/a>!<\/strong><\/p>\n","protected":false},"excerpt":{"rendered":"<p>Toto Wolff j\u00e1 disse que uma decis\u00e3o foi tomada a respeito do futuro da Mercedes na FE. De acordo com The Race e Motorsport.com, a montadora deixa o grid ao fim de 2022<\/p>\n","protected":false},"author":0,"featured_media":1000485258,"comment_status":"closed","ping_status":"closed","sticky":false,"template":"","format":"standard","meta":{"42wp_featured_image_caption":"","42wp_featured_image_credits":"","42wp_featured_video":"","42wp_featured_image_hidden":false,"42wp_authors_list":[],"footnotes":""},"categories":[19],"tags":[970,707,26482,25000,82,1556,26323,967,150],"42wp_author":[47118],"class_list":["post-118597","post","type-post","status-publish","format-standard","has-post-thumbnail","hentry","category-formula-e","tag-audi","tag-bmw","tag-fe-2021","tag-formula-e-2","tag-mercedes","tag-nyck-de-vries","tag-saida","tag-stoffel-vandoorne","tag-toto-wolff","42wp_author-vitor-fazio"],"_links":{"self":[{"href":"https:\/\/grandepremio.com\/br\/wp-json\/wp\/v2\/posts\/118597","targetHints":{"allow":["GET"]}}],"collection":[{"href":"https:\/\/grandepremio.com\/br\/wp-json\/wp\/v2\/posts"}],"about":[{"href":"https:\/\/grandepremio.com\/br\/wp-json\/wp\/v2\/types\/post"}],"replies":[{"embeddable":true,"href":"https:\/\/grandepremio.com\/br\/wp-json\/wp\/v2\/comments?post=118597"}],"version-history":[{"count":0,"href":"https:\/\/grandepremio.com\/br\/wp-json\/wp\/v2\/posts\/118597\/revisions"}],"wp:featuredmedia":[{"embeddable":true,"href":"https:\/\/grandepremio.com\/br\/wp-json\/wp\/v2\/media\/1000485258"}],"wp:attachment":[{"href":"https:\/\/grandepremio.com\/br\/wp-json\/wp\/v2\/media?parent=118597"}],"wp:term":[{"taxonomy":"category","embeddable":true,"href":"https:\/\/grandepremio.com\/br\/wp-json\/wp\/v2\/categories?post=118597"},{"taxonomy":"post_tag","embeddable":true,"href":"https:\/\/grandepremio.com\/br\/wp-json\/wp\/v2\/tags?post=118597"},{"taxonomy":"42wp_author","embeddable":true,"href":"https:\/\/grandepremio.com\/br\/wp-json\/wp\/v2\/42wp_author?post=118597"}],"curies":[{"name":"wp","href":"https:\/\/api.w.org\/{rel}","templated":true}]}}