{"id":11861,"date":"2026-02-20T16:05:34","date_gmt":"2026-02-20T19:05:34","guid":{"rendered":"https:\/\/grandepremio.com\/br\/noticias\/isack-hadjar-valoriza-ajustes-com-red-bull-diz-equipe-extraiu-maximo-bahrein\/"},"modified":"2026-02-20T16:05:45","modified_gmt":"2026-02-20T19:05:45","slug":"isack-hadjar-valoriza-ajustes-com-red-bull-diz-equipe-extraiu-maximo-bahrein","status":"publish","type":"post","link":"https:\/\/grandepremio.com\/br\/f1\/isack-hadjar-valoriza-ajustes-com-red-bull-diz-equipe-extraiu-maximo-bahrein\/","title":{"rendered":"Hadjar valoriza ajustes com Red Bull e diz que equipe &#8220;extraiu o m\u00e1ximo\u201d no Bahrein"},"content":{"rendered":"\n<p class=\"wp-block-paragraph\"><strong>Isack Hadjar<\/strong> foi respons\u00e1vel por colocar a <strong>Red Bull<\/strong> em<a href=\"https:\/\/www.grandepremio.com\/br\/f1\/noticias\/charles-leclerc-voa-poe-ferrari-lideranca-ultimo-dia-testes-bahrein-gabriel-bortoleto-7o\/\"> quinto na manh\u00e3 desta sexta-feira (20) e dar in\u00edcio ao \u00faltimo dia de testes<\/a> de <strong>pr\u00e9-temporada<\/strong> no <strong>Bahrein<\/strong>, com o tempo de <strong>1min34s511<\/strong>. Animado, o piloto exaltou o empenho da equipe taurina no sexto dia de testes no <strong>Circuito de Sakhir<\/strong> e aprofundou o racioc\u00ednio sobre o desenvolvimento do <strong>RB22<\/strong>.<\/p>\n\n\n\n<p class=\"wp-block-paragraph\">O franc\u00eas conduziu a Red Bull por <strong>59 voltas<\/strong> na sess\u00e3o matutina e ficou a <strong>0s822 <\/strong>do l\u00edder <strong>Charles Leclerc<\/strong>, da <strong>Ferrari<\/strong>. Ao final do dia, o monegasco ainda melhorou o tempo, e a entrada de outros pilotos tamb\u00e9m ajudou a derrubar Hadjar \u00e0 <strong>13\u00aa posi\u00e7\u00e3o<\/strong>. <strong>Max Verstappen<\/strong> ficou respons\u00e1vel pela sess\u00e3o da tarde na equipe e ainda somou outras <strong>65 voltas<\/strong>.<\/p>\n\n\n\n<p class=\"wp-block-paragraph\">Ap\u00f3s o encerramento da atividade, Hadjar detalhou o trabalho da Red Bull na adapta\u00e7\u00e3o para 2026. &#8220;Tiramos o m\u00e1ximo do \u00faltimo dia de testes. Experimentamos v\u00e1rias mudan\u00e7as de acerto e todas fizeram sentido, ent\u00e3o, sinto-me bem com a dire\u00e7\u00e3o que tomamos\u201d, come\u00e7ou.<\/p>\n\n\n\n<p class=\"wp-block-paragraph\">Com o fim da pr\u00e9-temporada, o <strong>dono do #6<\/strong> come\u00e7ou a abrir o jogo sobre como a equipe atuou no Bahrein: \u201cO ritmo nas jornadas longas e com bastante combust\u00edvel tamb\u00e9m foi bom. Quando comecei na F\u00f3rmula 1, o carro j\u00e1 estava mais ou menos desenvolvido. Gostei de opinar mais e guiar o time na dire\u00e7\u00e3o certa. Estou muito feliz com os aprendizados dessa semana e animado para correr em Melbourne\u201d, encerrou.<\/p>\n\n\n\n<figure class=\"wp-block-image size-large\"><img decoding=\"async\" src=\"https:\/\/www.grandepremio.com\/br\/wp-content\/uploads\/2026\/02\/f1-testing-semana-2-bahrein-red-bull-isack-hadjar-03-1200x800.jpeg\" alt=\"\" class=\"wp-image-1060347\"\/><figcaption class=\"wp-element-caption\">Isack Hadjar (Foto: Red Bull)<\/figcaption><\/figure>\n\n\n\n<p class=\"wp-block-paragraph\">Ap\u00f3s o fim do per\u00edodo de pr\u00e9-temporada, a F\u00f3rmula 1 retorna entre os dias&nbsp;<strong>5 e 8 de mar\u00e7o<\/strong>&nbsp;para a estreia oficial do campeonato. A primeira etapa acontece em&nbsp;<strong>Melbourne<\/strong>, palco do&nbsp;<strong>GP da Austr\u00e1lia<\/strong>. O&nbsp;<strong>GRANDE PR\u00caMIO<\/strong>&nbsp;faz a cobertura completa do evento.<\/p>\n\n\n\n<p class=\"wp-block-paragraph\">\u25b6\ufe0f&nbsp;<strong>Inscreva-se nos dois canais do GRANDE PR\u00caMIO no YouTube:&nbsp;<a href=\"https:\/\/www.youtube.com\/channel\/UC9OlHEgxoaY6QY6nWPoiqQg?sub_confirmation=1\" target=\"_blank\" rel=\"noreferrer noopener\">GP<\/a>&nbsp;|&nbsp;<a href=\"https:\/\/www.youtube.com\/channel\/UC9csiS6q_C3C0FYhyr1rnFA?sub_confirmation=1\" target=\"_blank\" rel=\"noreferrer noopener\">GPTV<\/a><\/strong><\/p>\n\n\n\n<h2 class=\"wp-block-heading\" id=\"h-f1-hoje-saiba-aqui-as-noticias-mais-importantes-do-dia-da-formula-1\"><strong>F1 hoje: saiba aqui as not\u00edcias mais importantes do dia da F\u00f3rmula 1<\/strong><\/h2>\n\n\n\n<p class=\"wp-block-paragraph\">\u25b6\ufe0f<strong>&nbsp;<a href=\"https:\/\/www.grandepremio.com\/br\/f1\/noticias\/charles-leclerc-lidera-manha-ultimo-dia-testes-f1-bahrein-mercedes-sofre-falha-motor\/\"><\/a><a href=\"https:\/\/www.grandepremio.com\/br\/f1\/noticias\/charles-leclerc-voa-poe-ferrari-lideranca-ultimo-dia-testes-bahrein-gabriel-bortoleto-7o\/\">Leclerc voa e p\u00f5e Ferrari na lideran\u00e7a em \u00faltimo dia de testes do Bahrein. Bortoleto \u00e9 7\u00ba<\/a><br>\u25b6\ufe0f&nbsp;<a href=\"https:\/\/www.grandepremio.com\/br\/f1\/noticias\/andrea-kimi-antonelli-tranquiliza-diz-problema-motor-mercedes-foi-solucionado\/\"><\/a><a href=\"https:\/\/www.grandepremio.com\/br\/f1\/noticias\/fia-posiciona-asa-traseira-inovadora-ferrari-formula-1-2026\/\">FIA se posiciona sobre asa traseira inovadora da Ferrari na F\u00f3rmula 1 2026<\/a><br>\u25b6\ufe0f&nbsp;<a href=\"https:\/\/www.grandepremio.com\/br\/f1\/noticias\/ceo-exalta-amor-max-verstappen-f1-aposta-vai-mudar-opiniao-ate-fim-do-ano\/\"><\/a><a href=\"https:\/\/www.grandepremio.com\/br\/f1\/noticias\/fia-admite-ajustar-regulamento-formula-1-2026-apos-chuva-reclamacoes-bahrein\/\">FIA admite ajustar regulamento da F1 2026 ap\u00f3s chuva de reclama\u00e7\u00f5es no Bahrein<\/a><br>\u25b6\ufe0f&nbsp;<a href=\"https:\/\/www.grandepremio.com\/br\/f1\/noticias\/aston-martin-decide-encerrar-ultimo-dia-testes-bahrein-apenas-6-voltas\/\"><\/a><a href=\"https:\/\/www.grandepremio.com\/br\/f1\/noticias\/f1-reune-max-verstappen-minimiza-criticas-regulamento-quem-mais-se-importa\/\">F1 se re\u00fane com Verstappen e minimiza cr\u00edticas ao regulamento: \u201c\u00c9 quem mais se importa\u201d<\/a><\/strong><\/p>\n\n\n\n<figure class=\"wp-block-embed is-type-video is-provider-youtube wp-block-embed-youtube wp-embed-aspect-16-9 wp-has-aspect-ratio\"><div class=\"wp-block-embed__wrapper\">\n<iframe loading=\"lazy\" title=\"F1 2026 AO VIVO: FERRARI FECHA PR\u00c9-TEMPORADA NA FRENTE | DIA 6, PR\u00c9-TEMPORADA | Briefing\" width=\"500\" height=\"281\" src=\"https:\/\/www.youtube.com\/embed\/RqMKFMXGvyw?feature=oembed\" frameborder=\"0\" allow=\"accelerometer; autoplay; clipboard-write; encrypted-media; gyroscope; picture-in-picture; web-share\" referrerpolicy=\"strict-origin-when-cross-origin\" allowfullscreen><\/iframe>\n<\/div><\/figure>\n","protected":false},"excerpt":{"rendered":"<p>Isack Hadjar marcou 1min34s511 pela manh\u00e3 no Bahrein, testou diferentes acertos e destacou bom ritmo com o RB22<\/p>\n","protected":false},"author":0,"featured_media":1001060052,"comment_status":"closed","ping_status":"closed","sticky":false,"template":"","format":"standard","meta":{"42wp_featured_image_caption":"","42wp_featured_image_credits":"","42wp_featured_video":"","42wp_featured_image_hidden":false,"42wp_authors_list":[],"footnotes":""},"categories":[2],"tags":[1667,26271,209,5273,147,29516,29148,180,31425,28995,1491,28285,30840,28104,203,35129,2717,204,31470,1881],"42wp_author":[47168],"class_list":["post-11861","post","type-post","status-publish","format-standard","has-post-thumbnail","hentry","category-f1","tag-bahrein","tag-calendario-f1","tag-charles-leclerc","tag-classificacao-f1","tag-f1","tag-f1-2026","tag-f1-hoje","tag-formula-1","tag-formula-1-2026","tag-formula-1-hoje","tag-grande-premio","tag-grandepremio","tag-horarios-f1","tag-isack-hadjar","tag-max-verstappen","tag-onde-assistir-f1","tag-pre-temporada","tag-red-bull","tag-temporada-2026-f1","tag-testes-coletivos","42wp_author-ana-leticia-ferro"],"_links":{"self":[{"href":"https:\/\/grandepremio.com\/br\/wp-json\/wp\/v2\/posts\/11861","targetHints":{"allow":["GET"]}}],"collection":[{"href":"https:\/\/grandepremio.com\/br\/wp-json\/wp\/v2\/posts"}],"about":[{"href":"https:\/\/grandepremio.com\/br\/wp-json\/wp\/v2\/types\/post"}],"replies":[{"embeddable":true,"href":"https:\/\/grandepremio.com\/br\/wp-json\/wp\/v2\/comments?post=11861"}],"version-history":[{"count":0,"href":"https:\/\/grandepremio.com\/br\/wp-json\/wp\/v2\/posts\/11861\/revisions"}],"wp:featuredmedia":[{"embeddable":true,"href":"https:\/\/grandepremio.com\/br\/wp-json\/wp\/v2\/media\/1001060052"}],"wp:attachment":[{"href":"https:\/\/grandepremio.com\/br\/wp-json\/wp\/v2\/media?parent=11861"}],"wp:term":[{"taxonomy":"category","embeddable":true,"href":"https:\/\/grandepremio.com\/br\/wp-json\/wp\/v2\/categories?post=11861"},{"taxonomy":"post_tag","embeddable":true,"href":"https:\/\/grandepremio.com\/br\/wp-json\/wp\/v2\/tags?post=11861"},{"taxonomy":"42wp_author","embeddable":true,"href":"https:\/\/grandepremio.com\/br\/wp-json\/wp\/v2\/42wp_author?post=11861"}],"curies":[{"name":"wp","href":"https:\/\/api.w.org\/{rel}","templated":true}]}}