{"id":118657,"date":"2021-08-13T14:13:08","date_gmt":"2021-08-13T17:13:08","guid":{"rendered":"https:\/\/grandepremio.com\/br\/noticias\/adrien-metge-vence-prologo-sertoes-motos-marcos-baumgart-triunfa-carros\/"},"modified":"2021-08-13T14:38:58","modified_gmt":"2021-08-13T17:38:58","slug":"adrien-metge-vence-prologo-sertoes-motos-marcos-baumgart-triunfa-carros","status":"publish","type":"post","link":"https:\/\/grandepremio.com\/br\/rally\/adrien-metge-vence-prologo-sertoes-motos-marcos-baumgart-triunfa-carros\/","title":{"rendered":"Metge vence pr\u00f3logo do Sert\u00f5es nas motos. Campe\u00e3o, Marcos Baumgart triunfa nos carros"},"content":{"rendered":"\n<figure class=\"wp-block-video\"><video class=\"video-js vjs-big-play-centered\" data-gp-vjs=\"1\" controls src=\"https:\/\/www.grandepremio.com\/br\/wp-content\/uploads\/l-videos\/\u00c9 LOUCURA MCLAREN PENSAR EM DEMITIR RICCIARDO AP\u00d3S F1 2021_ _ GP \u00e0s 10.mp4\"><\/video><figcaption>Pedro Henrique Marum refletiu sobre o 2021 de Daniel Ricciardo no GP \u00e0s 10<\/figcaption><\/figure>\n\n\n\n<p class=\"wp-block-paragraph\">Come\u00e7ou oficialmente a 29\u00aa edi\u00e7\u00e3o do Sert\u00f5es. Nesta manh\u00e3 de sexta-feira (13), o maior rali das Am\u00e9ricas acelerou pra valer com a disputa do pr\u00f3logo, realizado em Pipa, nas cercanias da Praia da Pipa em Tibau do Sul, no Rio Grande do Norte, em um percurso de 11 km em tipos de terreno variados. \u00c9 o in\u00edcio de uma verdadeira maratona que vai durar dez dias e ter\u00e1 3.615 km de percurso total e 2.202 km de especiais pelo Nordeste brasileiro. E a abertura dos trabalhos j\u00e1 trouxe os primeiros vencedores nesta edi\u00e7\u00e3o 2021.<\/p>\n\n\n\n<p class=\"wp-block-paragraph\">Na disputa das motos, a mais tradicional e a que deu origem ao Sert\u00f5es, a vit\u00f3ria ficou com o franc\u00eas Adrien Metge. O piloto da Yamaha, que n\u00e3o correu no ano passado por ter testado positivo para a Covid-19 \u00e0s v\u00e9speras da largada, no fim de outubro, foi o mais r\u00e1pido do pr\u00f3logo, numa pr\u00e9via do que se desenha o Sert\u00f5es para o duelo entre Yamaha e Honda.<\/p>\n\n\n\n<p class=\"wp-block-paragraph\"><strong>LEIA TAMB\u00c9M<\/strong><br><strong><a href=\"https:\/\/www.grandepremio.com\/br\/rally\/sertoes\/noticias\/sertoes-mundial-motos-quadriciclos-mas-ainda-sem-estrelas-dakar\/\">+Sert\u00f5es volta ao Mundial para motos e quadris, mas ainda sem grandes estrelas do Dakar<\/a><\/strong><br><strong><a href=\"https:\/\/www.grandepremio.com\/br\/rally\/sertoes\/noticias\/sertoes-irmaos-marcos-cristian-baumgart-favoritos-nos-carros\/\">+Sert\u00f5es tem irm\u00e3os Baumgart favoritos nos carros, enquanto concorr\u00eancia tenta engrossar<\/a><\/strong><br><strong><a href=\"https:\/\/www.grandepremio.com\/br\/rally\/sertoes\/noticias\/com-grandes-brasil-exterior-sertoes-maior-grid-da-historia-utvs\/\">+Com grandes do Brasil e do exterior, Sert\u00f5es tem grid recorde com 90 UTVs<\/a><\/strong><\/p>\n\n\n\n<figure class=\"wp-block-image size-large\"><img decoding=\"async\" src=\"https:\/\/www.grandepremio.com\/br\/wp-content\/uploads\/2021\/08\/E8rAO8rXsAIQjfp-1024x683.jpg\" alt=\"MARCOS BAUMGART; SERT\u00d5ES; SERT\u00d5ES 2021;\" class=\"wp-image-499187\"\/><figcaption>Marcos Baumgart e Kleber Cincea venceram o pr\u00f3logo do Sert\u00f5es 2021 (Foto: Sert\u00f5es\/Twitter)<\/figcaption><\/figure>\n\n\n\n<p class=\"wp-block-paragraph\"><strong>Conhe\u00e7a o canal do Grande Pr\u00eamio no YouTube! Clique&nbsp;<a rel=\"noreferrer noopener\" href=\"https:\/\/youtube.com\/GrandePremioTV\" target=\"_blank\">aqui<\/a>.<br>Siga o Grande Pr\u00eamio no&nbsp;<a rel=\"noreferrer noopener\" href=\"https:\/\/twitter.com\/grandepremio\" target=\"_blank\">Twitter&nbsp;<\/a>e no&nbsp;<a rel=\"noreferrer noopener\" href=\"https:\/\/instagram.com\/grandepremio\" target=\"_blank\">Instagram<\/a>!<\/strong><\/p>\n\n\n\n<p class=\"wp-block-paragraph\">Greg\u00f3rio Caselani e Julio \u2018Bissinho\u2019 Zavati, da Honda, completaram o top-3, enquanto Ricardo Martins, o atual campe\u00e3o do Sert\u00f5es, e Tulio Malta, colocaram outras duas Yamaha na lista dos cinco primeiros colocados. Jean Azevedo, heptacampe\u00e3o do Sert\u00f5es, em uma nova jornada defendendo a Honda, foi o sexto, seguido por Bruno Leles, o primeiro dentre os pilotos de equipes independentes, a Use Motos Rally Team. Guilherme Bissotto, Gabriel Bruning e Vitor Siqueira, um dos grandes destaques da edi\u00e7\u00e3o de 2020, conclu\u00edram a rela\u00e7\u00e3o dos dez primeiros.<\/p>\n\n\n\n<p class=\"wp-block-paragraph\">Entre os quadriciclos, que contam neste ano com tr\u00eas competidores, Marcelo Medeiros levou a melhor no confronto contra o argentino Manuel And\u00fajar e o polon\u00eas Rafal Sonik.<\/p>\n\n\n\n<p class=\"wp-block-paragraph\">A classifica\u00e7\u00e3o do pr\u00f3logo entre os carros colocou entre os primeiros exatamente as tripula\u00e7\u00f5es que tendem a lutar pelo t\u00edtulo do Sert\u00f5es 2021. A dupla campe\u00e3 vigente da prova, Marcos Baumgart e Kleber Cincea, venceu a sess\u00e3o desta sexta-feira em um aut\u00eantico duelo familiar com Cristian Baumgart, tamb\u00e9m da X Rally. Em parceria com Beco Andreotti, Cristian terminou somente 0s9 atr\u00e1s do irm\u00e3o. Os dois competem com a picape Toyota Hilux IMA 2021.<\/p>\n\n\n\n<p class=\"wp-block-paragraph\">Marcelo Gastaldi, que compete com o buggy sul-africano Century CR6, foi o terceiro colocado ao lado de Cadu Sachs, com tempo 6s4 mais lento na compara\u00e7\u00e3o com a dupla vencedora. Sylvio de Barros e Rafael Capoani, tamb\u00e9m a bordo de uma Toyota Hilux IMA 2021 da X Rally, terminaram em quarto, enquanto Z\u00e9 H\u00e9lio Rodrigues, tendo ao seu lado o navegador Ramon Sacilotti, foi o quinto com o buggy \u2018Javaloko\u2019, constru\u00eddo pela Giaffone Racing.<\/p>\n\n\n\n<figure class=\"wp-block-image size-large\"><img decoding=\"async\" src=\"https:\/\/www.grandepremio.com\/br\/wp-content\/uploads\/2021\/08\/E8q9KWSXEAI_lP5-1024x683.jpg\" alt=\"ADRIEN METGE; YAMAHA; MOTOS; SERT\u00d5ES 2021;\" class=\"wp-image-499186\"\/><figcaption>Adrien Metge iniciou sua luta pelo t\u00edtulo com vit\u00f3ria no pr\u00f3logo das motos (Foto: Yamaha Brasil\/Twitter)<\/figcaption><\/figure>\n\n\n\n<p class=\"wp-block-paragraph\">Com nada menos que 90 inscritos, os UTVs formam a categoria mais numerosa do Sert\u00f5es em 2021. A surpresa foi a posi\u00e7\u00e3o de topo, que ficou com Cristiano Batista e Robledo Nicoletti, a bordo de um Can-Am Maverick X3. Ali\u00e1s, a f\u00e1brica canadense garantiu as cinco primeiras posi\u00e7\u00f5es do pr\u00f3logo: Vin\u00edcius Castro e Rog\u00e9rio Almeida fecharam em segundo, seguidos por Aristides Mafra e Breno Rezende. Gabriel Varela e Filipe Bianchini conclu\u00edram o pr\u00f3logo em quarto, enquanto Jo\u00e3o Monteiro e Victor Hugo Melo conclu\u00edram a rela\u00e7\u00e3o dos cinco primeiros.<\/p>\n\n\n\n<p class=\"wp-block-paragraph\">Nelsinho Piquet, que vai disputar o Sert\u00f5es de forma integral pela primeira vez em 2021, enfrentou um contratempo no shakedown, na \u00faltima quinta-feira, por conta de um inc\u00eandio no seu UTV. O piloto, que atua ao lado do experiente navegador Flavio Fran\u00e7a, obteve o 52\u00ba melhor tempo no pr\u00f3logo desta sexta-feira. E a dupla campe\u00e3 da prova no ano passado, Den\u00edsio Casarini e Ivo Mayer, fechou o dia apenas em 76\u00ba.<\/p>\n\n\n\n<p class=\"wp-block-paragraph\">O pr\u00f3logo, no fim das contas, define apenas a posi\u00e7\u00e3o de largada para a primeira especial do Sert\u00f5es, que acontece neste s\u00e1bado. O primeiro percurso, batizado como Serid\u00f3, ter\u00e1 82,8 km de deslocamento inicial, 235,01 km de trecho cronometrado, a especial propriamente dita, e 98,11 km de deslocamento final, totalizando 415,93 km de quilometragem total percorrida.<\/p>\n\n\n\n<figure class=\"wp-block-embed is-type-video is-provider-youtube wp-block-embed-youtube wp-embed-aspect-16-9 wp-has-aspect-ratio\"><div class=\"wp-block-embed__wrapper\">\n<iframe loading=\"lazy\" title=\"RETROSPECTIVA MERCEDES 1\u00aa PARTE DA F1 2021: A BATALHA VENCIDA\" width=\"500\" height=\"281\" src=\"https:\/\/www.youtube.com\/embed\/Vf0NctRGWeE?feature=oembed\" frameborder=\"0\" allow=\"accelerometer; autoplay; clipboard-write; encrypted-media; gyroscope; picture-in-picture; web-share\" referrerpolicy=\"strict-origin-when-cross-origin\" allowfullscreen><\/iframe>\n<\/div><figcaption>RETROSPECTIVA MERCEDES 1\u00aa PARTE DA F1 2021: A BATALHA VENCIDA (V\u00cdDEO: GRANDE PR\u00caMIO)<br><\/figcaption><\/figure>\n","protected":false},"excerpt":{"rendered":"<p>Adrien Metge, piloto franc\u00eas que defende a Yamaha, foi o vencedor do pr\u00f3logo do Sert\u00f5es na disputa das motos. No duelo em fam\u00edlia nos carros, Marcos Baumgart superou o irm\u00e3o Cristian por apenas 0s9, enquanto Cristiano Batista foi o mais r\u00e1pido entre os UTVs<\/p>\n","protected":false},"author":0,"featured_media":1000499186,"comment_status":"closed","ping_status":"closed","sticky":false,"template":"","format":"standard","meta":{"42wp_featured_image_caption":"","42wp_featured_image_credits":"","42wp_featured_video":"","42wp_featured_image_hidden":false,"42wp_authors_list":[],"footnotes":""},"categories":[5],"tags":[6748,24836,3558,26304,27219],"42wp_author":[47110],"class_list":["post-118657","post","type-post","status-publish","format-standard","has-post-thumbnail","hentry","category-rally","tag-cristian-baumgart","tag-grande-premio-2","tag-marcos-baumgart","tag-sertoes","tag-sertoes-2021","42wp_author-fernando-silva"],"_links":{"self":[{"href":"https:\/\/grandepremio.com\/br\/wp-json\/wp\/v2\/posts\/118657","targetHints":{"allow":["GET"]}}],"collection":[{"href":"https:\/\/grandepremio.com\/br\/wp-json\/wp\/v2\/posts"}],"about":[{"href":"https:\/\/grandepremio.com\/br\/wp-json\/wp\/v2\/types\/post"}],"replies":[{"embeddable":true,"href":"https:\/\/grandepremio.com\/br\/wp-json\/wp\/v2\/comments?post=118657"}],"version-history":[{"count":0,"href":"https:\/\/grandepremio.com\/br\/wp-json\/wp\/v2\/posts\/118657\/revisions"}],"wp:featuredmedia":[{"embeddable":true,"href":"https:\/\/grandepremio.com\/br\/wp-json\/wp\/v2\/media\/1000499186"}],"wp:attachment":[{"href":"https:\/\/grandepremio.com\/br\/wp-json\/wp\/v2\/media?parent=118657"}],"wp:term":[{"taxonomy":"category","embeddable":true,"href":"https:\/\/grandepremio.com\/br\/wp-json\/wp\/v2\/categories?post=118657"},{"taxonomy":"post_tag","embeddable":true,"href":"https:\/\/grandepremio.com\/br\/wp-json\/wp\/v2\/tags?post=118657"},{"taxonomy":"42wp_author","embeddable":true,"href":"https:\/\/grandepremio.com\/br\/wp-json\/wp\/v2\/42wp_author?post=118657"}],"curies":[{"name":"wp","href":"https:\/\/api.w.org\/{rel}","templated":true}]}}