{"id":118687,"date":"2021-08-12T11:00:00","date_gmt":"2021-08-12T14:00:00","guid":{"rendered":"https:\/\/grandepremio.com\/br\/noticias\/as-corridas-do-fim-de-semana-na-tv-e-no-streaming-13-a-15-de-agosto\/"},"modified":"2021-08-13T17:12:13","modified_gmt":"2021-08-13T20:12:13","slug":"as-corridas-do-fim-de-semana-na-tv-e-no-streaming-13-a-15-de-agosto","status":"publish","type":"post","link":"https:\/\/grandepremio.com\/br\/programacao-tv\/as-corridas-do-fim-de-semana-na-tv-e-no-streaming-13-a-15-de-agosto\/","title":{"rendered":"As corridas do fim de semana na TV e no streaming: 13 a 15 de agosto"},"content":{"rendered":"\n<p class=\"wp-block-paragraph\"><strong>Sexta-feira, 13 de agosto<\/strong>:<\/p>\n\n\n\n<figure class=\"wp-block-table\"><table><tbody><tr><td>CATEGORIA<\/td><td>ETAPA<\/td><td>ATIVIDADE<\/td><td>HORA<\/td><td>EMISSORA<\/td><\/tr><tr><td>Moto3<\/td><td>GP da \u00c1ustria<\/td><td>Treino livre 2<\/td><td>08:15<\/td><td>FOX Sports<\/td><\/tr><tr><td>MotoGP<\/td><td>GP da \u00c1ustria<\/td><td>Treino livre 2<\/td><td>09:10<\/td><td>FOX Sports<\/td><\/tr><tr><td>Moto2<\/td><td>GP da \u00c1ustria<\/td><td>Treino livre 2<\/td><td>10:10<\/td><td>FOX Sports<\/td><\/tr><tr><td>MotoE<\/td><td>GP da \u00c1ustria<\/td><td>Treino livre 2<\/td><td>11:50<\/td><td>FOX Sports<\/td><\/tr><\/tbody><\/table><\/figure>\n\n\n\n<p class=\"wp-block-paragraph\"><strong>S\u00e1bado, 14 de agosto<\/strong>:<\/p>\n\n\n\n<figure class=\"wp-block-table\"><table><tbody><tr><td>CATEGORIA<\/td><td>ETAPA<\/td><td>ATIVIDADE<\/td><td>HORA<\/td><td>EMISSORA<\/td><\/tr><tr><td>F\u00f3rmula E<\/td><td>eP de Berlim 1<\/td><td>Classifica\u00e7\u00e3o<\/td><td>05:00<\/td><td>TV Cultura\/SporTV 2<\/td><\/tr><tr><td>Moto3<\/td><td>GP da \u00c1ustria<\/td><td>Classifica\u00e7\u00e3o<\/td><td>07:35<\/td><td>FOX Sports<\/td><\/tr><tr><td>F\u00f3rmula E<\/td><td>eP de Berlim 1<\/td><td>Corrida<\/td><td>09:00<\/td><td>TV Cultura\/SporTV 2<\/td><\/tr><tr><td>MotoGP<\/td><td>GP da \u00c1ustria<\/td><td>Classifica\u00e7\u00e3o<\/td><td>09:10<\/td><td>FOX Sports<\/td><\/tr><tr><td>Mundial de Rali<\/td><td>Rali da B\u00e9lgica<\/td><td>Segundo dia<\/td><td>10:00<\/td><td>ESPN<\/td><\/tr><tr><td>Moto2<\/td><td>GP da \u00c1ustria<\/td><td>Classifica\u00e7\u00e3o<\/td><td>10:10<\/td><td>FOX Sports<\/td><\/tr><tr><td>Porsche Endurance<\/td><td>Interlagos<\/td><td>Corrida<\/td><td>10:30<\/td><td>SporTV 3\/Band<\/td><\/tr><tr><td>MotoE<\/td><td>GP da \u00c1ustria<\/td><td>Classifica\u00e7\u00e3o<\/td><td>11:10<\/td><td>FOX Sports<\/td><\/tr><tr><td>Indy<\/td><td>GP de Indian\u00e1polis 2<\/td><td>Corrida <\/td><td>13:45<\/td><td>TV Cultura<\/td><\/tr><tr><td>Xfinity<\/td><td>Indian\u00e1polis<\/td><td>Corrida<\/td><td>17:00<\/td><td>FOX Sports<\/td><\/tr><\/tbody><\/table><\/figure>\n\n\n\n<p class=\"wp-block-paragraph\"><strong>Domingo, 15 de agosto<\/strong>:<\/p>\n\n\n\n<figure class=\"wp-block-table\"><table><tbody><tr><td>CATEGORIA<\/td><td>ETAPA<\/td><td>ATIVIDADE<\/td><td>HORA<\/td><td>EMISSORA<\/td><\/tr><tr><td>Moto3<\/td><td>GP da \u00c1ustria<\/td><td>Corrida<\/td><td>06:00<\/td><td>FOX Sports<\/td><\/tr><tr><td>F\u00f3rmula E<\/td><td>eP de Berlim 2<\/td><td>Classifica\u00e7\u00e3o<\/td><td>06:30<\/td><td>TV Cultura\/SporTV 2<\/td><\/tr><tr><td>Mundial de Rali<\/td><td>Rali da B\u00e9lgica<\/td><td>Terceiro dia<\/td><td>07:00<\/td><td>ESPN<\/td><\/tr><tr><td>Moto2<\/td><td>GP da \u00c1ustria<\/td><td>Corrida<\/td><td>07:20<\/td><td>FOX Sports<\/td><\/tr><tr><td>MotoGP<\/td><td>GP da \u00c1ustria<\/td><td>Corrida<\/td><td>09:00<\/td><td>FOX Sports<\/td><\/tr><tr><td>MotoE<\/td><td>GP da \u00c1ustria<\/td><td>Corrida<\/td><td>10:30<\/td><td>FOX Sports<\/td><\/tr><tr><td>F\u00f3rmula E<\/td><td>eP de Berlim 2<\/td><td>Corrida<\/td><td>10:30<\/td><td>TV Cultura\/SporTV 2<\/td><\/tr><tr><td>Copa Truck<\/td><td>Tarum\u00e3<\/td><td>Corrida<\/td><td>14:00<\/td><td>Band\/SporTV 2<\/td><\/tr><tr><td>Nascar<\/td><td>Indian\u00e1polis<\/td><td>Corrida<\/td><td>14:00<\/td><td>FOX Sports<\/td><\/tr><\/tbody><\/table><\/figure>\n","protected":false},"excerpt":{"rendered":"<p>O fim de semana do esporte a motor tem novas etapas da Indy e da MotoGP, al\u00e9m da Nascar, da Copa Truck e da decis\u00e3o da F\u00f3rmula E. Confira a programa\u00e7\u00e3o de TV e do streaming<\/p>\n","protected":false},"author":0,"featured_media":1000474314,"comment_status":"closed","ping_status":"closed","sticky":false,"template":"","format":"standard","meta":{"42wp_featured_image_caption":"","42wp_featured_image_credits":"","42wp_featured_video":"","42wp_featured_image_hidden":false,"42wp_authors_list":[],"footnotes":""},"categories":[38],"tags":[26559,840,93,78,411,25771,24971,8714],"42wp_author":[47117],"class_list":["post-118687","post","type-post","status-publish","format-standard","has-post-thumbnail","hentry","category-programacao-tv","tag-f1-na-tv","tag-formula-e","tag-indy","tag-motogp","tag-nascar","tag-programacao","tag-programacao-da-tv","tag-xfinity","42wp_author-gabriel-curty"],"_links":{"self":[{"href":"https:\/\/grandepremio.com\/br\/wp-json\/wp\/v2\/posts\/118687","targetHints":{"allow":["GET"]}}],"collection":[{"href":"https:\/\/grandepremio.com\/br\/wp-json\/wp\/v2\/posts"}],"about":[{"href":"https:\/\/grandepremio.com\/br\/wp-json\/wp\/v2\/types\/post"}],"replies":[{"embeddable":true,"href":"https:\/\/grandepremio.com\/br\/wp-json\/wp\/v2\/comments?post=118687"}],"version-history":[{"count":0,"href":"https:\/\/grandepremio.com\/br\/wp-json\/wp\/v2\/posts\/118687\/revisions"}],"wp:featuredmedia":[{"embeddable":true,"href":"https:\/\/grandepremio.com\/br\/wp-json\/wp\/v2\/media\/1000474314"}],"wp:attachment":[{"href":"https:\/\/grandepremio.com\/br\/wp-json\/wp\/v2\/media?parent=118687"}],"wp:term":[{"taxonomy":"category","embeddable":true,"href":"https:\/\/grandepremio.com\/br\/wp-json\/wp\/v2\/categories?post=118687"},{"taxonomy":"post_tag","embeddable":true,"href":"https:\/\/grandepremio.com\/br\/wp-json\/wp\/v2\/tags?post=118687"},{"taxonomy":"42wp_author","embeddable":true,"href":"https:\/\/grandepremio.com\/br\/wp-json\/wp\/v2\/42wp_author?post=118687"}],"curies":[{"name":"wp","href":"https:\/\/api.w.org\/{rel}","templated":true}]}}