{"id":11876,"date":"2026-02-20T12:36:35","date_gmt":"2026-02-20T15:36:35","guid":{"rendered":"https:\/\/grandepremio.com\/br\/noticias\/sergio-perez-principal-foco-cadillac-f1-crava-importante-rapidez-evolucao\/"},"modified":"2026-02-20T12:36:47","modified_gmt":"2026-02-20T15:36:47","slug":"sergio-perez-principal-foco-cadillac-f1-crava-importante-rapidez-evolucao","status":"publish","type":"post","link":"https:\/\/grandepremio.com\/br\/f1\/sergio-perez-principal-foco-cadillac-f1-crava-importante-rapidez-evolucao\/","title":{"rendered":"P\u00e9rez elege principal foco da Cadillac na F1 e crava: &#8220;Importante \u00e9 rapidez de evolu\u00e7\u00e3o&#8221;"},"content":{"rendered":"\n<p class=\"wp-block-paragraph\"><strong>Sergio P\u00e9rez<\/strong> encerrou as atividades de <strong>pr\u00e9-temporada<\/strong> da <strong>F\u00f3rmula 1<\/strong> no <strong>Bahrein<\/strong> com o <strong>d\u00e9cimo lugar<\/strong> na <a href=\"https:\/\/www.grandepremio.com\/br\/f1\/noticias\/charles-leclerc-lidera-manha-ultimo-dia-testes-f1-bahrein-mercedes-sofre-falha-motor\/\">sess\u00e3o da manh\u00e3 desta sexta-feira<\/a> (20). O piloto da <strong>Cadillac<\/strong> ficou em desvantagem de <strong>7s153 <\/strong>para o l\u00edder <strong>Charles Leclerc, <\/strong>da <strong>Ferrari<\/strong>. Em coletiva de imprensa no <strong>Circuito de Sakhir<\/strong>, o mexicano destacou a quilometragem e os dados acumulados pela equipe ao longo das duas semanas de testes.\u00a0<\/p>\n\n\n\n<p class=\"wp-block-paragraph\">P\u00e9rez retorna \u00e0 <strong>F\u00f3rmula 1<\/strong> com a estreante <strong>Cadillac<\/strong> ao lado de <strong>Valtteri Bottas<\/strong>, ap\u00f3s um ano longe das pistas. Na segunda bateria da pr\u00e9-temporada, o mexicano conseguiu reduzir a dist\u00e2ncia para os l\u00edderes e focou em realizar mais voltas no \u00faltimo dia, com um total de <strong>61 giros<\/strong>. <\/p>\n\n\n\n<p class=\"wp-block-paragraph\">Na <a href=\"https:\/\/www.grandepremio.com\/br\/f1\/noticias\/george-russell-bate-oscar-piastri-0s010-lidera-dia-4-testes-f1-bahrein-gabriel-bortoleto-10o\/\">abertura da \u00faltima semana<\/a>, ficou a <strong>3s452 <\/strong>do l\u00edder <strong>George Russell<\/strong>, da <strong>Mercedes<\/strong>; <a href=\"https:\/\/www.grandepremio.com\/br\/f1\/noticias\/andrea-kimi-antonelli-poe-mercedes-lideranca-dia-5-testes-f1-bahrein-gabriel-bortoleto-12\/\">no dia seguinte, diminuiu a dist\u00e2ncia<\/a> para <strong>2s566 <\/strong>em rela\u00e7\u00e3o a <strong>Andrea Kimi Antonelli<\/strong>, tamb\u00e9m das Flechas de Prata.<\/p>\n\n\n\n<p class=\"wp-block-paragraph\">Em coletiva realizada no <strong>circuito de Sakhir,<\/strong> o <strong>dono do #11<\/strong> foi questionado sobre a sensa\u00e7\u00e3o de voltar \u00e0 categoria. \u201cAcho que estamos nos divertindo muito por estar de volta. Estamos melhorando bastante a cada teste\u201d, come\u00e7ou. \u201cEstamos acumulando muita quilometragem, o que tem sido a parte mais importante para n\u00f3s\u201d, continuou P\u00e9rez.<\/p>\n\n\n\n<figure class=\"wp-block-image size-large\"><img decoding=\"async\" src=\"https:\/\/www.grandepremio.com\/br\/wp-content\/uploads\/2026\/02\/AFP-testes-pre-temporada-f1-2026-cadillac-sergio-perez-02-1200x800.jpg\" alt=\"\" class=\"wp-image-1059628\"\/><figcaption class=\"wp-element-caption\">Sergio P\u00e9rez (Foto: AFP)<\/figcaption><\/figure>\n\n\n\n<p class=\"wp-block-paragraph\">Por ser uma equipe completamente nova no grid, a <strong>Cadillac<\/strong> precisa se ajustar \u00e0 categoria, enquanto a dupla veterana se adapta ao novo regulamento. Ao longo da pr\u00e9-temporada, P\u00e9rez destacou a <a href=\"https:\/\/www.grandepremio.com\/br\/f1\/noticias\/sergio-perez-ve-f1-muito-diferente-aponta-desafio-motor-dificil-entender-tudo\/\">dificuldade com o novo motor<\/a> e em <a href=\"https:\/\/www.grandepremio.com\/br\/f1\/noticias\/sergio-perez-ressalta-desafio-gerenciamento-energia-f1-2026-cada-volta-e-diferente\/\">compreender o gerenciamento de energia<\/a>. \u201cAcho que sab\u00edamos que seria um come\u00e7o muito dif\u00edcil, mas o importante \u00e9 a rapidez com que podemos evoluir a partir daqui\u201d, acrescentou.<\/p>\n\n\n\n<p class=\"wp-block-paragraph\">\u201cTem sido uma boa quilometragem e acho que agora estamos obviamente nos aperfei\u00e7oando. Os testes acabaram para mim, mas ajustar os pequenos detalhes ser\u00e1 muito bom para Melbourne\u201d, encerrou Checo.<\/p>\n\n\n\n<p class=\"wp-block-paragraph\">A&nbsp;<strong>F\u00f3rmula 1&nbsp;<\/strong>realiza a segunda parte do \u00faltimo dia de testes coletivos da pr\u00e9-temporada 2026. O&nbsp;<strong>GRANDE PR\u00caMIO<\/strong>&nbsp;acompanha todas as atividades<strong>&nbsp;AO VIVO&nbsp;<\/strong>e&nbsp;<strong>EM TEMPO REAL<\/strong>&nbsp;e traz a an\u00e1lise completa de tudo o que aconteceu nas sess\u00f5es no&nbsp;<strong>BRIEFING<\/strong>.<br><br>\u25b6\ufe0f&nbsp;<strong>Inscreva-se nos dois canais do GRANDE PR\u00caMIO no YouTube:&nbsp;<a href=\"https:\/\/www.youtube.com\/channel\/UC9OlHEgxoaY6QY6nWPoiqQg?sub_confirmation=1\" target=\"_blank\" rel=\"noreferrer noopener\">GP<\/a>&nbsp;|&nbsp;<a href=\"https:\/\/www.youtube.com\/channel\/UC9csiS6q_C3C0FYhyr1rnFA?sub_confirmation=1\" target=\"_blank\" rel=\"noreferrer noopener\">GPTV<\/a><\/strong><\/p>\n\n\n\n<h2 class=\"wp-block-heading\" id=\"h-f1-hoje-saiba-aqui-as-noticias-mais-importantes-do-dia-da-formula-1\"><strong>F1 hoje: saiba aqui as not\u00edcias mais importantes do dia da F\u00f3rmula 1<\/strong><\/h2>\n\n\n\n<p class=\"wp-block-paragraph\"><strong>\u25b6\ufe0f&nbsp;<a href=\"https:\/\/www.grandepremio.com\/br\/f1\/noticias\/charles-leclerc-lidera-manha-ultimo-dia-testes-f1-bahrein-mercedes-sofre-falha-motor\/\">Leclerc lidera manh\u00e3 do \u00faltimo dia de testes da F1 no Bahrein. Mercedes para na pista<\/a><br>\u25b6\ufe0f&nbsp;<a href=\"https:\/\/www.grandepremio.com\/br\/f1\/noticias\/andrea-kimi-antonelli-tranquiliza-diz-problema-motor-mercedes-foi-solucionado\/\">Antonelli tranquiliza e diz que problema em motor da Mercedes \u201cfoi solucionado\u201d<\/a><br>\u25b6\ufe0f&nbsp;<a href=\"https:\/\/www.grandepremio.com\/br\/f1\/noticias\/ceo-exalta-amor-max-verstappen-f1-aposta-vai-mudar-opiniao-ate-fim-do-ano\/\">CEO exalta amor de Verstappen por F1 e aposta: \u201cVai mudar de opini\u00e3o at\u00e9 fim do ano\u201d<\/a><br>\u25b6\ufe0f&nbsp;<a href=\"https:\/\/www.grandepremio.com\/br\/f1\/noticias\/aston-martin-decide-encerrar-ultimo-dia-testes-bahrein-apenas-6-voltas\/\">Aston Martin decide encerrar \u00faltimo dia de testes no Bahrein com apenas 6 voltas<\/a><\/strong><\/p>\n\n\n\n<p class=\"wp-block-paragraph\"><\/p>\n","protected":false},"excerpt":{"rendered":"<p>Sergio P\u00e9rez foi o d\u00e9cimo colocado na manh\u00e3 desta sexta-feira, na \u00faltima participa\u00e7\u00e3o na pr\u00e9-temporada da F1, no Bahrein. Experiente, mexicano ressaltou a import\u00e2ncia da quilometragem para a estreante Cadillac<\/p>\n","protected":false},"author":0,"featured_media":1001057780,"comment_status":"closed","ping_status":"closed","sticky":false,"template":"","format":"standard","meta":{"42wp_featured_image_caption":"","42wp_featured_image_credits":"","42wp_featured_video":"","42wp_featured_image_hidden":false,"42wp_authors_list":[],"footnotes":""},"categories":[2],"tags":[27861,1667,729,26271,209,5273,147,29516,29148,207,180,31425,28995,800,1491,28285,30840,82,35129,2717,3132,31470,1881,612],"42wp_author":[47168],"class_list":["post-11876","post","type-post","status-publish","format-standard","has-post-thumbnail","hentry","category-f1","tag-andrea-kimi-antonelli","tag-bahrein","tag-cadillac","tag-calendario-f1","tag-charles-leclerc","tag-classificacao-f1","tag-f1","tag-f1-2026","tag-f1-hoje","tag-ferrari","tag-formula-1","tag-formula-1-2026","tag-formula-1-hoje","tag-george-russell","tag-grande-premio","tag-grandepremio","tag-horarios-f1","tag-mercedes","tag-onde-assistir-f1","tag-pre-temporada","tag-sergio-perez","tag-temporada-2026-f1","tag-testes-coletivos","tag-valtteri-bottas","42wp_author-ana-leticia-ferro"],"_links":{"self":[{"href":"https:\/\/grandepremio.com\/br\/wp-json\/wp\/v2\/posts\/11876","targetHints":{"allow":["GET"]}}],"collection":[{"href":"https:\/\/grandepremio.com\/br\/wp-json\/wp\/v2\/posts"}],"about":[{"href":"https:\/\/grandepremio.com\/br\/wp-json\/wp\/v2\/types\/post"}],"replies":[{"embeddable":true,"href":"https:\/\/grandepremio.com\/br\/wp-json\/wp\/v2\/comments?post=11876"}],"version-history":[{"count":0,"href":"https:\/\/grandepremio.com\/br\/wp-json\/wp\/v2\/posts\/11876\/revisions"}],"wp:featuredmedia":[{"embeddable":true,"href":"https:\/\/grandepremio.com\/br\/wp-json\/wp\/v2\/media\/1001057780"}],"wp:attachment":[{"href":"https:\/\/grandepremio.com\/br\/wp-json\/wp\/v2\/media?parent=11876"}],"wp:term":[{"taxonomy":"category","embeddable":true,"href":"https:\/\/grandepremio.com\/br\/wp-json\/wp\/v2\/categories?post=11876"},{"taxonomy":"post_tag","embeddable":true,"href":"https:\/\/grandepremio.com\/br\/wp-json\/wp\/v2\/tags?post=11876"},{"taxonomy":"42wp_author","embeddable":true,"href":"https:\/\/grandepremio.com\/br\/wp-json\/wp\/v2\/42wp_author?post=11876"}],"curies":[{"name":"wp","href":"https:\/\/api.w.org\/{rel}","templated":true}]}}