{"id":118761,"date":"2021-08-09T10:00:51","date_gmt":"2021-08-09T13:00:51","guid":{"rendered":"https:\/\/grandepremio.com\/br\/noticias\/fabio-quartararo-celebra-grande-trabalho-estiria-nao-podia-ser-melhor\/"},"modified":"2021-08-09T10:00:57","modified_gmt":"2021-08-09T13:00:57","slug":"fabio-quartararo-celebra-grande-trabalho-estiria-nao-podia-ser-melhor","status":"publish","type":"post","link":"https:\/\/grandepremio.com\/br\/motogp\/fabio-quartararo-celebra-grande-trabalho-estiria-nao-podia-ser-melhor\/","title":{"rendered":"3\u00ba, Quartararo celebra \u201cgrande trabalho\u201d no GP da Est\u00edria: \u201cN\u00e3o podia ser melhor\u201d"},"content":{"rendered":"\n<figure class=\"wp-block-embed is-type-video is-provider-youtube wp-block-embed-youtube wp-embed-aspect-16-9 wp-has-aspect-ratio\"><div class=\"wp-block-embed__wrapper\">\n<iframe loading=\"lazy\" title=\"O ADEUS DE VALENTINO ROSSI | Cr\u00f4nicas GP\" width=\"500\" height=\"281\" src=\"https:\/\/www.youtube.com\/embed\/53BZD2X3BS8?feature=oembed\" frameborder=\"0\" allow=\"accelerometer; autoplay; clipboard-write; encrypted-media; gyroscope; picture-in-picture; web-share\" referrerpolicy=\"strict-origin-when-cross-origin\" allowfullscreen><\/iframe>\n<\/div><\/figure>\n\n\n\n<p class=\"wp-block-paragraph\">Fabio Quartararo saiu satisfeito do <a href=\"https:\/\/www.grandepremio.com\/br\/motogp\/noticias\/jorge-martin-resiste-joan-mir-vence-primeira-motogp-gp-estiria-marcado-incendio\/\" target=\"_blank\" rel=\"noreferrer noopener\">GP da Est\u00edria<\/a> por considerar que n\u00e3o poderia ter conseguido um resultado melhor. O franc\u00eas recebeu a bandeirada em terceiro no domingo (8) e comemorou o \u201cgrande trabalho\u201d feito pela Yamaha.<\/p>\n\n\n\n<p class=\"wp-block-paragraph\">O Red Bull Ring \u00e9 conhecido por n\u00e3o ser uma pista que favorece a YZR-M1, mas <a href=\"https:\/\/www.grandepremio.com\/br\/motogp\/noticias\/fabio-quartararo-amplia-vantagem-lideranca-motogp-gp-estiria-confira-classificacao\/\" target=\"_blank\" rel=\"noreferrer noopener\">Fabio conseguiu aumentar a vantagem na lideran\u00e7a do Mundial<\/a>, que chegou em 40 pontos em rela\u00e7\u00e3o a Johann Zarco, o segundo na tabela.<\/p>\n\n\n\n<p class=\"wp-block-paragraph\"><strong>Conhe\u00e7a o canal do Grande Pr\u00eamio no\u00a0<a href=\"https:\/\/www.youtube.com\/GrandePremioTV\">YouTube<\/a>.<br>Siga o Grande Pr\u00eamio no\u00a0<a rel=\"noreferrer noopener\" href=\"https:\/\/twitter.com\/grandepremio\" target=\"_blank\">Twitter\u00a0<\/a>e no\u00a0<a rel=\"noreferrer noopener\" href=\"https:\/\/instagram.com\/grandepremio\" target=\"_blank\">Instagram<\/a>.<\/strong><\/p>\n\n\n\n<figure class=\"wp-block-image size-large\"><img decoding=\"async\" src=\"https:\/\/www.grandepremio.com\/br\/wp-content\/uploads\/2021\/08\/MEYM_080821__GIA0117-2-1024x683.jpg\" alt=\"\" class=\"wp-image-498184\"\/><figcaption>Fabio Quartararo considerou que a Yamaha fez um \u00f3timo trabalho no GP da Est\u00edria (Foto: Yamaha)<\/figcaption><\/figure>\n\n\n\n<p class=\"wp-block-paragraph\"><strong>ASSISTA<\/strong><br>#\u00a0<strong><a href=\"https:\/\/www.grandepremio.com\/br\/video\/motogp\/dani-pedrosa-lorenzo-savadori-causam-acidente-fogo-bandeira-vermelha-gp-estiria-motogp\/\" target=\"_blank\" rel=\"noreferrer noopener\">Pedrosa e Savadori causam acidente com fogo e bandeira vermelha no GP da Est\u00edria<\/a><\/strong><br>#\u00a0<strong><a href=\"https:\/\/www.grandepremio.com\/br\/piloto\/aleix-espargaro\/\" target=\"_blank\" rel=\"noreferrer noopener\">Aleix Espargar\u00f3<\/a><a href=\"https:\/\/www.grandepremio.com\/br\/video\/motogp\/aleix-espargaro-marc-marquez-discutem-pista-toque-durante-gp-estiria\/\" target=\"_blank\" rel=\"noreferrer noopener\">\u00a0e\u00a0<\/a><a href=\"https:\/\/www.grandepremio.com\/br\/piloto\/marc-marquez\/\" target=\"_blank\" rel=\"noreferrer noopener\">Marc M\u00e1rquez<\/a><a href=\"https:\/\/www.grandepremio.com\/br\/video\/motogp\/aleix-espargaro-marc-marquez-discutem-pista-toque-durante-gp-estiria\/\" target=\"_blank\" rel=\"noreferrer noopener\">\u00a0discutem na pista ap\u00f3s toque durante GP da Est\u00edria<\/a><\/strong><\/p>\n\n\n\n<p class=\"wp-block-paragraph\">Na corrida, Fabio chegou a cair de terceiro para sexto na largada, mas acabou tendo uma segunda chance ap\u00f3s a interrup\u00e7\u00e3o em bandeira vermelha por causa do <a href=\"https:\/\/www.grandepremio.com\/br\/motogp\/noticias\/acidente-dani-pedrosa-lorenzo-savadori-causa-incendio-bandeira-vermelha-gp-estiria\/\" target=\"_blank\" rel=\"noreferrer noopener\">acidente que envolveu Dani Pedrosa e Lorenzo Savadori<\/a>. Na relargada, o piloto de 22 anos perdeu uma posi\u00e7\u00e3o para Jack Miller, com quem lutou bastante pelo terceiro lugar. Quando assegurou a posi\u00e7\u00e3o, por\u00e9m, a vantagem de Mart\u00edn e Mir j\u00e1 era muito grande.<\/p>\n\n\n\n<p class=\"wp-block-paragraph\">Ainda assim, o piloto da Yamaha viu Miller cair e abandonar mais adiante na disputa e ainda terminou bem \u00e0 frente de Zarco e Francesco Bagnaia, dois rivais pr\u00f3ximos na tabela. Por isso, \u2018El Diablo\u2019 saiu satisfeito da primeira perna da rodada dupla no Red Bull Ring.<\/p>\n\n\n\n<p class=\"wp-block-paragraph\">\u201cSim, foi uma corrida dura, pois quando eu estava atr\u00e1s de Jack, ele cometeu um pequeno erro na curva 1 e era o \u00fanico jeito de eu permanecer atr\u00e1s dele na reta\u201d, disse Quartararo. \u201cTive dificuldade na curva 3 durante todo o fim de semana, mas hoje e ontem eu fui muito forte\u201d, seguiu.<\/p>\n\n\n\n<p class=\"wp-block-paragraph\">\u201cNa primeira corrida, consegui ultrapassar Marc, a\u00ed ultrapassei Jack e tivemos uma boa luta. Perdemos um pouco em compara\u00e7\u00e3o aos caras da ponta, mas eu n\u00e3o podia ser melhor\u201d, assumiu. \u201cN\u00e3o podia acompanhar Joan, n\u00e3o podia acompanhar Jorge, ent\u00e3o fico realmente satisfeito com este p\u00f3dio. Sabemos em que \u00e1rea temos de trabalhar, ent\u00e3o estou bem feliz. Fizemos um grande trabalho\u201d, considerou.<\/p>\n\n\n\n<p class=\"wp-block-paragraph\">A MotoGP volta a acelerar no pr\u00f3ximo domingo (15), com o GP da \u00c1ustria, novamente no&nbsp;<a href=\"https:\/\/www.grandepremio.com\/br\/etapa\/f1\/gp-da-austria-formula-1-2020\/\" target=\"_blank\" rel=\"noreferrer noopener\">Red Bull Ring<\/a>. O&nbsp;<strong>GRANDE PR\u00caMIO<\/strong>&nbsp;<a href=\"https:\/\/www.grandepremio.com\/br\/motogp\/ultimas-noticias\/\" target=\"_blank\" rel=\"noreferrer noopener\">acompanha todas as atividades<\/a>&nbsp;do Mundial de&nbsp;<a href=\"https:\/\/www.grandepremio.com\/br\/motogp\/\" target=\"_blank\" rel=\"noreferrer noopener\">Motovelocidade<\/a>&nbsp;2021.<\/p>\n\n\n\n<p class=\"wp-block-paragraph\"><strong>LEIA TAMB\u00c9M<\/strong><br>#\u00a0<strong><a href=\"https:\/\/www.grandepremio.com\/br\/motogp\/noticias\/valentino-rossi-aposentadoria-encerra-historia-motogp-2021\/\" target=\"_blank\" rel=\"noreferrer noopener\">Aos 42, Rossi decide por aposentadoria e encerra hist\u00f3ria na MotoGP em 2021<\/a><\/strong><br>#\u00a0<strong><a href=\"https:\/\/www.grandepremio.com\/br\/motogp\/noticias\/maior-historia-nao-valentino-rossi-impacto-transformador-popularizou-motogp\/\" target=\"_blank\" rel=\"noreferrer noopener\">Maior da hist\u00f3ria ou n\u00e3o, Rossi teve impacto transformador e popularizou MotoGP<\/a><\/strong><br>#\u00a0<strong><a href=\"https:\/\/www.grandepremio.com\/br\/motogp\/noticias\/idolo-referencia-lenda-mundo-esporte-motor-reage-aposentadoria-valentino-rossi\/\" target=\"_blank\" rel=\"noreferrer noopener\">\u00cddolo, refer\u00eancia e lenda: mundo do esporte a motor reage \u00e0 aposentadoria de Rossi<\/a><\/strong><br>#\u00a0<strong><a href=\"https:\/\/www.grandepremio.com\/br\/motogp\/noticias\/obrigada-valentino-rossi\/\" target=\"_blank\" rel=\"noreferrer noopener\">Obrigada, Vale<\/a><\/strong><br># <strong><a href=\"https:\/\/www.grandepremio.com\/br\/motogp\/noticias\/jorge-martin-tira-atraso-lesao-ratifica-adaptacao-rapida-vitoria-gp-estiria\/\" target=\"_blank\" rel=\"noreferrer noopener\">Mart\u00edn tira atraso de les\u00e3o e ratifica adapta\u00e7\u00e3o r\u00e1pida com vit\u00f3ria no GP da Est\u00edria<\/a><\/strong><\/p>\n\n\n\n<figure class=\"wp-block-embed is-type-video is-provider-youtube wp-block-embed-youtube wp-embed-aspect-16-9 wp-has-aspect-ratio\"><div class=\"wp-block-embed__wrapper\">\n<iframe loading=\"lazy\" title=\"BOMBA! VALENTINO ROSSI ANUNCIA APOSENTADORIA DA MOTOGP | Briefing + WGP\" width=\"500\" height=\"281\" src=\"https:\/\/www.youtube.com\/embed\/zIxNCftp6ng?feature=oembed\" frameborder=\"0\" allow=\"accelerometer; autoplay; clipboard-write; encrypted-media; gyroscope; picture-in-picture; web-share\" referrerpolicy=\"strict-origin-when-cross-origin\" allowfullscreen><\/iframe>\n<\/div><\/figure>\n","protected":false},"excerpt":{"rendered":"<p>L\u00edder da MotoGP reconheceu que n\u00e3o tinha ritmo para acompanhar Jorge Mart\u00edn e Joan Mir, mas se mostrou satisfeito com o resultado em um circuito que sempre foi dif\u00edcil para a Yamaha<\/p>\n","protected":false},"author":0,"featured_media":1000498183,"comment_status":"closed","ping_status":"closed","sticky":false,"template":"","format":"standard","meta":{"42wp_featured_image_caption":"","42wp_featured_image_credits":"","42wp_featured_video":"","42wp_featured_image_hidden":false,"42wp_authors_list":[],"footnotes":""},"categories":[8],"tags":[27212,24854,25063,110,79,78,490,28765,28764,25819,28345,28766,26690,172],"42wp_author":[47113],"class_list":["post-118761","post","type-post","status-publish","format-standard","has-post-thumbnail","hentry","category-motogp","tag-calendario-motogp-2021","tag-classificacao-motogp-2","tag-estiria","tag-fabio-quartararo","tag-moto-gp","tag-motogp","tag-motogp-2021","tag-motogp-2021-calendario","tag-motogp-classificacao-2021","tag-motogp-hoje","tag-motogp-horarios","tag-motogp-standings","tag-pilotos-motogp","tag-yamaha","42wp_author-juliana-tesser"],"_links":{"self":[{"href":"https:\/\/grandepremio.com\/br\/wp-json\/wp\/v2\/posts\/118761","targetHints":{"allow":["GET"]}}],"collection":[{"href":"https:\/\/grandepremio.com\/br\/wp-json\/wp\/v2\/posts"}],"about":[{"href":"https:\/\/grandepremio.com\/br\/wp-json\/wp\/v2\/types\/post"}],"replies":[{"embeddable":true,"href":"https:\/\/grandepremio.com\/br\/wp-json\/wp\/v2\/comments?post=118761"}],"version-history":[{"count":0,"href":"https:\/\/grandepremio.com\/br\/wp-json\/wp\/v2\/posts\/118761\/revisions"}],"wp:featuredmedia":[{"embeddable":true,"href":"https:\/\/grandepremio.com\/br\/wp-json\/wp\/v2\/media\/1000498183"}],"wp:attachment":[{"href":"https:\/\/grandepremio.com\/br\/wp-json\/wp\/v2\/media?parent=118761"}],"wp:term":[{"taxonomy":"category","embeddable":true,"href":"https:\/\/grandepremio.com\/br\/wp-json\/wp\/v2\/categories?post=118761"},{"taxonomy":"post_tag","embeddable":true,"href":"https:\/\/grandepremio.com\/br\/wp-json\/wp\/v2\/tags?post=118761"},{"taxonomy":"42wp_author","embeddable":true,"href":"https:\/\/grandepremio.com\/br\/wp-json\/wp\/v2\/42wp_author?post=118761"}],"curies":[{"name":"wp","href":"https:\/\/api.w.org\/{rel}","templated":true}]}}