{"id":118800,"date":"2021-08-08T10:25:26","date_gmt":"2021-08-08T13:25:26","guid":{"rendered":"https:\/\/grandepremio.com\/br\/noticias\/jorge-martin-resiste-joan-mir-vence-primeira-motogp-gp-estiria-marcado-incendio\/"},"modified":"2021-08-08T11:02:18","modified_gmt":"2021-08-08T14:02:18","slug":"jorge-martin-resiste-joan-mir-vence-primeira-motogp-gp-estiria-marcado-incendio","status":"publish","type":"post","link":"https:\/\/grandepremio.com\/br\/motogp\/jorge-martin-resiste-joan-mir-vence-primeira-motogp-gp-estiria-marcado-incendio\/","title":{"rendered":"Mart\u00edn resiste a Mir e vence 1\u00aa na MotoGP em GP da Est\u00edria marcado por inc\u00eandio"},"content":{"rendered":"\n<figure class=\"wp-block-embed is-type-video is-provider-youtube wp-block-embed-youtube wp-embed-aspect-16-9 wp-has-aspect-ratio\"><div class=\"wp-block-embed__wrapper\">\n<iframe loading=\"lazy\" title=\"O ADEUS DE VALENTINO ROSSI | Cr\u00f4nicas GP\" width=\"500\" height=\"281\" src=\"https:\/\/www.youtube.com\/embed\/53BZD2X3BS8?feature=oembed\" frameborder=\"0\" allow=\"accelerometer; autoplay; clipboard-write; encrypted-media; gyroscope; picture-in-picture; web-share\" referrerpolicy=\"strict-origin-when-cross-origin\" allowfullscreen><\/iframe>\n<\/div><\/figure>\n\n\n\n<p class=\"wp-block-paragraph\">Jorge Mart\u00edn teve, finalmente, seu dia de consagra\u00e7\u00e3o na MotoGP com o GP da Est\u00edria. Novato na classe rainha do Mundial de Motovelocidade, o espanhol mostrou maturidade e segurou Joan Mir durante boa parte da prova para vencer no Red Bull Ring a primeira dele na categoria.<\/p>\n\n\n\n<p class=\"wp-block-paragraph\">Mir n\u00e3o conseguiu a segunda vit\u00f3ria na carreira, mas mostrou bom rendimento e terminou em segundo. L\u00edder do campeonato, Fabio Quartararo ficou na terceira coloca\u00e7\u00e3o e fechou o p\u00f3dio.<\/p>\n\n\n\n<p class=\"wp-block-paragraph\"><strong>LEIA TAMB\u00c9M<\/strong><br># <strong><a href=\"https:\/\/www.grandepremio.com\/br\/motogp\/noticias\/acidente-dani-pedrosa-lorenzo-savadori-causa-incendio-bandeira-vermelha-gp-estiria\/\" target=\"_blank\" rel=\"noreferrer noopener\">Acidente entre Pedrosa e Savadori causa inc\u00eandio e bandeira vermelha no GP da Est\u00edria<\/a><\/strong><\/p>\n\n\n\n<figure class=\"wp-block-image size-large\"><img decoding=\"async\" src=\"https:\/\/www.grandepremio.com\/br\/wp-content\/uploads\/2021\/08\/000_9KU6EW-1024x683.jpg\" alt=\"\" class=\"wp-image-497808\"\/><figcaption>Jorge Mart\u00edn segurou Joan Mir durante boa parte da prova (Foto: AFP)<\/figcaption><\/figure>\n\n\n\n<p class=\"wp-block-paragraph\"><strong>Conhe\u00e7a o canal do Grande Pr\u00eamio no&nbsp;<a href=\"https:\/\/www.youtube.com\/GrandePremioTV\">YouTube<\/a>.<br>Siga o Grande Pr\u00eamio no&nbsp;<a rel=\"noreferrer noopener\" href=\"https:\/\/twitter.com\/grandepremio\" target=\"_blank\">Twitter&nbsp;<\/a>e no&nbsp;<a rel=\"noreferrer noopener\" href=\"https:\/\/instagram.com\/grandepremio\" target=\"_blank\">Instagram<\/a>.<\/strong><\/p>\n\n\n\n<p class=\"wp-block-paragraph\">Brad Binder acabou em quarto, com Takaaki Nakagami e Johann Zarco na sequ\u00eancia. \u00c1lex Rins, Marc M\u00e1rquez, \u00c1lex M\u00e1rquez e Dani Pedrosa fecharam o top-10 no Red Bull Ring.<\/p>\n\n\n\n<p class=\"wp-block-paragraph\">A prova na Est\u00edria <a href=\"https:\/\/www.grandepremio.com\/br\/motogp\/noticias\/acidente-dani-pedrosa-lorenzo-savadori-causa-incendio-bandeira-vermelha-gp-estiria\/\">foi marcada por um espetacular acidente<\/a> envolvendo Dani Pedrosa e Lorenzo Savadori na terceira volta. O espanhol caiu e teve a moto atingida pelo piloto da Avintia, causando um inc\u00eandio na pista. Os dois est\u00e3o bem, mas s\u00f3 o competidor da KTM voltou para a corrida, enquanto Savadori assistiu tudo do centro m\u00e9dico.<\/p>\n\n\n\n<p class=\"wp-block-paragraph\">Mesmo sem vit\u00f3ria no Red Bull Ring, Quartararo aumentou a vantagem na lideran\u00e7a da MotoGP. O franc\u00eas de Nice agora tem 40 pontos a mais que Zarco, que permanece em segundo. Mir vem em terceiro, seguido por Bagnaia, Miller, Maverick Vi\u00f1ales, Miguel Oliveira, Binder, Aleix Espargar\u00f3 e Marc M\u00e1rquez.<\/p>\n\n\n\n<p class=\"wp-block-paragraph\">A MotoGP volta a acelerar no pr\u00f3ximo domingo (15), com o GP da \u00c1ustria, novamente no Red Bull Ring. O&nbsp;<strong>GRANDE PR\u00caMIO<\/strong>&nbsp;<a href=\"https:\/\/www.grandepremio.com\/br\/motogp\/ultimas-noticias\/\" target=\"_blank\" rel=\"noreferrer noopener\">acompanha todas as atividades<\/a>&nbsp;do Mundial de&nbsp;<a href=\"https:\/\/www.grandepremio.com\/br\/motogp\/\" target=\"_blank\" rel=\"noreferrer noopener\">Motovelocidade<\/a>&nbsp;2021.<\/p>\n\n\n\n<p class=\"wp-block-paragraph\"><strong>ASSISTA<\/strong><br># <strong><a href=\"https:\/\/www.grandepremio.com\/br\/video\/motogp\/dani-pedrosa-lorenzo-savadori-causam-acidente-fogo-bandeira-vermelha-gp-estiria-motogp\/\" target=\"_blank\" rel=\"noreferrer noopener\">Pedrosa e Savadori causam acidente com fogo e bandeira vermelha no GP da Est\u00edria<\/a><\/strong><br># <strong><a href=\"https:\/\/www.grandepremio.com\/br\/video\/motogp\/aleix-espargaro-marc-marquez-discutem-pista-toque-durante-gp-estiria\/\" target=\"_blank\" rel=\"noreferrer noopener\">Aleix Espargar\u00f3 e Marc M\u00e1rquez discutem na pista ap\u00f3s toque durante GP da Est\u00edria<\/a><\/strong><\/p>\n\n\n\n<h3 class=\"wp-block-heading\"><strong>Saiba como foi o GP da Est\u00edria de MotoGP:<\/strong><\/h3>\n\n\n\n<p class=\"wp-block-paragraph\">A MotoGP partiu para a pista neste domingo com o asfalto seco, mas com previs\u00e3o de chuva para pouco depois da largada. Inclusive chuva forte. Ainda assim, quando deixaram os boxes, os pilotos encararam temperaturas de 18\u00b0C, com o asfalto chegando a 20\u00b0C. A velocidade do vento era de 10 km\/h.<\/p>\n\n\n\n<p class=\"wp-block-paragraph\">Para este fim de semana, a Michelin levou pneus slicks macios, m\u00e9dios e duros para o Red Bull Ring, com todos os traseiros e o mais resistente dos dianteiros em configura\u00e7\u00e3o assim\u00e9trica. Em caso de chuva, as op\u00e7\u00f5es eram os macios e os m\u00e9dios.<\/p>\n\n\n\n<p class=\"wp-block-paragraph\">No grid, a maioria optou pelo dianteiro m\u00e9dio, com exce\u00e7\u00e3o das KTM, Lorenzo Savadori e Marc M\u00e1rquez, que foram com o duro. Na traseira, todos de m\u00e9dios, exceto o hexacampe\u00e3o, que escolheu o macio.<\/p>\n\n\n\n<p class=\"wp-block-paragraph\">Antes da largada, por\u00e9m, Aleix Espargar\u00f3 e \u00c1lex Rins seguiram as KTM com os pneus dianteiros duros, mas Marc e Savadori trocaram para os m\u00e9dios. Na traseira, Johann Zarco, Enea Bastianini, Savadori e Valentino Rossi ficaram com os macios, com os demais cal\u00e7ando m\u00e9dios.<\/p>\n\n\n\n<p class=\"wp-block-paragraph\">Na hora da largada, os 26.210 espectadores presentes no Red Bull Ring viram Francesco Bagnaia tracionar bem para tomar a lideran\u00e7a de Jorge Mart\u00edn, com Joan Mir passando Fabio Quartararo para ser terceiro.<\/p>\n\n\n\n<figure class=\"wp-block-video\"><video class=\"video-js vjs-big-play-centered\" data-gp-vjs=\"1\" controls src=\"https:\/\/www.grandepremio.com\/br\/wp-content\/uploads\/2021\/08\/MotoGP-Estiria-largada.mp4\"><\/video><figcaption>A largada do GP da Est\u00edria (V\u00eddeo: MotoGP)<\/figcaption><\/figure>\n\n\n\n<p class=\"wp-block-paragraph\">Ainda nos primeiros metros, Mart\u00edn recuperou a ponta na Est\u00edria, mas perdeu pouco depois, j\u00e1 que Pecco tomou de volta logo em seguida. Mir ficou em terceiro, com Marc M\u00e1rquez passando Quartararo para assumir a quarta coloca\u00e7\u00e3o depois de uma manobra bastante agressiva para cima de Aleix Espargar\u00f3 na curva 1. <\/p>\n\n\n\n<p class=\"wp-block-paragraph\">Ainda na volta 2, Mir passou Mart\u00edn e tomou o segundo posto, j\u00e1 0s225 atr\u00e1s de Bagnaia. Jorge, contudo, insistiu e recuperou a posi\u00e7\u00e3o. Mais atr\u00e1s, Vi\u00f1ales passou Quartararo, mas levou o troco quase que de imediato.<\/p>\n\n\n\n<p class=\"wp-block-paragraph\">M\u00e1rquez seguiu no ataque e passou Mir pelo terceiro lugar. Pouco depois, por\u00e9m, o espanhol desceu para quinto, depois de um contato com Joan na curva 6. Quartararo, ent\u00e3o, subiu para terceiro, seguido pelo campe\u00e3o vigente.<\/p>\n\n\n\n<p class=\"wp-block-paragraph\">Pouco depois, por\u00e9m, a corrida foi interrompida em bandeira vermelha por causa de um acidente na curva 3. Lorenzo Savadori e Dani Pedrosa ca\u00edram e as motos pegaram fogo. O italiano foi retirado da pista de maca, mas o espanhol saiu andando, sem les\u00f5es maiores. <\/p>\n\n\n\n<p class=\"wp-block-paragraph\">\u00c9 a terceira corrida seguida da MotoGP no tra\u00e7ado de Spielberg que precisa ser interrompida por causa de circunst\u00e2ncias peculiares: em 2020, no GP da \u00c1ustria, <a href=\"https:\/\/www.grandepremio.com\/br\/motogp\/noticias\/zarco-derruba-morbidelli-e-provoca-acidente-assustador-no-gp-da-austria\/\" target=\"_blank\" rel=\"noreferrer noopener\">Johann Zarco causou um assustador acidente com Franco Morbidelli, Maverick Vi\u00f1ales e Valentino Rossi<\/a>. Na semana seguinte, no GP da Est\u00edra, o <a href=\"https:\/\/www.grandepremio.com\/br\/motogp\/noticias\/vinales-fica-sem-freio-se-joga-no-chao-e-ve-yamaha-bater-e-pegar-fogo-no-gp-da-estiria\/\" target=\"_blank\" rel=\"noreferrer noopener\">espanhol da Yamaha precisou se atirar da moto ap\u00f3s ficar sem freio<\/a>. <\/p>\n\n\n\n<figure class=\"wp-block-video\"><video class=\"video-js vjs-big-play-centered\" data-gp-vjs=\"1\" controls src=\"https:\/\/www.grandepremio.com\/br\/wp-content\/uploads\/2021\/08\/MotoGP-Estiria-Pedrosa-Savadori-crash.mp4\"><\/video><figcaption>O grave acidente entre Dani Pedrosa e Lorenzo Savadori na Est\u00edria (V\u00eddeo: MotoGP)<\/figcaption><\/figure>\n\n\n\n<p class=\"wp-block-paragraph\">Pelo replay, foi poss\u00edvel ver que Pedrosa foi o primeiro a cair, mas a moto ficou na pista e acabou atropelada por Savadori, o que resultou num inc\u00eandio, prontamente contido pelos fiscais.<\/p>\n\n\n\n<p class=\"wp-block-paragraph\">Enquanto o procedimento de limpeza acontecia, a MotoGP anunciou que a corrida seria iniciada para 27 voltas uma a menos do que a previs\u00e3o inicial, com o grid original preservado. Como seria uma corrida nova, Pedrosa e Savadori poderiam reiniciar a disputa usando a segunda moto. O italiano chegou a ser examinado no centro m\u00e9dico da pista, mas foi liberado para correr. No entanto, a Aprilia confirmou que ele n\u00e3o voltaria \u00e0 ativa para ser mais detalhadamente examinado. <\/p>\n\n\n\n<p class=\"wp-block-paragraph\">Depois de uma longa interrup\u00e7\u00e3o, os pilotos voltaram ao grid para o procedimento r\u00e1pido de largada. Ou seja: um \u00fanico mec\u00e2nico no grid, depois volta de aquecimento e largada.<\/p>\n\n\n\n<p class=\"wp-block-paragraph\">E na hora de sair para a volta de aquecimento, Vi\u00f1ales levantou a m\u00e3o com a moto apagada e a\u00ed precisou ser levado ao pit-lane, de onde teve de largar. Uma decep\u00e7\u00e3o e tanto depois de um bom in\u00edcio na corrida anterior.<\/p>\n\n\n\n<p class=\"wp-block-paragraph\">Na relargada do GP da Est\u00edria, Mart\u00edn manteve a ponta, com Jack Miller saltando para segundo, \u00e0 frente e Joan Mir e Francesco Bagnaia. Assim como na primeira vez, Marc M\u00e1rquez e Aleix Espargar\u00f3 se enroscaram de novo.<\/p>\n\n\n\n<figure class=\"wp-block-video\"><video class=\"video-js vjs-big-play-centered\" data-gp-vjs=\"1\" controls src=\"https:\/\/www.grandepremio.com\/br\/wp-content\/uploads\/2021\/08\/MotoGP-2021-Estiria-Red-Bull-Ring-Domingo-Largada-2.mp4\"><\/video><figcaption>Relargada viu um novo enrosco entre Aleix Espargar\u00f3 e Marc M\u00e1rquez (V\u00eddeo: MotoGP)<\/figcaption><\/figure>\n\n\n\n<p class=\"wp-block-paragraph\">Miller n\u00e3o esperou muito para tomar a lideran\u00e7a do inexperiente Mart\u00edn. Mir vinha em terceiro, seguido por Quartararo, Zarco e Bagnaia, que perdeu bastante com essa interrup\u00e7\u00e3o. Aleix tamb\u00e9m se deu mal e perdeu dez posi\u00e7\u00f5es neste in\u00edcio de disputa.<\/p>\n\n\n\n<p class=\"wp-block-paragraph\">Na volta 2, Mir tomou o segundo lugar de Mart\u00edn, colando em Miller logo na sequ\u00eancia. Sem a chance de atacar, Joan levou o troco do piloto da Pramac, que tinha Quartararo logo atr\u00e1s.<\/p>\n\n\n\n<p class=\"wp-block-paragraph\">Na volta 4, Mart\u00edn conseguiu tomar a lideran\u00e7a de Miller, com Mir aproveitando para passar o australiano pouco depois. Zarco tamb\u00e9m atacou Quartararo, mas o piloto da Yamaha conseguiu ficar com a posi\u00e7\u00e3o.<\/p>\n\n\n\n<p class=\"wp-block-paragraph\">L\u00e1 atas, Marc M\u00e1rquez vinha tentando se recuperar. Depois de um enrosco com Aleix na primeira volta e precisar evitar um choque com Takaaki Nakagami no giro seguinte, o hexacampe\u00e3o vinha lutando com Iker Lecuona pela 12\u00aa coloca\u00e7\u00e3o.<\/p>\n\n\n\n<p class=\"wp-block-paragraph\">Na volta 6, Aleix Espargar\u00f3 abandonou a corrida. O piloto sinalizou estar com dores no corpo.<\/p>\n\n\n\n<p class=\"wp-block-paragraph\">Pouco depois, Quartararo passou Miller para assumir a terceira coloca\u00e7\u00e3o. Neste ponto da disputa, o titular da Ducati j\u00e1 tinha se afastado mais de 0s8 de Mir, que ia coladinho em Mart\u00edn na lideran\u00e7a da prova na Est\u00edria.<\/p>\n\n\n\n<figure class=\"wp-block-video\"><video class=\"video-js vjs-big-play-centered\" data-gp-vjs=\"1\" controls src=\"https:\/\/www.grandepremio.com\/br\/wp-content\/uploads\/2021\/08\/MotoGP-2021-Estiria-Red-Bull-Ring-Domingo-Jack-Miller-Fabio-Quartararo.mp4\"><\/video><figcaption>Fabio Quartararo tomou a terceira coloca\u00e7\u00e3o de Jack Miller quando os rivais j\u00e1 escapavam (V\u00eddeo: MotoGP<\/figcaption><\/figure>\n\n\n\n<p class=\"wp-block-paragraph\">Jack ainda tentou reagir, mas Quartararo aproveitou uma brecha para retomar a terceira coloca\u00e7\u00e3o. Johann Zarco vinha junto, mas sem lan\u00e7ar m\u00e3o de uma tentativa. Atr\u00e1s, \u00c1lex M\u00e1rquez passou Nakagami para ser sexto.<\/p>\n\n\n\n<p class=\"wp-block-paragraph\">S\u00f3 na sexta corrida na MotoGP, j\u00e1 que perdeu quatro etapas por les\u00e3o, Mart\u00edn ia resistindo bem na ponta, mesmo que sob press\u00e3o constante de Mir, que vinha 0s2a tr\u00e1s. Terceiro, Quartararo estava 1s8 atr\u00e1s da Suzuki #36.<\/p>\n\n\n\n<p class=\"wp-block-paragraph\">Ainda com muito ch\u00e3o pela frente no GP da Est\u00edria, Mart\u00edn tentou subir o ritmo e chegou a aumentar um tiquinho a vantagem, mas Mir logo reduziu.<\/p>\n\n\n\n<p class=\"wp-block-paragraph\">Na volta 13, a dire\u00e7\u00e3o de prova anunciou que Maverick teria de cumprir uma volta longa por exceder os limites da pista. Era mesmo um dia dos piores para o Top Gun.<\/p>\n\n\n\n<figure class=\"wp-block-video\"><video class=\"video-js vjs-big-play-centered\" data-gp-vjs=\"1\" controls src=\"https:\/\/www.grandepremio.com\/br\/wp-content\/uploads\/2021\/08\/MotoGP-2021-Estiria-Red-Bull-Ring-Domingo-Jorge-Martin.mp4\"><\/video><figcaption>Jorge Mart\u00edn tamb\u00e9m foi avisado para respeitar os limites da pista no GP da Est\u00edria (V\u00eddeo: MotoGP)<\/figcaption><\/figure>\n\n\n\n<p class=\"wp-block-paragraph\">M\u00e1rquez, por outro lado, seguia remando. O espanhol agora vinha em d\u00e9cimo, tendo acabado de superar Miguel Oliveira.<\/p>\n\n\n\n<p class=\"wp-block-paragraph\">Com 14 voltas para o fim, ali\u00e1s, o portugu\u00eas come\u00e7ou a sofrer com problemas na moto e entrou nos pits.<\/p>\n\n\n\n<p class=\"wp-block-paragraph\">Enea Bastianini n\u00e3o teve muito mais sorte. 12\u00ba, o italiano tamb\u00e9m foi p\u00fanico com a volta longa por sair dos limites da pista.<\/p>\n\n\n\n<p class=\"wp-block-paragraph\">Aos poucos, Mart\u00edn foi somando mil\u00e9simos de segundo na vantagem. Com 11 voltas para a bandeirada, o espanhol tinha 0s483 de diferen\u00e7a para Mir. Mas tinha um problema: um alerta para respeitar os limites da pista.<\/p>\n\n\n\n<p class=\"wp-block-paragraph\">Mas dificuldade mesmo tinha Quartararo. O l\u00edder do Mundial ia sustentando a terceira coloca\u00e7\u00e3o, mas tinha Miller fungando no cangote, pressionando pelo p\u00f3dio. Os ventos, por\u00e9m, sopraram a favor do l\u00edder do Mundial, j\u00e1 que o titular da Ducati caiu na volta 19, na curva 7, dando ao \u2018El Diablo\u2019 mais de 2s de margem.<\/p>\n\n\n\n<figure class=\"wp-block-video\"><video class=\"video-js vjs-big-play-centered\" data-gp-vjs=\"1\" controls src=\"https:\/\/www.grandepremio.com\/br\/wp-content\/uploads\/2021\/08\/MotoGP-2021-Estiria-Red-Bull-Ring-Domingo-Jack-Miller.mp4\"><\/video><figcaption>Jack Miller caiu e abandonou o GP na Est\u00edria (V\u00eddeo: MotoGP)<\/figcaption><\/figure>\n\n\n\n<p class=\"wp-block-paragraph\">Seguindo com a rodada de puni\u00e7\u00f5es, Pol Espargar\u00f3 tamb\u00e9m teria de encarar a mais longa das voltas, j\u00e1 que o ca\u00e7ula dos irm\u00e3os de Granollers era mais um com dificuldade de ficar dentro da pista.<\/p>\n\n\n\n<p class=\"wp-block-paragraph\">Mart\u00edn, por outro lado, ia feliz e contente na ponta da corrida, agora com 0s857 de vantagem para Mir. Quartararo era o terceiro, escoltado \u00e0 dist\u00e2ncia por Zarco, Nakagami, Rins, Binder, Marc e Alex M\u00e1rquez e Bagnaia.<\/p>\n\n\n\n<p class=\"wp-block-paragraph\">Com seis voltas para o fim do GP da Est\u00edria, Mir errou na curva 3 enquanto perseguia Mart\u00edn e facilitou para o piloto da Pramac abrir mais de 1s3 de vantagem.<\/p>\n\n\n\n<p class=\"wp-block-paragraph\">12\u00ba na corrida, Iker Lecuona foi mais um dos sancionados por causa dos limites da pista. Estava dif\u00edcil para todo fugir do verde nas curvas.<\/p>\n\n\n\n<p class=\"wp-block-paragraph\">Bagnaia ainda tentou salvar um resultado melhorzinho e atacou \u00c1lex M\u00e1rquez, mas n\u00e3o conseguiu consolidar a ultrapassagem pela nona coloca\u00e7\u00e3o. O italiano at\u00e9 tentou de novo, mas de nada adiantou, j\u00e1 que uma puni\u00e7\u00e3o de 3s ap\u00f3s a bandeirada o mandou para a 11\u00aa coloca\u00e7\u00e3o.<\/p>\n\n\n\n<p class=\"wp-block-paragraph\">Mart\u00edn seguiu sem maiores erros para vencer o GP da Est\u00edria com 1s548 de margem para Mir, com Quartararo em terceiro. Binder e Nakagami fecharam o top-5.<\/p>\n\n\n\n<p class=\"wp-block-paragraph\"><strong>LEIA TAMB\u00c9M<\/strong><br>#&nbsp;<strong><a href=\"https:\/\/www.grandepremio.com\/br\/motogp\/noticias\/valentino-rossi-aposentadoria-encerra-historia-motogp-2021\/\" target=\"_blank\" rel=\"noreferrer noopener\">Aos 42, Rossi decide por aposentadoria e encerra hist\u00f3ria na MotoGP em 2021<\/a><\/strong><br>#&nbsp;<strong><a href=\"https:\/\/www.grandepremio.com\/br\/motogp\/noticias\/maior-historia-nao-valentino-rossi-impacto-transformador-popularizou-motogp\/\" target=\"_blank\" rel=\"noreferrer noopener\">Maior da hist\u00f3ria ou n\u00e3o, Rossi teve impacto transformador e popularizou MotoGP<\/a><\/strong><br>#&nbsp;<strong><a href=\"https:\/\/www.grandepremio.com\/br\/motogp\/noticias\/idolo-referencia-lenda-mundo-esporte-motor-reage-aposentadoria-valentino-rossi\/\" target=\"_blank\" rel=\"noreferrer noopener\">\u00cddolo, refer\u00eancia e lenda: mundo do esporte a motor reage \u00e0 aposentadoria de Rossi<\/a><\/strong><br>#&nbsp;<strong><a href=\"https:\/\/www.grandepremio.com\/br\/motogp\/noticias\/obrigada-valentino-rossi\/\" target=\"_blank\" rel=\"noreferrer noopener\">Obrigada, Vale<\/a><\/strong><\/p>\n\n\n\n<h3 class=\"wp-block-heading\"><strong>MotoGP 2021, GP da Est\u00edria, Red Bull Ring, Corrida:<\/strong><\/h3>\n\n\n\n<figure class=\"wp-block-table is-style-stripes\"><table><tbody><tr><td>1<\/td><td>J MART\u00cdN<\/td><td>Pramac Ducati<\/td><td>38:07.879<\/td><td>27 voltas<\/td><\/tr><tr><td>2<\/td><td>J MIR<\/td><td>Suzuki<\/td><td>+1.548<\/td><td>&nbsp;<\/td><\/tr><tr><td>3<\/td><td>F QUARTARARO<\/td><td>Yamaha<\/td><td>+9.632<\/td><td>&nbsp;<\/td><\/tr><tr><td>4<\/td><td>B BINDER<\/td><td>KTM<\/td><td>+12.771<\/td><td>&nbsp;<\/td><\/tr><tr><td>5<\/td><td>T NAKAGAMI<\/td><td>LCR Honda<\/td><td>+12.923<\/td><td>&nbsp;<\/td><\/tr><tr><td>6<\/td><td>J ZARCO<\/td><td>Pramac Ducati<\/td><td>+13.031<\/td><td>&nbsp;<\/td><\/tr><tr><td>7<\/td><td>A RINS<\/td><td>Suzuki<\/td><td>+14.839<\/td><td>&nbsp;<\/td><\/tr><tr><td>8<\/td><td>M M\u00c1RQUEZ<\/td><td>Honda<\/td><td>+17.953<\/td><td>&nbsp;<\/td><\/tr><tr><td>9<\/td><td>A M\u00c1RQUEZ<\/td><td>LCR Honda<\/td><td>+19.059<\/td><td>&nbsp;<\/td><\/tr><tr><td>10<\/td><td>D PEDROSA<\/td><td>KTM<\/td><td>+19.389<\/td><td>&nbsp;<\/td><\/tr><tr><td>11<\/td><td>F BAGNAIA<\/td><td>Ducati<\/td><td>+21.667<\/td><td>&nbsp;<\/td><\/tr><tr><td>12<\/td><td>E BASTIANINI<\/td><td>Avintia Ducati<\/td><td>+25.267<\/td><td>&nbsp;<\/td><\/tr><tr><td>13<\/td><td>V ROSSI<\/td><td>SRT Yamaha<\/td><td>+26.282<\/td><td>&nbsp;<\/td><\/tr><tr><td>14<\/td><td>L MARINI<\/td><td>Avintia VR46 Ducati<\/td><td>+27.492<\/td><td>&nbsp;<\/td><\/tr><tr><td>15<\/td><td>I LECUONA<\/td><td>Tech3 KTM<\/td><td>+31.076<\/td><td>&nbsp;<\/td><\/tr><tr><td>16<\/td><td>P ESPARGAR\u00d3<\/td><td>Honda<\/td><td>+31.150<\/td><td>&nbsp;<\/td><\/tr><tr><td>17<\/td><td>C CRUTCHLOW<\/td><td>SRT Yamaha<\/td><td>+40.408<\/td><td>&nbsp;<\/td><\/tr><tr><td>18<\/td><td>D PETRUCCI<\/td><td>Tech3 KTM<\/td><td>+48.114<\/td><td>&nbsp;<\/td><\/tr><tr><td>19<\/td><td>M VI\u00d1ALES<\/td><td>Yamaha<\/td><td>+1:03.149<\/td><td>&nbsp;<\/td><\/tr><tr><td>20<\/td><td>J MILLER<\/td><td>Ducati<\/td><td>Abandonou<\/td><td>&nbsp;<\/td><\/tr><tr><td>21<\/td><td>M OLIVEIRA<\/td><td>KTM<\/td><td>Abandonou<\/td><td>&nbsp;<\/td><\/tr><tr><td>22<\/td><td>A ESPARGAR\u00d3<\/td><td>Aprilia Gresini<\/td><td>Abandonou<\/td><td>&nbsp;<\/td><\/tr><tr><td>23<\/td><td>L SAVADORI<\/td><td>Aprilia Gresini<\/td><td>Abandonou<\/td><td>&nbsp;<\/td><\/tr><\/tbody><\/table><\/figure>\n\n\n\n<figure class=\"wp-block-embed is-type-video is-provider-youtube wp-block-embed-youtube wp-embed-aspect-16-9 wp-has-aspect-ratio\"><div class=\"wp-block-embed__wrapper\">\n<iframe loading=\"lazy\" title=\"BOMBA! VALENTINO ROSSI ANUNCIA APOSENTADORIA DA MOTOGP | Briefing + WGP\" width=\"500\" height=\"281\" src=\"https:\/\/www.youtube.com\/embed\/zIxNCftp6ng?feature=oembed\" frameborder=\"0\" allow=\"accelerometer; autoplay; clipboard-write; encrypted-media; gyroscope; picture-in-picture; web-share\" referrerpolicy=\"strict-origin-when-cross-origin\" allowfullscreen><\/iframe>\n<\/div><\/figure>\n","protected":false},"excerpt":{"rendered":"<p>Jorge Mart\u00edn teve o fim de semana dos sonhos na MotoGP. O espanhol da Pramac largou na pole, segurou Joan Mir e venceu o GP da Est\u00edria, a primeira na classe rainha do Mundial. L\u00edder do campeonato, Fabio Quartararo ficou em terceiro<\/p>\n","protected":false},"author":0,"featured_media":1000497809,"comment_status":"closed","ping_status":"closed","sticky":false,"template":"","format":"standard","meta":{"42wp_featured_image_caption":"","42wp_featured_image_credits":"","42wp_featured_video":"","42wp_featured_image_hidden":false,"42wp_authors_list":[],"footnotes":""},"categories":[8],"tags":[24892,27212,24854,25063,79,78,490,28765,28764,25819,28345,28766,26690,1763],"42wp_author":[47113,47135],"class_list":["post-118800","post","type-post","status-publish","format-standard","has-post-thumbnail","hentry","category-motogp","tag-austria-2","tag-calendario-motogp-2021","tag-classificacao-motogp-2","tag-estiria","tag-moto-gp","tag-motogp","tag-motogp-2021","tag-motogp-2021-calendario","tag-motogp-classificacao-2021","tag-motogp-hoje","tag-motogp-horarios","tag-motogp-standings","tag-pilotos-motogp","tag-red-bull-ring","42wp_author-juliana-tesser","42wp_author-pedro-luis-cuenca"],"_links":{"self":[{"href":"https:\/\/grandepremio.com\/br\/wp-json\/wp\/v2\/posts\/118800","targetHints":{"allow":["GET"]}}],"collection":[{"href":"https:\/\/grandepremio.com\/br\/wp-json\/wp\/v2\/posts"}],"about":[{"href":"https:\/\/grandepremio.com\/br\/wp-json\/wp\/v2\/types\/post"}],"replies":[{"embeddable":true,"href":"https:\/\/grandepremio.com\/br\/wp-json\/wp\/v2\/comments?post=118800"}],"version-history":[{"count":0,"href":"https:\/\/grandepremio.com\/br\/wp-json\/wp\/v2\/posts\/118800\/revisions"}],"wp:featuredmedia":[{"embeddable":true,"href":"https:\/\/grandepremio.com\/br\/wp-json\/wp\/v2\/media\/1000497809"}],"wp:attachment":[{"href":"https:\/\/grandepremio.com\/br\/wp-json\/wp\/v2\/media?parent=118800"}],"wp:term":[{"taxonomy":"category","embeddable":true,"href":"https:\/\/grandepremio.com\/br\/wp-json\/wp\/v2\/categories?post=118800"},{"taxonomy":"post_tag","embeddable":true,"href":"https:\/\/grandepremio.com\/br\/wp-json\/wp\/v2\/tags?post=118800"},{"taxonomy":"42wp_author","embeddable":true,"href":"https:\/\/grandepremio.com\/br\/wp-json\/wp\/v2\/42wp_author?post=118800"}],"curies":[{"name":"wp","href":"https:\/\/api.w.org\/{rel}","templated":true}]}}