{"id":118834,"date":"2021-08-07T05:49:05","date_gmt":"2021-08-07T08:49:05","guid":{"rendered":"https:\/\/grandepremio.com\/br\/noticias\/francesco-bagnaia-bate-fabio-quartararo-ultima-volta-comanda-treino-3-motogp-estiria\/"},"modified":"2021-08-07T05:56:47","modified_gmt":"2021-08-07T08:56:47","slug":"francesco-bagnaia-bate-fabio-quartararo-ultima-volta-comanda-treino-3-motogp-estiria","status":"publish","type":"post","link":"https:\/\/grandepremio.com\/br\/motogp\/francesco-bagnaia-bate-fabio-quartararo-ultima-volta-comanda-treino-3-motogp-estiria\/","title":{"rendered":"Bagnaia bate Quartararo por 0s028 na \u00faltima volta e comanda treino 3 da MotoGP na Est\u00edria"},"content":{"rendered":"\n<figure class=\"wp-block-video\"><video class=\"video-js vjs-big-play-centered\" data-gp-vjs=\"1\" controls src=\"https:\/\/www.grandepremio.com\/br\/wp-content\/uploads\/2021\/08\/MotoGP-2021-Valentino-Rossi.mp4\"><\/video><figcaption>Valentino Rossi vai deixar a MotoGP no fim de 2021 (V\u00eddeo: MotoGP)<\/figcaption><\/figure>\n\n\n\n<p class=\"wp-block-paragraph\">Francesco Bagnaia colocou a Ducati na ponta da tabela no terceiro treino da MotoGP para o GP da Est\u00edria. O italiano de Torino cravou 1min23s114 na \u00faltima de 23 voltas para assegurar a melhor marca desta manh\u00e3 de s\u00e1bado (7).<\/p>\n\n\n\n<p class=\"wp-block-paragraph\">Com pneus macios sobrando ap\u00f3s a chuva da tarde de sexta-feira, o treino matutino teve um perfil diferente, mas o principal destaque foi a dificuldade de Fabio Quartararo para acertar os limites da pista na curva 3. De tanto insistir, o franc\u00eas conseguiu at\u00e9 tomar a lideran\u00e7a, mas viu Bagnaia aparecer 0s028 melhor j\u00e1 com a bandeira quadriculada tremulando para tomar a ponta da folha de tempos.<\/p>\n\n\n\n<figure class=\"wp-block-image size-large\"><img decoding=\"async\" src=\"https:\/\/www.grandepremio.com\/br\/wp-content\/uploads\/2021\/05\/TIN9439_UC290197_High-1024x683.jpg\" alt=\"\" class=\"wp-image-478562\"\/><figcaption>Francesco Bagnaia liderou a MotoGP na Est\u00edria (Foto: Ducati)<\/figcaption><\/figure>\n\n\n\n<p class=\"wp-block-paragraph\"><strong>LEIA TAMB\u00c9M<\/strong><br>#&nbsp;<strong><a href=\"https:\/\/www.grandepremio.com\/br\/motogp\/noticias\/valentino-rossi-aposentadoria-encerra-historia-motogp-2021\/\" target=\"_blank\" rel=\"noreferrer noopener\">Aos 42, Rossi decide por aposentadoria e encerra hist\u00f3ria na MotoGP em 2021<\/a><\/strong><br>#&nbsp;<strong><a href=\"https:\/\/www.grandepremio.com\/br\/motogp\/noticias\/maior-historia-nao-valentino-rossi-impacto-transformador-popularizou-motogp\/\" target=\"_blank\" rel=\"noreferrer noopener\">Maior da hist\u00f3ria ou n\u00e3o, Rossi teve impacto transformador e popularizou MotoGP<\/a><\/strong><br>#&nbsp;<strong><a href=\"https:\/\/www.grandepremio.com\/br\/motogp\/noticias\/idolo-referencia-lenda-mundo-esporte-motor-reage-aposentadoria-valentino-rossi\/\" target=\"_blank\" rel=\"noreferrer noopener\">\u00cddolo, refer\u00eancia e lenda: mundo do esporte a motor reage \u00e0 aposentadoria de Rossi<\/a><\/strong><br>#&nbsp;<strong><a href=\"https:\/\/www.grandepremio.com\/br\/motogp\/noticias\/obrigada-valentino-rossi\/\" target=\"_blank\" rel=\"noreferrer noopener\">Obrigada, Vale<\/a><\/strong><\/p>\n\n\n\n<p class=\"wp-block-paragraph\">0s120 atr\u00e1s do companheiro de equipe, Maverick Vi\u00f1ales fez o terceiro melhor tempo, seguido por Jorge Mart\u00edn, que foi um destaque da sess\u00e3o, mas sofreu uma queda sem maiores consequ\u00eancias no final da atividade.<\/p>\n\n\n\n<p class=\"wp-block-paragraph\">Joan Mir cravou 1min23s387 e ficou com a quinta coloca\u00e7\u00e3o, seguido por Johann Zarco. Marc M\u00e1rquez fez o s\u00e9timo tempo, com Aleix Espargar\u00f3, Jack Miller e Takaaki Nakagami fechando o top-10.<\/p>\n\n\n\n<p class=\"wp-block-paragraph\">O&nbsp;<strong>GRANDE PR\u00caMIO<\/strong>&nbsp;<a href=\"https:\/\/www.grandepremio.com\/br\/motogp\/ultimas-noticias\/\" target=\"_blank\" rel=\"noreferrer noopener\">acompanha todas as atividades do GP da Est\u00edria<\/a>, d\u00e9cima etapa do Mundial de&nbsp;<a href=\"https:\/\/www.grandepremio.com\/br\/motogp\/\" target=\"_blank\" rel=\"noreferrer noopener\">Motovelocidade<\/a>&nbsp;2021.<\/p>\n\n\n\n<h3 class=\"wp-block-heading\"><strong>Saiba como foi o terceiro treino da MotoGP para o GP da Est\u00edria:<\/strong><\/h3>\n\n\n\n<p class=\"wp-block-paragraph\">Diferente da tarde de sexta-feira, quando a chuva apareceu para molhar o asfalto do Red Bull Ring, o s\u00e1bado come\u00e7ou com sol e pista seca. Antes do in\u00edcio do terceiro treino, os term\u00f4metros mediam 23\u00b0C, com o asfalto chegando a 25\u00b0C. A umidade do ar estava em 55%, com a velocidade do vento chegando a 2 km\/h.<\/p>\n\n\n\n<p class=\"wp-block-paragraph\">L\u00edder da sexta-feira, Takaaki Nakagami come\u00e7ou a sess\u00e3o na ponta, mas logo deu lugar a Jorge Mart\u00edn, que registrou 1min23s834, 0s151 melhor que Pol Espargar\u00f3. Marc M\u00e1rquez avan\u00e7ou para o segundo posto, \u00e0 frente de Alex Rins e do japon\u00eas.<\/p>\n\n\n\n<p class=\"wp-block-paragraph\">Enquanto Mart\u00edn ia mantendo a ponta, atr\u00e1s as coisas mudavam rapidamente. 0s022 mais lento, Maverick Vi\u00f1ales saltou para o segundo posto, seguido por Nakagami, Pol Espargar\u00f3, Marc M\u00e1rquez, Rins, Mir, \u00c1lex M\u00e1rquez e Dani Pedrosa. O wild-card da KTM, ali\u00e1s, j\u00e1 tinha com tempo para avan\u00e7ar direto para a fase final da classifica\u00e7\u00e3o.<\/p>\n\n\n\n<figure class=\"wp-block-video\"><video class=\"video-js vjs-big-play-centered\" data-gp-vjs=\"1\" controls src=\"https:\/\/www.grandepremio.com\/br\/wp-content\/uploads\/2021\/08\/MotoGP-2021-Estiria-Red-Bull-Ring-Sabado-TL3-Marc-Marquez.mp4\"><\/video><\/figure>\n\n\n\n<p class=\"wp-block-paragraph\">Na s\u00e9tima volta nesta manh\u00e3, Maverick foi a 1min23s781 e tomou a lideran\u00e7a de Mart\u00edn por 0s053. Mir tamb\u00e9m foi mais r\u00e1pido e agora aparecia em terceiro.<\/p>\n\n\n\n<p class=\"wp-block-paragraph\">Quando partiram para uma rodada de pit-stops, o top-10 tinha Vi\u00f1ales, Mart\u00edn, Mir, Nakagami, Fabio Quartararo, Pol Espargar\u00f3, Marc M\u00e1rquez, Rins, \u00c1lex M\u00e1rquez e Pedrosa.<\/p>\n\n\n\n<p class=\"wp-block-paragraph\">Pouco depois de voltar \u00e0 pista, Brad Binder come\u00e7ou a escalar a tabela. Na 11\u00aa volta, o sul-africano assumiu a nona coloca\u00e7\u00e3o, 0s380 atr\u00e1s do l\u00edder.<\/p>\n\n\n\n<p class=\"wp-block-paragraph\">Enquanto isso, Quartararo ia tentando melhorar, mas o franc\u00eas de Nice teve uma s\u00e9rie de voltas anuladas por exceder os limites da pista na curva 3.<\/p>\n\n\n\n<p class=\"wp-block-paragraph\">Usando um par de pneus macios ainda em meados da sess\u00e3o, Mir cravou 1min23s599 e saltou para a lideran\u00e7a da atividade, superando Vi\u00f1ales por 0s182. O espanhol da Yamaha, que ainda tinha cal\u00e7ados m\u00e9dios, respondeu de imediato, mas apesar de ter voado nas tr\u00eas primeiras parciais da pista de Spielberg, perdeu um pouco no trecho final e apenas conseguiu cortar para 0s106 a margem do campe\u00e3o vigente da MotoGP.<\/p>\n\n\n\n<p class=\"wp-block-paragraph\">Mir, ali\u00e1s, aproveitou a sess\u00e3o desta tarde para testar o dispositivo introduzido pela Suzuki para ajusta a altura da moto durante a pilotagem. O recurso vem sendo usado pela concorr\u00eancia, mas a marca japonesa demorou para desenvolv\u00ea-lo.<\/p>\n\n\n\n<figure class=\"wp-block-video\"><video class=\"video-js vjs-big-play-centered\" data-gp-vjs=\"1\" controls src=\"https:\/\/www.grandepremio.com\/br\/wp-content\/uploads\/2021\/08\/MotoGP-2021-Estiria-Red-Bull-Ring-Sabado-TL3-Joan-Mir.mp4\"><\/video><figcaption>Joan Mir testou novidade da Suzuki no TL3 em Spielberg (V\u00eddeo: MotoGP)<\/figcaption><\/figure>\n\n\n\n<p class=\"wp-block-paragraph\">A fase intermedi\u00e1ria da sess\u00e3o n\u00e3o viu grandes mudan\u00e7as na folha de tempos, mas o cen\u00e1rio prometia mudar, j\u00e1 que os pneus traseiros macios come\u00e7avam a entrar em cena.<\/p>\n\n\n\n<p class=\"wp-block-paragraph\">Aproveitado o sapato novo, Marc M\u00e1rquez anotou 1min23s513 e assumiu a lideran\u00e7a em Spielberg, 0s086 melhor que Mir. Vi\u00f1ales, Zarco e Mart\u00edn vinham em seguida.<\/p>\n\n\n\n<p class=\"wp-block-paragraph\">Logo depois, por\u00e9m, Vi\u00f1ales virou 0s038 melhor que o piloto da Honda e se instalou na primeira posi\u00e7\u00e3o. Mais atr\u00e1s, Francesco Bagnaia saltou para a oitava posi\u00e7\u00e3o, mas foi quase que imediatamente derrubado por Rins, que igualou a marca de 1min23s953.<\/p>\n\n\n\n<p class=\"wp-block-paragraph\">Binder, que tinha um pneu duro na dianteira, anotou 1min23s804 e subiu para a quinta coloca\u00e7\u00e3o, 0s429 atr\u00e1s de Vi\u00f1ales, que tinha acabado de melhorar ainda mais.<\/p>\n\n\n\n<figure class=\"wp-block-video\"><video class=\"video-js vjs-big-play-centered\" data-gp-vjs=\"1\" controls src=\"https:\/\/www.grandepremio.com\/br\/wp-content\/uploads\/2021\/08\/MotoGP-2021-Estiria-Red-Bull-Ring-Sabado-TL3-Fabio-Quartararo.mp4\"><\/video><figcaption>Fabio Quartararo teve problemas para acertar os limites da pista na curva 3 do Red Bull Ring (V\u00eddeo: MotoGP)<\/figcaption><\/figure>\n\n\n\n<p class=\"wp-block-paragraph\">Mart\u00edn tamb\u00e9m conseguiu ser mais r\u00e1pido e avan\u00e7ou para a terceira coloca\u00e7\u00e3o, mas logo caiu para quarto, j\u00e1 que Pecco veio 0s009 mais veloz.<\/p>\n\n\n\n<p class=\"wp-block-paragraph\">Depois de uma derradeira passagem pelos boxes, Aleix Espargar\u00f3 registrou 1min23s915 e assumiu a nona coloca\u00e7\u00e3o, 0s540 atr\u00e1s do l\u00edder. Com poucos minutos para o fim da sess\u00e3o, 17 pilotos vinham no mesmo segundo do ponteiro.<\/p>\n\n\n\n<p class=\"wp-block-paragraph\">\u00danico piloto a avan\u00e7ar direto para o Q2 em todas as etapas da temporada 2021, Quartararo saltou para segundo ao anotar 1min23s416, mas teve o tempo cancelado mais uma vez por causa dos limites da pista.<\/p>\n\n\n\n<p class=\"wp-block-paragraph\">Zarco, contudo, n\u00e3o teve o mesmo problema e pulou para segundo, quase que imediatamente batido por Mart\u00edn e Mir.<\/p>\n\n\n\n<figure class=\"wp-block-video\"><video class=\"video-js vjs-big-play-centered\" data-gp-vjs=\"1\" controls src=\"https:\/\/www.grandepremio.com\/br\/wp-content\/uploads\/2021\/08\/MotoGP-2021-Estiria-Red-Bull-Ring-Sabado-TL3-Jorge-Martin.mp4\"><\/video><figcaption>Jorge Mart\u00edn levou um tombo no finalzinho da sess\u00e3o V\u00eddeo: MotoGP)<\/figcaption><\/figure>\n\n\n\n<p class=\"wp-block-paragraph\">Bagnaia foi a 1min23s224 e assumiu o comando, mas foi superado por Quartararo por 0s082 logo depois. Vi\u00f1ales era o terceiro, seguido por Mir, Mart\u00edn e Zarco.<\/p>\n\n\n\n<p class=\"wp-block-paragraph\">J\u00e1 nos segundos finais da sess\u00e3o, Luca Marini caiu, provocando uma bandeira amarela localizada. Ainda assim, Bagnaia conseguiu melhorar para 1min23s114 e retomar a lideran\u00e7a de Quartararo.<\/p>\n\n\n\n<p class=\"wp-block-paragraph\"><strong>Conhe\u00e7a o canal do Grande Pr\u00eamio no\u00a0<a href=\"https:\/\/www.youtube.com\/GrandePremioTV\">YouTube<\/a>.<br>Siga o Grande Pr\u00eamio no\u00a0<a rel=\"noreferrer noopener\" href=\"https:\/\/twitter.com\/grandepremio\" target=\"_blank\">Twitter\u00a0<\/a>e no\u00a0<a rel=\"noreferrer noopener\" href=\"https:\/\/instagram.com\/grandepremio\" target=\"_blank\">Instagram<\/a>.<\/strong><\/p>\n\n\n\n<h3 class=\"wp-block-heading\"><strong>MotoGP 2021, GP da Est\u00edria, Red Bull Ring, Treino Livre 3:<\/strong><\/h3>\n\n\n\n<figure class=\"wp-block-table is-style-stripes\"><table><tbody><tr><td>1<\/td><td>F BAGNAIA<\/td><td>Ducati<\/td><td>1:23.114<\/td><td>&nbsp;<\/td><\/tr><tr><td>2<\/td><td>F QUARTARARO<\/td><td>Yamaha<\/td><td>1:23.142<\/td><td>+0.028<\/td><\/tr><tr><td>3<\/td><td>M VI\u00d1ALES<\/td><td>Yamaha<\/td><td>1:23.262<\/td><td>+0.148<\/td><\/tr><tr><td>4<\/td><td>J MART\u00cdN<\/td><td>Pramac Ducati<\/td><td>1:23.294<\/td><td>+0.180<\/td><\/tr><tr><td>5<\/td><td>J MIR<\/td><td>Suzuki<\/td><td>1:23.387<\/td><td>+0.273<\/td><\/tr><tr><td>6<\/td><td>J ZARCO<\/td><td>Pramac Ducati<\/td><td>1:23.487<\/td><td>+0.373<\/td><\/tr><tr><td>7<\/td><td>A M\u00c1RQUEZ<\/td><td>LCR Honda<\/td><td>1:23.513<\/td><td>+0.399<\/td><\/tr><tr><td>7<\/td><td>M M\u00c1RQUEZ<\/td><td>Honda<\/td><td>1:23.594<\/td><td>+0.480<\/td><\/tr><tr><td>8<\/td><td>A ESPARGAR\u00d3<\/td><td>Aprilia Gresini<\/td><td>1:23.731<\/td><td>+0.617<\/td><\/tr><tr><td>9<\/td><td>J MILLER<\/td><td>Ducati<\/td><td>1:23.740<\/td><td>+0.626<\/td><\/tr><tr><td>10<\/td><td>T NAKAGAMI<\/td><td>LCR Honda<\/td><td>1:23.757<\/td><td>+0.643<\/td><\/tr><tr><td>11<\/td><td>P ESPARGAR\u00d3<\/td><td>Honda<\/td><td>1:23.758<\/td><td>+0.644<\/td><\/tr><tr><td>12<\/td><td>D PEDROSA<\/td><td>KTM<\/td><td>1:23.766<\/td><td>+0.652<\/td><\/tr><tr><td>13<\/td><td>A RINS<\/td><td>Suzuki<\/td><td>1:23.789<\/td><td>+0.675<\/td><\/tr><tr><td>15<\/td><td>B BINDER<\/td><td>KTM<\/td><td>1:23.799<\/td><td>+0.685<\/td><\/tr><tr><td>16<\/td><td>M OLIVEIRA<\/td><td>KTM<\/td><td>1:23.935<\/td><td>+0.821<\/td><\/tr><tr><td>17<\/td><td>I LECUONA<\/td><td>Tech3 KTM<\/td><td>1:24.159<\/td><td>+1.045<\/td><\/tr><tr><td>18<\/td><td>D PETRUCCI<\/td><td>Tech3 KTM<\/td><td>1:24.342<\/td><td>+1.228<\/td><\/tr><tr><td>19<\/td><td>V ROSSI<\/td><td>SRT Yamaha<\/td><td>1:24.381<\/td><td>+1.267<\/td><\/tr><tr><td>20<\/td><td>E BASTIANINI<\/td><td>Avintia Ducati<\/td><td>1:24.384<\/td><td>+1.270<\/td><\/tr><tr><td>21<\/td><td>L MARINI<\/td><td>Avintia VR46 Ducati<\/td><td>1:24.403<\/td><td>+1.289<\/td><\/tr><tr><td>22<\/td><td>L SAVADORI<\/td><td>Aprilia Gresini<\/td><td>1:24.437<\/td><td>+1.323<\/td><\/tr><tr><td>23<\/td><td>C CRUTCHLOW<\/td><td>SRT Yamaha<\/td><td>1:24.644<\/td><td>+1.530<\/td><\/tr><\/tbody><\/table><\/figure>\n\n\n\n<figure class=\"wp-block-embed is-type-video is-provider-youtube wp-block-embed-youtube wp-embed-aspect-16-9 wp-has-aspect-ratio\"><div class=\"wp-block-embed__wrapper\">\n<iframe loading=\"lazy\" title=\"BOMBA! VALENTINO ROSSI ANUNCIA APOSENTADORIA DA MOTOGP | Briefing + WGP\" width=\"500\" height=\"281\" src=\"https:\/\/www.youtube.com\/embed\/zIxNCftp6ng?feature=oembed\" frameborder=\"0\" allow=\"accelerometer; autoplay; clipboard-write; encrypted-media; gyroscope; picture-in-picture; web-share\" referrerpolicy=\"strict-origin-when-cross-origin\" allowfullscreen><\/iframe>\n<\/div><\/figure>\n","protected":false},"excerpt":{"rendered":"<p>O franc\u00eas da Yamaha passou a sess\u00e3o tentando acertar os limites da pista, mas, quando enfim conseguiu, viu o rival da Ducati virar melhor para garantir a ponta da tabela no Red Bull Ring<\/p>\n","protected":false},"author":0,"featured_media":1000483712,"comment_status":"closed","ping_status":"closed","sticky":false,"template":"","format":"standard","meta":{"42wp_featured_image_caption":"","42wp_featured_image_credits":"","42wp_featured_video":"","42wp_featured_image_hidden":false,"42wp_authors_list":[],"footnotes":""},"categories":[8],"tags":[25063,79,78,490,28765,28764,25819,28345,28766,26690,1763],"42wp_author":[47113],"class_list":["post-118834","post","type-post","status-publish","format-standard","has-post-thumbnail","hentry","category-motogp","tag-estiria","tag-moto-gp","tag-motogp","tag-motogp-2021","tag-motogp-2021-calendario","tag-motogp-classificacao-2021","tag-motogp-hoje","tag-motogp-horarios","tag-motogp-standings","tag-pilotos-motogp","tag-red-bull-ring","42wp_author-juliana-tesser"],"_links":{"self":[{"href":"https:\/\/grandepremio.com\/br\/wp-json\/wp\/v2\/posts\/118834","targetHints":{"allow":["GET"]}}],"collection":[{"href":"https:\/\/grandepremio.com\/br\/wp-json\/wp\/v2\/posts"}],"about":[{"href":"https:\/\/grandepremio.com\/br\/wp-json\/wp\/v2\/types\/post"}],"replies":[{"embeddable":true,"href":"https:\/\/grandepremio.com\/br\/wp-json\/wp\/v2\/comments?post=118834"}],"version-history":[{"count":0,"href":"https:\/\/grandepremio.com\/br\/wp-json\/wp\/v2\/posts\/118834\/revisions"}],"wp:featuredmedia":[{"embeddable":true,"href":"https:\/\/grandepremio.com\/br\/wp-json\/wp\/v2\/media\/1000483712"}],"wp:attachment":[{"href":"https:\/\/grandepremio.com\/br\/wp-json\/wp\/v2\/media?parent=118834"}],"wp:term":[{"taxonomy":"category","embeddable":true,"href":"https:\/\/grandepremio.com\/br\/wp-json\/wp\/v2\/categories?post=118834"},{"taxonomy":"post_tag","embeddable":true,"href":"https:\/\/grandepremio.com\/br\/wp-json\/wp\/v2\/tags?post=118834"},{"taxonomy":"42wp_author","embeddable":true,"href":"https:\/\/grandepremio.com\/br\/wp-json\/wp\/v2\/42wp_author?post=118834"}],"curies":[{"name":"wp","href":"https:\/\/api.w.org\/{rel}","templated":true}]}}