{"id":118835,"date":"2021-08-07T04:30:00","date_gmt":"2021-08-07T07:30:00","guid":{"rendered":"https:\/\/grandepremio.com\/br\/noticias\/joan-mir-reclama-falta-seguranca-pista-molhada-estiria-muito-perigoso\/"},"modified":"2021-08-06T20:03:22","modified_gmt":"2021-08-06T23:03:22","slug":"joan-mir-reclama-falta-seguranca-pista-molhada-estiria-muito-perigoso","status":"publish","type":"post","link":"https:\/\/grandepremio.com\/br\/motogp\/joan-mir-reclama-falta-seguranca-pista-molhada-estiria-muito-perigoso\/","title":{"rendered":"Mir reclama de falta de seguran\u00e7a com pista molhada na Est\u00edria: &#8220;\u00c9 muito perigoso&#8221;"},"content":{"rendered":"\n<figure class=\"wp-block-video\"><video class=\"video-js vjs-big-play-centered\" data-gp-vjs=\"1\" controls src=\"https:\/\/www.grandepremio.com\/br\/wp-content\/uploads\/2021\/08\/MotoGP-2021-Valentino-Rossi.mp4\"><\/video><figcaption>Valentino Rossi vai deixar a MotoGP no fim de 2021 (V\u00eddeo: MotoGP)<\/figcaption><\/figure>\n\n\n\n<p class=\"wp-block-paragraph\">Joan Mir foi presen\u00e7a certa entre os primeiros do grid <a href=\"https:\/\/www.grandepremio.com\/br\/motogp\/noticias\/lorenzo-savadori-segura-johann-zarco-comanda-treino-2-pista-molhada-na-motogp-na-estiria\/\">nas duas sess\u00f5es de treinos livres<\/a> para o GP da Est\u00edria. Dentro do top-3 na pista seca e tamb\u00e9m ap\u00f3s a chuva que caiu no Red Bull Ring, o piloto da Suzuki destacou os perigos do veloz circuito austr\u00edaco quando est\u00e1 molhado.<\/p>\n\n\n\n<p class=\"wp-block-paragraph\">Ainda que possua boas mem\u00f3rias para Mir, pois foi palco de sua primeira vit\u00f3ria no Mundial \u2014 na Moto3, em 2017 \u2014, a pista da \u00c1ustria \u00e9 constantemente alvo de cr\u00edticas dos pilotos pela falta de seguran\u00e7a. Dessa vez, n\u00e3o foi diferente.<\/p>\n\n\n\n<p class=\"wp-block-paragraph\">&#8220;\u00c9 muito perigoso. Especialmente a primeira curva, pois \u00e9 escorregadia e, bem, perigosa. Mas a curva 3 \u00e9 muito perigosa se voc\u00ea n\u00e3o bater sozinho. N\u00e3o h\u00e1 um problema se voc\u00ea cair sozinho, eu acho, mas em grupo h\u00e1 um grande risco naquele local&#8221;, disse Mir aos jornalistas ap\u00f3s os treinos.<\/p>\n\n\n\n<figure class=\"wp-block-image size-large\"><img decoding=\"async\" src=\"https:\/\/www.grandepremio.com\/br\/wp-content\/uploads\/2021\/08\/mgp10-joan-mir18-1024x683.jpg\" alt=\"\" class=\"wp-image-497159\"\/><figcaption>Joan Mir em a\u00e7\u00e3o no segundo treino livre (Foto: Suzuki)<\/figcaption><\/figure>\n\n\n\n<p class=\"wp-block-paragraph\"><strong><strong>Conhe\u00e7a o canal do Grande Pr\u00eamio no\u00a0<a href=\"https:\/\/www.youtube.com\/GrandePremioTV\">YouTube<\/a>.<br>Siga o Grande Pr\u00eamio no\u00a0<a rel=\"noreferrer noopener\" href=\"https:\/\/twitter.com\/grandepremio\" target=\"_blank\">Twitter\u00a0<\/a>e no\u00a0<a rel=\"noreferrer noopener\" href=\"https:\/\/instagram.com\/grandepremio\" target=\"_blank\">Instagram<\/a>.<\/strong><\/strong><\/p>\n\n\n\n<p class=\"wp-block-paragraph\">&#8220;N\u00e3o sei o que temos para fazer, mas a verdade \u00e9 que n\u00e3o vejo seguran\u00e7a suficiente na pista molhada&#8221;, seguiu o espanhol.<\/p>\n\n\n\n<p class=\"wp-block-paragraph\">A chuva deu as caras no Red Bull entre as sess\u00f5es da Moto3 e da MotoGP, sendo que a classe rainha do Mundial de Motovelocidade foi quem encarou as piores situa\u00e7\u00f5es. A preocupa\u00e7\u00e3o de Mir se d\u00e1 pelas grandes chances de chuva durante todo o domingo (8), dia da corrida.<\/p>\n\n\n\n<p class=\"wp-block-paragraph\">A MotoGP volta \u00e0 ativa neste fim de semana ap\u00f3s cinco semanas de f\u00e9rias. O\u00a0<strong>GRANDE PR\u00caMIO<\/strong>\u00a0<a href=\"https:\/\/www.grandepremio.com\/br\/motogp\/ultimas-noticias\/\" target=\"_blank\" rel=\"noreferrer noopener\">acompanha todas as atividades do GP da Est\u00edria<\/a>, d\u00e9cima etapa do Mundial de\u00a0<a href=\"https:\/\/www.grandepremio.com\/br\/motogp\/\" target=\"_blank\" rel=\"noreferrer noopener\">Motovelocidade<\/a>\u00a02021.<\/p>\n\n\n\n<p class=\"wp-block-paragraph\"><strong>LEIA TAMB\u00c9M<\/strong><br>#\u00a0<strong><a href=\"https:\/\/www.grandepremio.com\/br\/motogp\/noticias\/valentino-rossi-aposentadoria-encerra-historia-motogp-2021\/\" target=\"_blank\" rel=\"noreferrer noopener\">Aos 42, Rossi decide por aposentadoria e encerra hist\u00f3ria na MotoGP em 2021<\/a><\/strong><br>#\u00a0<strong><a href=\"https:\/\/www.grandepremio.com\/br\/motogp\/noticias\/maior-historia-nao-valentino-rossi-impacto-transformador-popularizou-motogp\/\" target=\"_blank\" rel=\"noreferrer noopener\">Maior da hist\u00f3ria ou n\u00e3o, Rossi teve impacto transformador e popularizou MotoGP<\/a><\/strong><br>#\u00a0<strong><a href=\"https:\/\/www.grandepremio.com\/br\/motogp\/noticias\/idolo-referencia-lenda-mundo-esporte-motor-reage-aposentadoria-valentino-rossi\/\" target=\"_blank\" rel=\"noreferrer noopener\">\u00cddolo, refer\u00eancia e lenda: mundo do esporte a motor reage \u00e0 aposentadoria de Rossi<\/a><\/strong><br>#\u00a0<strong><a href=\"https:\/\/www.grandepremio.com\/br\/motogp\/noticias\/obrigada-valentino-rossi\/\" target=\"_blank\" rel=\"noreferrer noopener\">Obrigada, Rossi<\/a><\/strong><\/p>\n\n\n\n<figure class=\"wp-block-embed is-type-video is-provider-youtube wp-block-embed-youtube wp-embed-aspect-16-9 wp-has-aspect-ratio\"><div class=\"wp-block-embed__wrapper\">\n<iframe loading=\"lazy\" title=\"BOMBA! VALENTINO ROSSI ANUNCIA APOSENTADORIA DA MOTOGP | Briefing + WGP\" width=\"500\" height=\"281\" src=\"https:\/\/www.youtube.com\/embed\/zIxNCftp6ng?feature=oembed\" frameborder=\"0\" allow=\"accelerometer; autoplay; clipboard-write; encrypted-media; gyroscope; picture-in-picture; web-share\" referrerpolicy=\"strict-origin-when-cross-origin\" allowfullscreen><\/iframe>\n<\/div><\/figure>\n","protected":false},"excerpt":{"rendered":"<p>Joan Mir andou bem nos primeiros treinos livres para o GP da Est\u00edria, mas n\u00e3o gostou nada de acelerar no veloz circuito austr\u00edaco com a pista molhada. Ap\u00f3s a segunda sess\u00e3o, o atual campe\u00e3o foi reclamar das condi\u00e7\u00f5es de seguran\u00e7a<\/p>\n","protected":false},"author":0,"featured_media":1000497158,"comment_status":"closed","ping_status":"closed","sticky":false,"template":"","format":"standard","meta":{"42wp_featured_image_caption":"","42wp_featured_image_credits":"","42wp_featured_video":"","42wp_featured_image_hidden":false,"42wp_authors_list":[],"footnotes":""},"categories":[8],"tags":[27212,24854,26496,27000,24889,187,79,78,490,24850,25819,26690,1763,134],"42wp_author":[47135],"class_list":["post-118835","post","type-post","status-publish","format-standard","has-post-thumbnail","hentry","category-motogp","tag-calendario-motogp-2021","tag-classificacao-motogp-2","tag-classificacao-motogp-2020","tag-classificacao-motogp-2021","tag-gp-da-estiria","tag-joan-mir","tag-moto-gp","tag-motogp","tag-motogp-2021","tag-motogp-fox-sports","tag-motogp-hoje","tag-pilotos-motogp","tag-red-bull-ring","tag-suzuki","42wp_author-pedro-luis-cuenca"],"_links":{"self":[{"href":"https:\/\/grandepremio.com\/br\/wp-json\/wp\/v2\/posts\/118835","targetHints":{"allow":["GET"]}}],"collection":[{"href":"https:\/\/grandepremio.com\/br\/wp-json\/wp\/v2\/posts"}],"about":[{"href":"https:\/\/grandepremio.com\/br\/wp-json\/wp\/v2\/types\/post"}],"replies":[{"embeddable":true,"href":"https:\/\/grandepremio.com\/br\/wp-json\/wp\/v2\/comments?post=118835"}],"version-history":[{"count":0,"href":"https:\/\/grandepremio.com\/br\/wp-json\/wp\/v2\/posts\/118835\/revisions"}],"wp:featuredmedia":[{"embeddable":true,"href":"https:\/\/grandepremio.com\/br\/wp-json\/wp\/v2\/media\/1000497158"}],"wp:attachment":[{"href":"https:\/\/grandepremio.com\/br\/wp-json\/wp\/v2\/media?parent=118835"}],"wp:term":[{"taxonomy":"category","embeddable":true,"href":"https:\/\/grandepremio.com\/br\/wp-json\/wp\/v2\/categories?post=118835"},{"taxonomy":"post_tag","embeddable":true,"href":"https:\/\/grandepremio.com\/br\/wp-json\/wp\/v2\/tags?post=118835"},{"taxonomy":"42wp_author","embeddable":true,"href":"https:\/\/grandepremio.com\/br\/wp-json\/wp\/v2\/42wp_author?post=118835"}],"curies":[{"name":"wp","href":"https:\/\/api.w.org\/{rel}","templated":true}]}}