{"id":118868,"date":"2021-08-05T13:24:12","date_gmt":"2021-08-05T16:24:12","guid":{"rendered":"https:\/\/grandepremio.com\/br\/noticias\/briefing-especial-ao-vivo-analisa-tudo-sobre-aposentadoria-valentino-rossi\/"},"modified":"2021-08-05T13:39:44","modified_gmt":"2021-08-05T16:39:44","slug":"briefing-especial-ao-vivo-analisa-tudo-sobre-aposentadoria-valentino-rossi","status":"publish","type":"post","link":"https:\/\/grandepremio.com\/br\/motogp\/briefing-especial-ao-vivo-analisa-tudo-sobre-aposentadoria-valentino-rossi\/","title":{"rendered":"Briefing especial entra ao vivo e analisa tudo sobre a aposentadoria de Rossi"},"content":{"rendered":"\n<figure class=\"wp-block-video\"><video class=\"video-js vjs-big-play-centered\" data-gp-vjs=\"1\" controls src=\"https:\/\/www.grandepremio.com\/br\/wp-content\/uploads\/2021\/08\/Decepcao-de-Ricciardo-na-Hungria.mp4\"><\/video><figcaption>A decep\u00e7\u00e3o de Daniel Ricciardo com um GP da Hungria fraco (V\u00eddeo: F1)<\/figcaption><\/figure>\n\n\n\n<p class=\"wp-block-paragraph\">Valentino Rossi anunciou a aposentadoria da MotoGP ao fim da temporada 2021. De olho na decis\u00e3o da lenda italiana, o <strong>GRANDE PR\u00caMIO<\/strong> traz uma edi\u00e7\u00e3o especial do <strong>BRIEFING<\/strong> para analisar a not\u00edcia bomb\u00e1stica desta quinta-feira (5).<\/p>\n\n\n\n<p class=\"wp-block-paragraph\">O programa, que vai ao ar \u00e0s 13h30, \u00e9 comandado por Evelyn Guimar\u00e3es e com coment\u00e1rios de Juliana Tesser e Ana Paula Cerveira. A atra\u00e7\u00e3o ser\u00e1 transmitida na<a href=\"https:\/\/www.youtube.com\/channel\/UC9OlHEgxoaY6QY6nWPoiqQg\"> GPTV, o canal do <strong>GRANDE PR\u00caMIO<\/strong><\/a> no YouTube, e tamb\u00e9m na <a href=\"https:\/\/www.twitch.tv\/grandepremio\">Twitch<\/a>.<\/p>\n\n\n\n<p class=\"wp-block-paragraph\">Presente no Mundial de Motovelocidade desde 1996 e na classe rainha desde 2000, Rossi acumula sete t\u00edtulos na MotoGP, al\u00e9m de 89 vit\u00f3rias, 55 poles e 199 p\u00f3dios. Na atual temporada, competindo pela SRT, ocupa apenas a 17\u00aa coloca\u00e7\u00e3o do campeonato, com 17 pontos.<\/p>\n\n\n\n<figure class=\"wp-block-embed is-type-video is-provider-youtube wp-block-embed-youtube wp-embed-aspect-16-9 wp-has-aspect-ratio\"><div class=\"wp-block-embed__wrapper\">\n<iframe loading=\"lazy\" title=\"BOMBA! VALENTINO ROSSI ANUNCIA APOSENTADORIA DA MOTOGP | Briefing + WGP\" width=\"500\" height=\"281\" src=\"https:\/\/www.youtube.com\/embed\/zIxNCftp6ng?feature=oembed\" frameborder=\"0\" allow=\"accelerometer; autoplay; clipboard-write; encrypted-media; gyroscope; picture-in-picture; web-share\" referrerpolicy=\"strict-origin-when-cross-origin\" allowfullscreen><\/iframe>\n<\/div><\/figure>\n\n\n\n<p class=\"wp-block-paragraph\"><strong><strong>Conhe\u00e7a o canal do Grande Pr\u00eamio no\u00a0<a href=\"https:\/\/www.youtube.com\/GrandePremioTV\">YouTube<\/a>.<br>Siga o Grande Pr\u00eamio no\u00a0<a rel=\"noreferrer noopener\" href=\"https:\/\/twitter.com\/grandepremio\" target=\"_blank\">Twitter\u00a0<\/a>e no\u00a0<a rel=\"noreferrer noopener\" href=\"https:\/\/instagram.com\/grandepremio\" target=\"_blank\">Instagram<\/a>.<\/strong><\/strong><\/p>\n","protected":false},"excerpt":{"rendered":"<p>BRIEFING entra ao vivo nesta quinta-feira (5) para abordar o an\u00fancio da aposentadoria de Valentino Rossi. Italiano comunicou, aos 42 anos, que temporada 2021 ser\u00e1 a \u00faltima da carreira na MotoGP<\/p>\n","protected":false},"author":0,"featured_media":1000496775,"comment_status":"closed","ping_status":"closed","sticky":false,"template":"","format":"standard","meta":{"42wp_featured_image_caption":"","42wp_featured_image_credits":"","42wp_featured_video":"","42wp_featured_image_hidden":false,"42wp_authors_list":[],"footnotes":""},"categories":[8],"tags":[3350,813,79,78,847,25441,80,172],"42wp_author":[47119],"class_list":["post-118868","post","type-post","status-publish","format-standard","has-post-thumbnail","hentry","category-motogp","tag-briefing","tag-moto","tag-moto-gp","tag-motogp","tag-mundial-de-motovelocidade","tag-srt","tag-valentino-rossi","tag-yamaha","42wp_author-gabriel-carvalho"],"_links":{"self":[{"href":"https:\/\/grandepremio.com\/br\/wp-json\/wp\/v2\/posts\/118868","targetHints":{"allow":["GET"]}}],"collection":[{"href":"https:\/\/grandepremio.com\/br\/wp-json\/wp\/v2\/posts"}],"about":[{"href":"https:\/\/grandepremio.com\/br\/wp-json\/wp\/v2\/types\/post"}],"replies":[{"embeddable":true,"href":"https:\/\/grandepremio.com\/br\/wp-json\/wp\/v2\/comments?post=118868"}],"version-history":[{"count":0,"href":"https:\/\/grandepremio.com\/br\/wp-json\/wp\/v2\/posts\/118868\/revisions"}],"wp:featuredmedia":[{"embeddable":true,"href":"https:\/\/grandepremio.com\/br\/wp-json\/wp\/v2\/media\/1000496775"}],"wp:attachment":[{"href":"https:\/\/grandepremio.com\/br\/wp-json\/wp\/v2\/media?parent=118868"}],"wp:term":[{"taxonomy":"category","embeddable":true,"href":"https:\/\/grandepremio.com\/br\/wp-json\/wp\/v2\/categories?post=118868"},{"taxonomy":"post_tag","embeddable":true,"href":"https:\/\/grandepremio.com\/br\/wp-json\/wp\/v2\/tags?post=118868"},{"taxonomy":"42wp_author","embeddable":true,"href":"https:\/\/grandepremio.com\/br\/wp-json\/wp\/v2\/42wp_author?post=118868"}],"curies":[{"name":"wp","href":"https:\/\/api.w.org\/{rel}","templated":true}]}}