{"id":118873,"date":"2021-08-05T12:00:00","date_gmt":"2021-08-05T15:00:00","guid":{"rendered":"https:\/\/grandepremio.com\/br\/noticias\/as-corridas-do-fim-de-semana-na-tv-e-no-streaming-6-a-8-de-agosto\/"},"modified":"2021-08-05T16:51:38","modified_gmt":"2021-08-05T19:51:38","slug":"as-corridas-do-fim-de-semana-na-tv-e-no-streaming-6-a-8-de-agosto","status":"publish","type":"post","link":"https:\/\/grandepremio.com\/br\/programacao-tv\/as-corridas-do-fim-de-semana-na-tv-e-no-streaming-6-a-8-de-agosto\/","title":{"rendered":"As corridas do fim de semana na TV e no streaming: 6 a 8 de agosto"},"content":{"rendered":"\n<p class=\"wp-block-paragraph\"><strong>Sexta-feira, 6 de agosto<\/strong>:<\/p>\n\n\n\n<figure class=\"wp-block-table\"><table><tbody><tr><td>CATEGORIA<\/td><td>ETAPA<\/td><td>ATIVIDADE<\/td><td>HORA<\/td><td>EMISSORA<\/td><\/tr><tr><td>WSBK<\/td><td>GP da Tch\u00e9quia<\/td><td>Treino livre 1<\/td><td>05:20<\/td><td>DAZN<\/td><\/tr><tr><td>Moto3<\/td><td>GP da Est\u00edria <\/td><td>Treino livre 2<\/td><td>08:15<\/td><td>FOX Sports<\/td><\/tr><tr><td>MotoGP<\/td><td>GP da Est\u00edria<\/td><td>Treino livre 2<\/td><td>09:10<\/td><td>FOX Sports<\/td><\/tr><tr><td>WSBK<\/td><td>GP da Tch\u00e9quia<\/td><td>Treino livre 2<\/td><td>09:50<\/td><td>DAZN<\/td><\/tr><tr><td>Moto2<\/td><td>GP da Est\u00edria<\/td><td>Treino livre 2<\/td><td>10:10<\/td><td>FOX Sports<\/td><\/tr><\/tbody><\/table><\/figure>\n\n\n\n<p class=\"wp-block-paragraph\"><strong>S\u00e1bado, 7 de agosto<\/strong>:<\/p>\n\n\n\n<figure class=\"wp-block-table\"><table><tbody><tr><td>CATEGORIA<\/td><td>ETAPA<\/td><td>ATIVIDADE<\/td><td>HORA<\/td><td>EMISSORA<\/td><\/tr><tr><td>WSBK<\/td><td>GP da Tch\u00e9quia<\/td><td>Superpole<\/td><td>04:40<\/td><td>DAZN<\/td><\/tr><tr><td>WSSP300<\/td><td>GP da Tch\u00e9quia<\/td><td>Corrida 1<\/td><td>07:30<\/td><td>DAZN<\/td><\/tr><tr><td>Moto3<\/td><td>GP da Est\u00edria<\/td><td>Classifica\u00e7\u00e3o<\/td><td>07:35<\/td><td>FOX Sports<\/td><\/tr><tr><td>WSBK<\/td><td>GP da Tch\u00e9quia<\/td><td>Corrida 1<\/td><td>08:30<\/td><td>DAZN<\/td><\/tr><tr><td>MotoGP<\/td><td>GP da Est\u00edria<\/td><td>Classifica\u00e7\u00e3o<\/td><td>09:10<\/td><td>FOX Sports<\/td><\/tr><tr><td>WSSP<\/td><td>GP da Tch\u00e9quia<\/td><td>Corrida 1<\/td><td>10:00<\/td><td>DAZN<\/td><\/tr><tr><td>Moto2<\/td><td>GP da Est\u00edria<\/td><td>Classifica\u00e7\u00e3o<\/td><td>10:10<\/td><td>FOX Sports<\/td><\/tr><tr><td>Stock Car<\/td><td>Curitiba<\/td><td>Classifica\u00e7\u00e3o<\/td><td>14:00<\/td><td><a href=\"https:\/\/www.youtube.com\/user\/stockcarchannel\">YouTube<\/a>\/<a href=\"https:\/\/www.facebook.com\/stockcaroficial\">Facebook<\/a> Stock Car<\/td><\/tr><tr><td>Stock Car Light<\/td><td>Curitiba<\/td><td>Corrida 1<\/td><td>15:23<\/td><td><a href=\"https:\/\/www.youtube.com\/user\/stockcarchannel\">YouTube<\/a>\/<a href=\"https:\/\/www.facebook.com\/stockcaroficial\">Facebook<\/a><\/td><\/tr><tr><td>Xfinity<\/td><td>Watkins Glen<\/td><td>Corrida<\/td><td>17:00<\/td><td>FOX Sports<\/td><\/tr><\/tbody><\/table><\/figure>\n\n\n\n\n\n<p class=\"wp-block-paragraph\"><strong>Domingo, 8 de agosto<\/strong>:<\/p>\n\n\n\n<figure class=\"wp-block-table\"><table><tbody><tr><td>CATEGORIA<\/td><td>ETAPA<\/td><td>ATIVIDADE<\/td><td>HORA<\/td><td>EMISSORA<\/td><\/tr><tr><td>WSBK<\/td><td>GP da Tch\u00e9quia<\/td><td>Superpole<\/td><td>05:45<\/td><td>DAZN<\/td><\/tr><tr><td>Moto3<\/td><td>GP da Est\u00edria<\/td><td>Corrida<\/td><td>06:00<\/td><td>FOX Sports<\/td><\/tr><tr><td>WSSP<\/td><td>GP da Tch\u00e9quia<\/td><td>Corrida<\/td><td>07:15<\/td><td>DAZN<\/td><\/tr><tr><td>Moto2<\/td><td>GP da Est\u00edria<\/td><td>Corrida<\/td><td>07:20<\/td><td>FOX Sports<\/td><\/tr><tr><td>WSSP300<\/td><td>GP da Tch\u00e9quia<\/td><td>Corrida<\/td><td>08:30<\/td><td>DAZN<\/td><\/tr><tr><td>MotoGP<\/td><td>GP da Est\u00edria<\/td><td>Corrida<\/td><td>09:00<\/td><td>FOX Sports<\/td><\/tr><tr><td>WSBK<\/td><td>GP da Tch\u00e9quia<\/td><td>Corrida<\/td><td>09:45<\/td><td>DAZN<\/td><\/tr><tr><td>Stock Car<\/td><td>Curitiba<\/td><td>Corrida 1<\/td><td>11:00<\/td><td>Band\/SporTV 3\/<a href=\"https:\/\/www.youtube.com\/user\/stockcarchannel\">YouTube<\/a>\/<a href=\"https:\/\/www.facebook.com\/stockcaroficial\">Facebook<\/a><\/td><\/tr><tr><td>Stock Car<\/td><td>Curitiba<\/td><td>Corrida 2<\/td><td>11:48<\/td><td>Band\/SporTV 3\/<a href=\"https:\/\/www.youtube.com\/user\/stockcarchannel\">YouTube<\/a>\/<a href=\"https:\/\/www.facebook.com\/stockcaroficial\">Facebook<\/a><\/td><\/tr><tr><td>Stock Car Light<\/td><td>Curitiba<\/td><td>Corrida 2<\/td><td>13:08<\/td><td><a href=\"https:\/\/www.youtube.com\/user\/stockcarchannel\">YouTube<\/a>\/<a href=\"https:\/\/www.facebook.com\/stockcaroficial\">Facebook<\/a><\/td><\/tr><tr><td>Nascar<\/td><td>Watkins Glen<\/td><td>Corrida<\/td><td>16:00<\/td><td>FOX Sports<\/td><\/tr><tr><td>Indy<\/td><td>Nashville<\/td><td>Corrida<\/td><td>18:30<\/td><td>TV Cultura<\/td><\/tr><\/tbody><\/table><\/figure>\n\n\n\n<figure class=\"wp-block-embed is-type-video is-provider-youtube wp-block-embed-youtube wp-embed-aspect-16-9 wp-has-aspect-ratio\"><div class=\"wp-block-embed__wrapper\">\n<iframe loading=\"lazy\" title=\"BOMBA! VALENTINO ROSSI ANUNCIA APOSENTADORIA DA MOTOGP | Briefing + WGP\" width=\"500\" height=\"281\" src=\"https:\/\/www.youtube.com\/embed\/zIxNCftp6ng?feature=oembed\" frameborder=\"0\" allow=\"accelerometer; autoplay; clipboard-write; encrypted-media; gyroscope; picture-in-picture; web-share\" referrerpolicy=\"strict-origin-when-cross-origin\" allowfullscreen><\/iframe>\n<\/div><\/figure>\n","protected":false},"excerpt":{"rendered":"<p>O fim de semana do esporte a motor tem a volta da Indy e da MotoGP, al\u00e9m da Nascar, do Mundial de Superbike e da Stock Car. Confira a programa\u00e7\u00e3o de TV e do streaming<\/p>\n","protected":false},"author":0,"featured_media":1000488915,"comment_status":"closed","ping_status":"closed","sticky":false,"template":"","format":"standard","meta":{"42wp_featured_image_caption":"","42wp_featured_image_credits":"","42wp_featured_video":"","42wp_featured_image_hidden":false,"42wp_authors_list":[],"footnotes":""},"categories":[38],"tags":[26133,93,490,28345,26036,69],"42wp_author":[47115],"class_list":["post-118873","post","type-post","status-publish","format-standard","has-post-thumbnail","hentry","category-programacao-tv","tag-horarios","tag-indy","tag-motogp-2021","tag-motogp-horarios","tag-programacao-de-tv","tag-stock-car","42wp_author-evelyn-guimaraes"],"_links":{"self":[{"href":"https:\/\/grandepremio.com\/br\/wp-json\/wp\/v2\/posts\/118873","targetHints":{"allow":["GET"]}}],"collection":[{"href":"https:\/\/grandepremio.com\/br\/wp-json\/wp\/v2\/posts"}],"about":[{"href":"https:\/\/grandepremio.com\/br\/wp-json\/wp\/v2\/types\/post"}],"replies":[{"embeddable":true,"href":"https:\/\/grandepremio.com\/br\/wp-json\/wp\/v2\/comments?post=118873"}],"version-history":[{"count":0,"href":"https:\/\/grandepremio.com\/br\/wp-json\/wp\/v2\/posts\/118873\/revisions"}],"wp:featuredmedia":[{"embeddable":true,"href":"https:\/\/grandepremio.com\/br\/wp-json\/wp\/v2\/media\/1000488915"}],"wp:attachment":[{"href":"https:\/\/grandepremio.com\/br\/wp-json\/wp\/v2\/media?parent=118873"}],"wp:term":[{"taxonomy":"category","embeddable":true,"href":"https:\/\/grandepremio.com\/br\/wp-json\/wp\/v2\/categories?post=118873"},{"taxonomy":"post_tag","embeddable":true,"href":"https:\/\/grandepremio.com\/br\/wp-json\/wp\/v2\/tags?post=118873"},{"taxonomy":"42wp_author","embeddable":true,"href":"https:\/\/grandepremio.com\/br\/wp-json\/wp\/v2\/42wp_author?post=118873"}],"curies":[{"name":"wp","href":"https:\/\/api.w.org\/{rel}","templated":true}]}}