{"id":118902,"date":"2021-08-03T14:43:12","date_gmt":"2021-08-03T17:43:12","guid":{"rendered":"https:\/\/grandepremio.com\/br\/noticias\/giro-br-20-podio-formula-3-novidade-stock-car-volta-helio-castroneves-indy\/"},"modified":"2021-08-03T14:43:17","modified_gmt":"2021-08-03T17:43:17","slug":"giro-br-20-podio-formula-3-novidade-stock-car-volta-helio-castroneves-indy","status":"publish","type":"post","link":"https:\/\/grandepremio.com\/br\/grande-premio\/giro-br-20-podio-formula-3-novidade-stock-car-volta-helio-castroneves-indy\/","title":{"rendered":"Giro BR #20: P\u00f3dio na F\u00f3rmula 3, novidade na Stock Car e volta de Castroneves \u00e0 Indy"},"content":{"rendered":"<p>[twitchtv url=&#8221;https:\/\/www.twitch.tv\/grandepremio\/v\/1106888398&#8243;]<\/p>\n\n\n\n<p class=\"wp-block-paragraph\">O Giro BR #20 desta ter\u00e7a-feira (3), que foi ao ar na <strong><a href=\"http:\/\/twitch.tv\/grandepremio\">Twitch do GRANDE PR\u00caMIO<\/a><\/strong>, analisou o fim de semana de not\u00edcias e provas do automobilismo brasileiro. O programa teve apresenta\u00e7\u00e3o de Pedro Luis Cuenca, participa\u00e7\u00e3o de Gabriel Carvalho e Lucas Couto e produ\u00e7\u00e3o de Rodrigo Berton. O programa vai ao ar toda ter\u00e7a-feira, na Twitch, a partir de 13h (de Bras\u00edlia).<\/p>\n\n\n\n<p class=\"wp-block-paragraph\">A atra\u00e7\u00e3o analisou o fim de semana da F\u00f3rmula 3 na Hungria. Por um lado, Enzo Fittipaldi garantiu o primeiro p\u00f3dio na categoria ap\u00f3s tanto bater na trave e seguiu com a boa fase na temporada 2021. Por outro, Caio Collet saiu zerado de Hungaroring e caiu na tabela de pontos, voltando a mostrar inconsist\u00eancia.<\/p>\n\n\n\n<figure class=\"wp-block-image size-large\"><img decoding=\"async\" src=\"https:\/\/www.grandepremio.com\/br\/wp-content\/uploads\/2021\/05\/Pietro-Fittipaldi-6-1024x683.jpg\" alt=\"\" class=\"wp-image-477778\"\/><figcaption>Depois de andar na F1 e na Indy, Pietro Fittipaldi vai fazer etapa da Stock Car neste fim de semana (Foto: Indycar)<\/figcaption><\/figure>\n\n\n\n<p class=\"wp-block-paragraph\"><strong>Conhe\u00e7a o canal do Grande Pr\u00eamio no YouTube! Clique\u00a0<a target=\"_blank\" href=\"https:\/\/youtube.com\/GrandePremioTV\" rel=\"noreferrer noopener\">aqui<\/a>.<\/strong><br><strong>Siga o Grande Pr\u00eamio no\u00a0<a target=\"_blank\" href=\"https:\/\/twitter.com\/grandepremio\" rel=\"noreferrer noopener\">Twitter\u00a0<\/a>e no\u00a0<a target=\"_blank\" href=\"https:\/\/instagram.com\/grandepremio\" rel=\"noreferrer noopener\">Instagram<\/a>!<\/strong><\/p>\n\n\n\n<p class=\"wp-block-paragraph\">As ca\u00f3ticas 24 Horas de Le Mans tamb\u00e9m foram assunto, pela presen\u00e7a do brasileiro Felipe Fraga, que n\u00e3o passou da d\u00e9cima coloca\u00e7\u00e3o em uma prova marcada por forte acidente e pela chuva. Bruna Tomaselli tamb\u00e9m pontuando na W Series foi motivo de discuss\u00e3o dos participantes.<\/p>\n\n\n\n<p class=\"wp-block-paragraph\">Por fim, o Giro BR #20 comentou o an\u00fancio de Pietro Fittipaldi para disputar a etapa de Curitiba da Stock Car, no lugar de Tony Kanaan, e a volta de Helio Castroneves ao cockpit da Meyer Shank ap\u00f3s a grande vit\u00f3ria nas 500 Milhas de Indian\u00e1polis.<\/p>\n\n\n\n<p class=\"wp-block-paragraph\"><strong>VEJA TAMB\u00c9M<\/strong><br><strong><a href=\"https:\/\/www.grandepremio.com\/br\/web-stories\/f1\/lewis-hamilton-max-verstappen-confusao-largada-como-foi-gp-hungria-formula-1-2021\/\">+Confus\u00e3o j\u00e1 na largada: como foi o salseiro no in\u00edcio do GP da Hungria de F1<\/a><\/strong><\/p>\n\n\n\n<figure class=\"wp-block-embed is-type-video is-provider-youtube wp-block-embed-youtube wp-embed-aspect-16-9 wp-has-aspect-ratio\"><div class=\"wp-block-embed__wrapper\">\n<iframe loading=\"lazy\" title=\"OCON VENCE, ALONSO E VETTEL BRILHAM E HAMILTON VIRA L\u00cdDER NA F1 2021 | Paddock GP #250\" width=\"500\" height=\"281\" src=\"https:\/\/www.youtube.com\/embed\/QOPSaVBlusc?feature=oembed\" frameborder=\"0\" allow=\"accelerometer; autoplay; clipboard-write; encrypted-media; gyroscope; picture-in-picture; web-share\" referrerpolicy=\"strict-origin-when-cross-origin\" allowfullscreen><\/iframe>\n<\/div><\/figure>\n","protected":false},"excerpt":{"rendered":"<p>O Giro BR #20 comentou diversos assuntos do fim de semana, como o desempenho brasileiro na F\u00f3rmula 3 e na W Series, a participa\u00e7\u00e3o de Felipe Fraga nas 24 Horas de Spa e a volta de Helio Castroneves \u00e0 Indy na etapa de Nashville<\/p>\n","protected":false},"author":0,"featured_media":1000496565,"comment_status":"closed","ping_status":"closed","sticky":false,"template":"","format":"standard","meta":{"42wp_featured_image_caption":"","42wp_featured_image_credits":"","42wp_featured_video":"","42wp_featured_image_hidden":false,"42wp_authors_list":[],"footnotes":""},"categories":[4],"tags":[448,409,642,1008,460,24945,27565,24836,267,93,94,1093,408,69,686],"42wp_author":[47135],"class_list":["post-118902","post","type-post","status-publish","format-standard","has-post-thumbnail","hentry","category-grande-premio","tag-caio-collet","tag-enzo-fittipaldi","tag-f1-ao-vivo","tag-f3","tag-felipe-fraga","tag-formula-3-2","tag-giro-br","tag-grande-premio-2","tag-helio-castroneves","tag-indy","tag-indycar","tag-live","tag-pietro-fittipaldi","tag-stock-car","tag-twitch","42wp_author-pedro-luis-cuenca"],"_links":{"self":[{"href":"https:\/\/grandepremio.com\/br\/wp-json\/wp\/v2\/posts\/118902","targetHints":{"allow":["GET"]}}],"collection":[{"href":"https:\/\/grandepremio.com\/br\/wp-json\/wp\/v2\/posts"}],"about":[{"href":"https:\/\/grandepremio.com\/br\/wp-json\/wp\/v2\/types\/post"}],"replies":[{"embeddable":true,"href":"https:\/\/grandepremio.com\/br\/wp-json\/wp\/v2\/comments?post=118902"}],"version-history":[{"count":0,"href":"https:\/\/grandepremio.com\/br\/wp-json\/wp\/v2\/posts\/118902\/revisions"}],"wp:featuredmedia":[{"embeddable":true,"href":"https:\/\/grandepremio.com\/br\/wp-json\/wp\/v2\/media\/1000496565"}],"wp:attachment":[{"href":"https:\/\/grandepremio.com\/br\/wp-json\/wp\/v2\/media?parent=118902"}],"wp:term":[{"taxonomy":"category","embeddable":true,"href":"https:\/\/grandepremio.com\/br\/wp-json\/wp\/v2\/categories?post=118902"},{"taxonomy":"post_tag","embeddable":true,"href":"https:\/\/grandepremio.com\/br\/wp-json\/wp\/v2\/tags?post=118902"},{"taxonomy":"42wp_author","embeddable":true,"href":"https:\/\/grandepremio.com\/br\/wp-json\/wp\/v2\/42wp_author?post=118902"}],"curies":[{"name":"wp","href":"https:\/\/api.w.org\/{rel}","templated":true}]}}