{"id":11891,"date":"2026-02-20T06:22:23","date_gmt":"2026-02-20T09:22:23","guid":{"rendered":"https:\/\/grandepremio.com\/br\/noticias\/f1-reune-max-verstappen-minimiza-criticas-regulamento-quem-mais-se-importa\/"},"modified":"2026-02-20T06:23:00","modified_gmt":"2026-02-20T09:23:00","slug":"f1-reune-max-verstappen-minimiza-criticas-regulamento-quem-mais-se-importa","status":"publish","type":"post","link":"https:\/\/grandepremio.com\/br\/f1\/f1-reune-max-verstappen-minimiza-criticas-regulamento-quem-mais-se-importa\/","title":{"rendered":"F1 se re\u00fane com Verstappen e minimiza cr\u00edticas ao regulamento: &#8220;\u00c9 quem mais se importa&#8221;"},"content":{"rendered":"\n<p class=\"wp-block-paragraph\"><strong>Stefano Domenicali<\/strong>, CEO da <strong>F\u00f3rmula 1<\/strong>, n\u00e3o se incomodou com as cr\u00edticas que<strong> Max Verstappen<\/strong> direcionou ao novo regulamento. De acordo com o executivo, o tetracampe\u00e3o \u00e9 quem mais se importa com a competi\u00e7\u00e3o e, por isso, reuniu-se com a categoria para expressar o ponto de vista e mostrar quais pontos podem ser melhorados para a temporada de 2026.<\/p>\n\n\n\n<p class=\"wp-block-paragraph\"><a href=\"https:\/\/www.grandepremio.com\/br\/f1\/noticias\/modo-reta-modo-curva-outros-termos-entenda-definicoes-f1-para-2026\/\">O novo regulamento<\/a> traz mudan\u00e7as significativas na pilotagem, a come\u00e7ar pelos motores, que passam a contar com uma distribui\u00e7\u00e3o de 50\/50 entre combust\u00e3o e parte el\u00e9trica. Dessa forma, os competidores precisam se preocupar com o gerenciamento da bateria, que influencia diretamente o ritmo ao longo da volta e em momentos como a largada e as ultrapassagens.<\/p>\n\n\n\n<p class=\"wp-block-paragraph\">In\u00fameros pilotos criticaram a situa\u00e7\u00e3o atual da <strong>F1<\/strong>, mas ningu\u00e9m foi t\u00e3o vocal quanto <strong>Verstappen<\/strong>. O tetracampe\u00e3o <a href=\"https:\/\/www.grandepremio.com\/br\/f1\/noticias\/max-verstappen-detona-regulamento-f1-2026-parece-formula-e-com-esteroides\/\">comparou os novos carros \u00e0 <strong>F\u00f3rmula E<\/strong> \u201ccom esteroides\u201d<\/a>, disse que os pilotos<a href=\"https:\/\/www.grandepremio.com\/br\/f1\/noticias\/max-verstappen-critica-fia-diz-pilotos-talvez-precisem-frear-retas\/\"> ter\u00e3o de frear nas retas<\/a> para poupar energia e sugeriu que a categoria <a href=\"https:\/\/www.grandepremio.com\/br\/f1\/noticias\/max-verstappen-prega-distancia-formula-e-sugere-formula-1-se-livre-baterias\/\">se livre das baterias<\/a>.<\/p>\n\n\n\n<p class=\"wp-block-paragraph\"><strong>Domenicali<\/strong>, no entanto, n\u00e3o se importou com a forma como <strong>Verstappen <\/strong>se referiu \u00e0 <strong>F1<\/strong>. De acordo com o executivo, o neerland\u00eas \u00e9 quem mais se preocupa com a situa\u00e7\u00e3o da categoria e, por isso, participou de reuni\u00f5es para indicar um caminho que pode ser mais agrad\u00e1vel aos pilotos.<\/p>\n\n\n\n<figure class=\"wp-block-image size-large\"><img decoding=\"async\" src=\"https:\/\/www.grandepremio.com\/br\/wp-content\/uploads\/2024\/11\/las-vegas-2024-f1-quinta-feira-stefano-domenicali-afp-01-1200x800.jpg\" alt=\"\" class=\"wp-image-899018\"\/><figcaption class=\"wp-element-caption\">Stefano Domenicali defendeu o novo regulamento da F1 (Foto: AFP) <\/figcaption><\/figure>\n\n\n\n<p class=\"wp-block-paragraph\">\u201cGaranto que <strong>Max <\/strong>gosta e se importa com a <strong>F1 <\/strong>mais do que qualquer outra pessoa. Ele tem um jeito especial de expressar o que quer dizer. Mas tivemos uma reuni\u00e3o muito construtiva. Ele tamb\u00e9m ter\u00e1 uma reuni\u00e3o muito construtiva com a Federa\u00e7\u00e3o [FIA], para destacar seu ponto de vista sobre o que ele acredita ser necess\u00e1rio para manter o estilo de pilotagem no centro da abordagem\u201d, finalizou <strong>Domenicali<\/strong>.<\/p>\n\n\n\n<p class=\"wp-block-paragraph\">Ap\u00f3s os testes coletivos da pr\u00e9-temporada 2026, os pilotos iniciam os preparativos para a abertura do campeonato, que acontece na&nbsp;<strong>Austr\u00e1lia<\/strong>, em 8 de mar\u00e7o. O&nbsp;<strong>GRANDE PR\u00caMIO<\/strong>&nbsp;acompanha as atividades&nbsp;<strong>AO VIVO<\/strong>&nbsp;e&nbsp;<strong>EM TEMPO REAL<\/strong>.<\/p>\n\n\n\n<p class=\"wp-block-paragraph\">\u25b6\ufe0f&nbsp;<strong>Inscreva-se nos dois canais do GRANDE PR\u00caMIO no YouTube:&nbsp;<a href=\"https:\/\/www.youtube.com\/channel\/UC9OlHEgxoaY6QY6nWPoiqQg?sub_confirmation=1\" target=\"_blank\" rel=\"noreferrer noopener\">GP<\/a>&nbsp;|&nbsp;<a href=\"https:\/\/www.youtube.com\/channel\/UC9csiS6q_C3C0FYhyr1rnFA?sub_confirmation=1\" target=\"_blank\" rel=\"noreferrer noopener\">GPTV<\/a><\/strong><\/p>\n\n\n\n<h2 class=\"wp-block-heading\" id=\"h-f1-hoje-saiba-aqui-as-noticias-mais-importantes-do-dia-da-formula-1\"><strong>F1 hoje: saiba aqui as not\u00edcias mais importantes do dia da F\u00f3rmula 1<\/strong><\/h2>\n\n\n\n<p class=\"wp-block-paragraph\">\u25b6\ufe0f&nbsp;<a href=\"https:\/\/www.grandepremio.com\/br\/f1\/noticias\/george-russell-bate-oscar-piastri-0s010-lidera-dia-4-testes-f1-bahrein-gabriel-bortoleto-10o\/\"><\/a><strong><a href=\"https:\/\/www.grandepremio.com\/br\/f1\/noticias\/andrea-kimi-antonelli-poe-mercedes-lideranca-dia-5-testes-f1-bahrein-gabriel-bortoleto-12\/\">Antonelli p\u00f5e Mercedes na lideran\u00e7a em dia 5 de testes da F1 no Bahrein. Bortoleto \u00e9 12\u00ba<\/a><\/strong><br>\u25b6\ufe0f&nbsp;<a href=\"https:\/\/www.grandepremio.com\/br\/f1\/noticias\/fia-testa-reducao-energia-bahrein-avalia-mudancas-motor-2026\/\"><strong>FIA testa redu\u00e7\u00e3o de energia no Bahrein e avalia mudan\u00e7as no motor de 2026<\/strong><\/a><br>\u25b6\ufe0f&nbsp;<strong><a href=\"https:\/\/www.grandepremio.com\/br\/f1\/noticias\/red-bull-volta-ter-problemas-perde-parte-manha-testes-f1-bahrein\/\"><\/a><a href=\"https:\/\/www.grandepremio.com\/br\/f1\/noticias\/ferrari-inova-aerodinamica-ativa-sf-26-desenvolve-rotacao-flap-asa-traseira\/\">Ferrari inova na aerodin\u00e2mica ativa da SF-26 e desenvolve rota\u00e7\u00e3o em flap da asa traseira&nbsp;<\/a><\/strong><\/p>\n","protected":false},"excerpt":{"rendered":"<p>Depois de Max Verstappen criticar o novo regulamento, o tetracampe\u00e3o se reuniu com a F\u00f3rmula 1 para elencar alguns pontos que podem ser melhorados nas novas regras<\/p>\n","protected":false},"author":0,"featured_media":1001060065,"comment_status":"closed","ping_status":"closed","sticky":false,"template":"","format":"standard","meta":{"42wp_featured_image_caption":"","42wp_featured_image_credits":"","42wp_featured_video":"","42wp_featured_image_hidden":false,"42wp_authors_list":[],"footnotes":""},"categories":[2],"tags":[20491,27861,34712,309,1667,729,26271,546,209,5273,302,147,29516,29148,176,207,180,31425,28995,25440,350,800,1491,28285,119,30840,28104,485,547,87,595,203,90,82,1521,29923,35129,2916,676,38179,204,4873,1756,46005,38575,1197,3132,907,31470,45787,42831,18951,612,215],"42wp_author":[47149],"class_list":["post-11891","post","type-post","status-publish","format-standard","has-post-thumbnail","hentry","category-f1","tag-alpine","tag-andrea-kimi-antonelli","tag-arvid-lindblad","tag-aston-martin","tag-bahrein","tag-cadillac","tag-calendario-f1","tag-carlos-sainz","tag-charles-leclerc","tag-classificacao-f1","tag-esteban-ocon","tag-f1","tag-f1-2026","tag-f1-hoje","tag-fernando-alonso","tag-ferrari","tag-formula-1","tag-formula-1-2026","tag-formula-1-hoje","tag-franco-colapinto","tag-gabriel-bortoleto","tag-george-russell","tag-grande-premio","tag-grandepremio","tag-haas","tag-horarios-f1","tag-isack-hadjar","tag-lance-stroll","tag-lando-norris","tag-lewis-hamilton","tag-liam-lawson","tag-max-verstappen","tag-mclaren","tag-mercedes","tag-nico-hulkenberg","tag-oliver-bearman","tag-onde-assistir-f1","tag-oscar-piastri","tag-pierre-gasly","tag-racing-bulls","tag-red-bull","tag-regulamento-f1","tag-sakhir","tag-sakhir-2026","tag-sakhir-f1","tag-sauber","tag-sergio-perez","tag-stefano-domenicali","tag-temporada-2026-f1","tag-testes-coletivos-2026","tag-testes-coletivos-bahrein","tag-testes-coletivos-f1","tag-valtteri-bottas","tag-williams","42wp_author-bernardo-castro"],"_links":{"self":[{"href":"https:\/\/grandepremio.com\/br\/wp-json\/wp\/v2\/posts\/11891","targetHints":{"allow":["GET"]}}],"collection":[{"href":"https:\/\/grandepremio.com\/br\/wp-json\/wp\/v2\/posts"}],"about":[{"href":"https:\/\/grandepremio.com\/br\/wp-json\/wp\/v2\/types\/post"}],"replies":[{"embeddable":true,"href":"https:\/\/grandepremio.com\/br\/wp-json\/wp\/v2\/comments?post=11891"}],"version-history":[{"count":0,"href":"https:\/\/grandepremio.com\/br\/wp-json\/wp\/v2\/posts\/11891\/revisions"}],"wp:featuredmedia":[{"embeddable":true,"href":"https:\/\/grandepremio.com\/br\/wp-json\/wp\/v2\/media\/1001060065"}],"wp:attachment":[{"href":"https:\/\/grandepremio.com\/br\/wp-json\/wp\/v2\/media?parent=11891"}],"wp:term":[{"taxonomy":"category","embeddable":true,"href":"https:\/\/grandepremio.com\/br\/wp-json\/wp\/v2\/categories?post=11891"},{"taxonomy":"post_tag","embeddable":true,"href":"https:\/\/grandepremio.com\/br\/wp-json\/wp\/v2\/tags?post=11891"},{"taxonomy":"42wp_author","embeddable":true,"href":"https:\/\/grandepremio.com\/br\/wp-json\/wp\/v2\/42wp_author?post=11891"}],"curies":[{"name":"wp","href":"https:\/\/api.w.org\/{rel}","templated":true}]}}