{"id":118950,"date":"2021-08-01T15:48:06","date_gmt":"2021-08-01T18:48:06","guid":{"rendered":"https:\/\/grandepremio.com\/br\/noticias\/band-mantem-vice-lideranca-ibope-mais-1-hora-gp-hungria\/"},"modified":"2021-08-01T15:48:11","modified_gmt":"2021-08-01T18:48:11","slug":"band-mantem-vice-lideranca-ibope-mais-1-hora-gp-hungria","status":"publish","type":"post","link":"https:\/\/grandepremio.com\/br\/f1\/band-mantem-vice-lideranca-ibope-mais-1-hora-gp-hungria\/","title":{"rendered":"Band mant\u00e9m vice-lideran\u00e7a no Ibope por mais de 1 hora com GP da Hungria"},"content":{"rendered":"\n<figure class=\"wp-block-video\"><video class=\"video-js vjs-big-play-centered\" data-gp-vjs=\"1\" controls src=\"https:\/\/www.grandepremio.com\/br\/wp-content\/uploads\/2021\/08\/Largada_Hungria.mp4\"><\/video><figcaption>Como foi a largada do GP da Hungria de F1 (V\u00eddeo: F1)<\/figcaption><\/figure>\n\n\n\n<p class=\"wp-block-paragraph\">A Band voltou a registrar bons n\u00fameros de audi\u00eancia com a exibi\u00e7\u00e3o da F\u00f3rmula 1. A emissora do Morumbi se manteve ao menos uma hora no segundo lugar na medi\u00e7\u00e3o do Kantar Ibope Media com o GP da Hungria, disputado neste domingo (1). A informa\u00e7\u00e3o \u00e9<a href=\"https:\/\/teleguiado.com\/televisao\/band-vice-gp-hungria\/\"> do Teleguiado.<\/a><\/p>\n\n\n\n<p class=\"wp-block-paragraph\">Os n\u00fameros preliminares colhidos na Grande S\u00e3o Paulo apontam m\u00e9dia de 3,1 pontos e picos de quase 5 no per\u00edodo entre 9h30 \u00e0s 12h39. A m\u00e9dia foi menor que Globo (11,4), SBT (3,5) e Record (3,3).<\/p>\n\n\n\n<p class=\"wp-block-paragraph\">Segundo o Kantar Ibope Media, cada ponto de audi\u00eancia representa 205.377 espectadores e 76.557 domic\u00edlios na regi\u00e3o da Grande S\u00e3o Paulo. \u00c9 o maior contingente do Painel Nacional de Televis\u00e3o, sistema nacional de medi\u00e7\u00e3o, por isso \u00e9 tomado como refer\u00eancia em termos de audi\u00eancia.<\/p>\n\n\n\n<p class=\"wp-block-paragraph\"><strong>Conhe\u00e7a o canal do Grande Pr\u00eamio no YouTube! Clique\u00a0<a rel=\"noreferrer noopener\" href=\"https:\/\/youtube.com\/GrandePremioTV\" target=\"_blank\">aqui<\/a>.<br>Siga o Grande Pr\u00eamio no\u00a0<a rel=\"noreferrer noopener\" href=\"https:\/\/twitter.com\/grandepremio\" target=\"_blank\">Twitter\u00a0<\/a>e no\u00a0<a rel=\"noreferrer noopener\" href=\"https:\/\/instagram.com\/grandepremio\" target=\"_blank\">Instagram<\/a>!<\/strong><br><a target=\"_blank\" rel=\"noreferrer noopener\" href=\"https:\/\/www.grandepremio.com\/br\/web-stories\/f1\/lewis-hamilton-max-verstappen-confusao-largada-como-foi-gp-hungria-formula-1-2021\/\"><strong>Confus\u00e3o j\u00e1 na largada! Tudo sobre o GP da Hungria<\/strong><\/a><\/p>\n\n\n\n<figure class=\"wp-block-image size-large\"><img decoding=\"async\" src=\"https:\/\/www.grandepremio.com\/br\/wp-content\/uploads\/2020\/05\/000_9J62KD-scaled-e1627833585840-1024x607.jpg\" alt=\"\" class=\"wp-image-495872\"\/><figcaption>Esteban Ocon celebra vit\u00f3ria em Hungaroring (Foto: Florion Goga\/AFP)<\/figcaption><\/figure>\n\n\n\n<p class=\"wp-block-paragraph\">Em compara\u00e7\u00e3o com as corridas mais recentes, houve uma queda no n\u00famero de telespectadores, muito por conta das Olimp\u00edadas. A realiza\u00e7\u00e3o dos jogos em T\u00f3quio tem impulsionado as manh\u00e3s na Globo em todos os dias da semana.<\/p>\n\n\n\n<p class=\"wp-block-paragraph\">O GP da Hungria marcou a primeira vit\u00f3ria do franc\u00eas Esteban Ocon, da Alpine, na F\u00f3rmula 1. Ele venceu a prova seguido dos multicampe\u00f5es Sebastian Vettel e Lewis Hamilton. A pr\u00f3xima etapa do Mundial acontece apenas no fim do m\u00eas, no dia 28.<\/p>\n\n\n\n<figure class=\"wp-block-embed is-type-video is-provider-youtube wp-block-embed-youtube wp-embed-aspect-16-9 wp-has-aspect-ratio\"><div class=\"wp-block-embed__wrapper\">\n<iframe loading=\"lazy\" title=\"LOUCURA NA F1! OCON VENCE E ALONSO QUASE PARA HAMILTON! TUDO SOBRE O GP DA HUNGRIA | Briefing\" width=\"500\" height=\"281\" src=\"https:\/\/www.youtube.com\/embed\/ytt0FUnnshw?feature=oembed\" frameborder=\"0\" allow=\"accelerometer; autoplay; clipboard-write; encrypted-media; gyroscope; picture-in-picture; web-share\" referrerpolicy=\"strict-origin-when-cross-origin\" allowfullscreen><\/iframe>\n<\/div><figcaption>LOUCURA NA F1! OCON VENCE E ALONSO QUASE PARA HAMILTON! TUDO SOBRE O GP DA HUNGRIA | Briefing<\/figcaption><\/figure>\n","protected":false},"excerpt":{"rendered":"<p>Band sofreu queda de espectadores por conta das Olimp\u00edadas, mas seguiu registrando bons n\u00fameros de audi\u00eancia com a F\u00f3rmula 1, batendo a vice-lideran\u00e7a por mais de uma hora<\/p>\n","protected":false},"author":0,"featured_media":1000495914,"comment_status":"closed","ping_status":"closed","sticky":false,"template":"","format":"standard","meta":{"42wp_featured_image_caption":"","42wp_featured_image_credits":"","42wp_featured_video":"","42wp_featured_image_hidden":false,"42wp_authors_list":[],"footnotes":""},"categories":[2],"tags":[20491,1280,302,147,156,25536],"42wp_author":[47119],"class_list":["post-118950","post","type-post","status-publish","format-standard","has-post-thumbnail","hentry","category-f1","tag-alpine","tag-band","tag-esteban-ocon","tag-f1","tag-f1-2021","tag-formula-1-2021-2","42wp_author-gabriel-carvalho"],"_links":{"self":[{"href":"https:\/\/grandepremio.com\/br\/wp-json\/wp\/v2\/posts\/118950","targetHints":{"allow":["GET"]}}],"collection":[{"href":"https:\/\/grandepremio.com\/br\/wp-json\/wp\/v2\/posts"}],"about":[{"href":"https:\/\/grandepremio.com\/br\/wp-json\/wp\/v2\/types\/post"}],"replies":[{"embeddable":true,"href":"https:\/\/grandepremio.com\/br\/wp-json\/wp\/v2\/comments?post=118950"}],"version-history":[{"count":0,"href":"https:\/\/grandepremio.com\/br\/wp-json\/wp\/v2\/posts\/118950\/revisions"}],"wp:featuredmedia":[{"embeddable":true,"href":"https:\/\/grandepremio.com\/br\/wp-json\/wp\/v2\/media\/1000495914"}],"wp:attachment":[{"href":"https:\/\/grandepremio.com\/br\/wp-json\/wp\/v2\/media?parent=118950"}],"wp:term":[{"taxonomy":"category","embeddable":true,"href":"https:\/\/grandepremio.com\/br\/wp-json\/wp\/v2\/categories?post=118950"},{"taxonomy":"post_tag","embeddable":true,"href":"https:\/\/grandepremio.com\/br\/wp-json\/wp\/v2\/tags?post=118950"},{"taxonomy":"42wp_author","embeddable":true,"href":"https:\/\/grandepremio.com\/br\/wp-json\/wp\/v2\/42wp_author?post=118950"}],"curies":[{"name":"wp","href":"https:\/\/api.w.org\/{rel}","templated":true}]}}