{"id":118996,"date":"2021-07-31T13:34:28","date_gmt":"2021-07-31T16:34:28","guid":{"rendered":"https:\/\/grandepremio.com\/br\/noticias\/sergio-perez-celebra-4o-lugar-grid-hungria-mercedes-mais-ritmo\/"},"modified":"2021-07-31T13:34:35","modified_gmt":"2021-07-31T16:34:35","slug":"sergio-perez-celebra-4o-lugar-grid-hungria-mercedes-mais-ritmo","status":"publish","type":"post","link":"https:\/\/grandepremio.com\/br\/f1\/sergio-perez-celebra-4o-lugar-grid-hungria-mercedes-mais-ritmo\/","title":{"rendered":"P\u00e9rez celebra 4\u00ba lugar no grid na Hungria e v\u00ea Mercedes com mais ritmo"},"content":{"rendered":"\n<figure class=\"wp-block-video\"><video class=\"video-js vjs-big-play-centered\" data-gp-vjs=\"1\" controls src=\"https:\/\/www.grandepremio.com\/br\/wp-content\/uploads\/2021\/07\/Carlos-sainz-crash-Q2-Hungria.mp4\"><\/video><figcaption>Carlos Sainz bateu no treino classificat\u00f3rio do GP da Hungria de F1 (V\u00ecdeo: F1)<\/figcaption><\/figure>\n\n\n\n<p class=\"wp-block-paragraph\">Sergio P\u00e9rez vai largar da quarta posi\u00e7\u00e3o no GP da Hungria. O mexicano da Red Bull foi um dos pilotos que n\u00e3o conseguiu dar a volta final do Q3, atrapalhado por Lewis Hamilton, que segurou o pelot\u00e3o nos segundos finais no Hungaroring.<\/p>\n\n\n\n<p class=\"wp-block-paragraph\">Apesar de entender que ainda tinha margem para melhorar o tempo de 1min16s421, P\u00e9rez cr\u00ea que quarto lugar \u00e9 uma boa posi\u00e7\u00e3o de largada na Hungria. <\/p>\n\n\n\n<p class=\"wp-block-paragraph\">&#8220;Naquele ponto, pens\u00e1vamos que t\u00ednhamos margem para continuar. Infelizmente, n\u00e3o foi o caso. Ainda tinha muito tempo a tirar. Se voc\u00ea acerta uma curva aqui, vai ter muito tempo. Acho que temos uma boa posi\u00e7\u00e3o para amanh\u00e3&#8221;, declarou o mexicano em entrevista \u00e0 Sky Sports.<\/p>\n\n\n\n<p class=\"wp-block-paragraph\"><strong>Conhe\u00e7a o canal do Grande Pr\u00eamio no YouTube! Clique\u00a0<a rel=\"noreferrer noopener\" href=\"https:\/\/youtube.com\/GrandePremioTV\" target=\"_blank\">aqui<\/a>.<br>Siga o Grande Pr\u00eamio no\u00a0<a rel=\"noreferrer noopener\" href=\"https:\/\/twitter.com\/grandepremio\" target=\"_blank\">Twitter\u00a0<\/a>e no\u00a0<a rel=\"noreferrer noopener\" href=\"https:\/\/instagram.com\/grandepremio\" target=\"_blank\">Instagram<\/a>!<\/strong><\/p>\n\n\n\n<figure class=\"wp-block-image size-large\"><img decoding=\"async\" src=\"https:\/\/www.grandepremio.com\/br\/wp-content\/uploads\/2021\/07\/redbull-sergioperez-01-8-1024x683.jpg\" alt=\"\" class=\"wp-image-495433\"\/><figcaption>Sergio P\u00e9rez vai largar em quarto na Hungria (Foto: Red Bull Content Pool)<\/figcaption><\/figure>\n\n\n\n<p class=\"wp-block-paragraph\">Pela primeira vez desde o GP de Portugal, a Mercedes fechou a primeira fila com Lewis Hamilton pole e Valtteri Bottas em segundo. Sergio espera colocar press\u00e3o nas flechas de prata desde o in\u00edcio da prova.<\/p>\n\n\n\n<p class=\"wp-block-paragraph\">&#8220;Eu espero que possamos colocar bastante press\u00e3o neles. Eles foram muito, muito fortes hoje. Carregam mais ritmo. Esperamos uma boa largada e seguir daquele ponto&#8221;, concluiu.<\/p>\n\n\n\n<p class=\"wp-block-paragraph\"><strong><a href=\"https:\/\/www.grandepremio.com\/br\/web-stories\/f1\/grid-largada-treino-classificacao-gp-hungria-formula-1-2021\/\">+Como ficou o grid de largada do GP da Hungria de&nbsp;<\/a><a href=\"https:\/\/www.grandepremio.com\/br\/f1\/\" target=\"_blank\" rel=\"noreferrer noopener\">F\u00f3rmula 1<\/a><\/strong><\/p>\n\n\n\n<p class=\"wp-block-paragraph\">O GP da Hungria, 11\u00aa etapa da temporada 2021 da F\u00f3rmula 1, tem largada prevista para 10h (de Bras\u00edlia, GMT-3) deste domingo. O\u00a0<strong>GRANDE PR\u00caMIO<\/strong>\u00a0acompanha tudo\u00a0<strong><a href=\"https:\/\/www.grandepremio.com\/br\/ao-vivo\/f1\/\">AO VIVO e em TEMPO REAL.<\/a><\/strong><\/p>\n\n\n\n<figure class=\"wp-block-embed is-type-video is-provider-youtube wp-block-embed-youtube wp-embed-aspect-16-9 wp-has-aspect-ratio\"><div class=\"wp-block-embed__wrapper\">\n<iframe loading=\"lazy\" title=\"TEM MAIS GUERRA NA F1! HAMILTON SEGURA VERSTAPPEN E \u00c9 POLE DO GP DA HUNGRIA | Briefing\" width=\"500\" height=\"281\" src=\"https:\/\/www.youtube.com\/embed\/nzLyIFVzfeU?feature=oembed\" frameborder=\"0\" allow=\"accelerometer; autoplay; clipboard-write; encrypted-media; gyroscope; picture-in-picture; web-share\" referrerpolicy=\"strict-origin-when-cross-origin\" allowfullscreen><\/iframe>\n<\/div><figcaption>TEM MAIS GUERRA NA F1! HAMILTON SEGURA VERSTAPPEN E \u00c9 POLE DO GP DA HUNGRIA | Briefing<\/figcaption><\/figure>\n","protected":false},"excerpt":{"rendered":"<p>Sergio P\u00e9rez cr\u00ea que tinha espa\u00e7o para melhorar o tempo que o colocou em quarto lugar no GP da Hungria. Mexicano quer pressionar as Mercedes desde a largada<\/p>\n","protected":false},"author":0,"featured_media":1000495112,"comment_status":"closed","ping_status":"closed","sticky":false,"template":"","format":"standard","meta":{"42wp_featured_image_caption":"","42wp_featured_image_credits":"","42wp_featured_video":"","42wp_featured_image_hidden":false,"42wp_authors_list":[],"footnotes":""},"categories":[2],"tags":[147,156,24837,25536,1647,204,24863],"42wp_author":[47119],"class_list":["post-118996","post","type-post","status-publish","format-standard","has-post-thumbnail","hentry","category-f1","tag-f1","tag-f1-2021","tag-formula-1-2","tag-formula-1-2021-2","tag-gp-da-hungria","tag-red-bull","tag-sergio-perez-2","42wp_author-gabriel-carvalho"],"_links":{"self":[{"href":"https:\/\/grandepremio.com\/br\/wp-json\/wp\/v2\/posts\/118996","targetHints":{"allow":["GET"]}}],"collection":[{"href":"https:\/\/grandepremio.com\/br\/wp-json\/wp\/v2\/posts"}],"about":[{"href":"https:\/\/grandepremio.com\/br\/wp-json\/wp\/v2\/types\/post"}],"replies":[{"embeddable":true,"href":"https:\/\/grandepremio.com\/br\/wp-json\/wp\/v2\/comments?post=118996"}],"version-history":[{"count":0,"href":"https:\/\/grandepremio.com\/br\/wp-json\/wp\/v2\/posts\/118996\/revisions"}],"wp:featuredmedia":[{"embeddable":true,"href":"https:\/\/grandepremio.com\/br\/wp-json\/wp\/v2\/media\/1000495112"}],"wp:attachment":[{"href":"https:\/\/grandepremio.com\/br\/wp-json\/wp\/v2\/media?parent=118996"}],"wp:term":[{"taxonomy":"category","embeddable":true,"href":"https:\/\/grandepremio.com\/br\/wp-json\/wp\/v2\/categories?post=118996"},{"taxonomy":"post_tag","embeddable":true,"href":"https:\/\/grandepremio.com\/br\/wp-json\/wp\/v2\/tags?post=118996"},{"taxonomy":"42wp_author","embeddable":true,"href":"https:\/\/grandepremio.com\/br\/wp-json\/wp\/v2\/42wp_author?post=118996"}],"curies":[{"name":"wp","href":"https:\/\/api.w.org\/{rel}","templated":true}]}}