{"id":119043,"date":"2021-07-30T08:40:09","date_gmt":"2021-07-30T11:40:09","guid":{"rendered":"https:\/\/grandepremio.com\/br\/noticias\/sergio-perez-foca-hungria-apagar-desastre-completo-silverstone\/"},"modified":"2021-07-30T08:40:27","modified_gmt":"2021-07-30T11:40:27","slug":"sergio-perez-foca-hungria-apagar-desastre-completo-silverstone","status":"publish","type":"post","link":"https:\/\/grandepremio.com\/br\/f1\/sergio-perez-foca-hungria-apagar-desastre-completo-silverstone\/","title":{"rendered":"P\u00e9rez foca no GP da Hungria para apagar \u201cdesastre completo\u201d de Silverstone"},"content":{"rendered":"\n<figure class=\"wp-block-video\"><video class=\"video-js vjs-big-play-centered\" data-gp-vjs=\"1\" controls src=\"https:\/\/www.grandepremio.com\/br\/wp-content\/uploads\/2021\/07\/Animacao_3D_Hamilton_Verstappen.mp4\"><\/video><figcaption>Anima\u00e7\u00e3o 3D compara acidente de Verstappen com ultrapassagem em Leclerc (V\u00eddeo: Crashalong)<\/figcaption><\/figure>\n\n\n\n<p class=\"wp-block-paragraph\">Sergio P\u00e9rez ainda n\u00e3o engoliu o que definiu como um \u201cdesastre completo\u201d no GP da Inglaterra. \u00c0s v\u00e9speras da etapa da Hungria, o mexicano se disse completamente focado para virar a p\u00e1gina do que v\u00ea como pior fim de semana da temporada 2021.<\/p>\n\n\n\n<p class=\"wp-block-paragraph\">Em Silverstone, P\u00e9rez rodou na corrida sprint e, assim, acabou tendo de largar do pit-lane no GP da Inglaterra. No fim da disputa, o titular da Red Bull ainda teve de abrir m\u00e3o do d\u00e9cimo lugar para fazer mais um pit-stop e tomar a volta mais r\u00e1pida de Lewis Hamilton.<\/p>\n\n\n\n<figure class=\"wp-block-image size-large\"><img decoding=\"async\" src=\"https:\/\/www.grandepremio.com\/br\/wp-content\/uploads\/2021\/07\/000_9HB2YC-1024x682.jpg\" alt=\"\" class=\"wp-image-494895\"\/><figcaption>Sergio P\u00e9rez durante entrevista coletiva do GP da Hungria de F1 (Foto: AFP)<\/figcaption><\/figure>\n\n\n\n<p class=\"wp-block-paragraph\"><strong>Conhe\u00e7a o canal do Grande Pr\u00eamio no YouTube! Clique\u00a0<a rel=\"noreferrer noopener\" href=\"https:\/\/youtube.com\/GrandePremioTV\" target=\"_blank\">aqui<\/a>.<br>Siga o Grande Pr\u00eamio no\u00a0<a rel=\"noreferrer noopener\" href=\"https:\/\/twitter.com\/grandepremio\" target=\"_blank\">Twitter\u00a0<\/a>e no\u00a0<a rel=\"noreferrer noopener\" href=\"https:\/\/instagram.com\/grandepremio\" target=\"_blank\">Instagram<\/a>!<\/strong><\/p>\n\n\n\n<p class=\"wp-block-paragraph\">\u201cFoi um desastre completo do nosso lado\u201d, disse P\u00e9rez. \u201cCom a corrida sprint, assim que larguei, praticamente arruinei as nossas chances de fazer qualquer coisa\u201d, seguiu.<\/p>\n\n\n\n<p class=\"wp-block-paragraph\">\u201cEnt\u00e3o reagrupamos. Trabalhamos duro ao longo da semana para estarmos o mais preparados poss\u00edvel. Agora, estamos focando neste [GP]\u201d, comentou. \u201cSe n\u00e3o foi o nosso pior fim de semana da temporada, foi perto disso. Ent\u00e3o estou ansioso para a Hungria e totalmente focado\u201d, completou.<\/p>\n\n\n\n<p class=\"wp-block-paragraph\">P\u00e9rez hoje ocupa a <a href=\"https:\/\/www.grandepremio.com\/br\/f1\/classificacao\/\" target=\"_blank\" rel=\"noreferrer noopener\">quinta coloca\u00e7\u00e3o no Mundial de Pilotos<\/a>, 81 pontos atr\u00e1s de Max Verstappen, que lidera o campeonato. O mexicano ainda aguarda a posi\u00e7\u00e3o da Red Bull, mas, ao que tudo indica, vai ficar onde est\u00e1 em 2022.<\/p>\n\n\n\n<p class=\"wp-block-paragraph\">A F\u00f3rmula 1 volta a acelerar nesta sexta-feira com o treino livre 2 do GP da Hungria, que tem in\u00edcio \u00e0s 10h (de Bras\u00edlia, GMT-3). O\u00a0<strong>GRANDE PR\u00caMIO<\/strong>\u00a0acompanha tudo\u00a0<strong><a href=\"https:\/\/www.grandepremio.com\/br\/ao-vivo\/f1\/gp-da-hungria-de-f1-2021-treinos-livres-ao-vivo-online-gratis-tempo-real-hoje\/\">AO VIVO e em TEMPO REAL<\/a><\/strong>.<\/p>\n\n\n\n<figure class=\"wp-block-embed is-type-rich is-provider-spotify wp-block-embed-spotify wp-embed-aspect-21-9 wp-has-aspect-ratio\"><div class=\"wp-block-embed__wrapper\">\n<iframe title=\"Spotify Embed: #114: \u00c0s v\u00e9speras das f\u00e9rias, mercado de pilotos para F1 2022 ferve: quem fica e quem sai\" style=\"border-radius: 12px\" width=\"100%\" height=\"152\" frameborder=\"0\" allowfullscreen allow=\"autoplay; clipboard-write; encrypted-media; fullscreen; picture-in-picture\" loading=\"lazy\" src=\"https:\/\/open.spotify.com\/embed\/episode\/2ngQu62S7lKfYdgQpHT2Xp?utm_source=oembed\"><\/iframe>\n<\/div><\/figure>\n\n\n\n<figure class=\"wp-block-embed is-type-video is-provider-youtube wp-block-embed-youtube wp-embed-aspect-16-9 wp-has-aspect-ratio\"><div class=\"wp-block-embed__wrapper\">\n<iframe loading=\"lazy\" title=\"BOMBA! MERCEDES ACENDE GUERRA NA F1 AP\u00d3S FIA ESNOBAR RED BULL NO CASO HAMILTON-VERSTAPPEN | Briefing\" width=\"500\" height=\"281\" src=\"https:\/\/www.youtube.com\/embed\/_V3YE7g7_JM?feature=oembed\" frameborder=\"0\" allow=\"accelerometer; autoplay; clipboard-write; encrypted-media; gyroscope; picture-in-picture; web-share\" referrerpolicy=\"strict-origin-when-cross-origin\" allowfullscreen><\/iframe>\n<\/div><\/figure>\n","protected":false},"excerpt":{"rendered":"<p>Mexicano classificou o GP da Inglaterra como seu pior fim de semana da temporada 2021 da F\u00f3rmula 1 e se disse ansioso pelo GP da Hungria<\/p>\n","protected":false},"author":0,"featured_media":1000492107,"comment_status":"closed","ping_status":"closed","sticky":false,"template":"","format":"standard","meta":{"42wp_featured_image_caption":"","42wp_featured_image_credits":"","42wp_featured_video":"","42wp_featured_image_hidden":false,"42wp_authors_list":[],"footnotes":""},"categories":[2],"tags":[147,156,24837,25536,26868,4122,3967,897,24863,3632],"42wp_author":[47113],"class_list":["post-119043","post","type-post","status-publish","format-standard","has-post-thumbnail","hentry","category-f1","tag-f1","tag-f1-2021","tag-formula-1-2","tag-formula-1-2021-2","tag-formula-1-classificacao-2020","tag-hungaroring","tag-hungria","tag-inglaterra","tag-sergio-perez-2","tag-silverstone","42wp_author-juliana-tesser"],"_links":{"self":[{"href":"https:\/\/grandepremio.com\/br\/wp-json\/wp\/v2\/posts\/119043","targetHints":{"allow":["GET"]}}],"collection":[{"href":"https:\/\/grandepremio.com\/br\/wp-json\/wp\/v2\/posts"}],"about":[{"href":"https:\/\/grandepremio.com\/br\/wp-json\/wp\/v2\/types\/post"}],"replies":[{"embeddable":true,"href":"https:\/\/grandepremio.com\/br\/wp-json\/wp\/v2\/comments?post=119043"}],"version-history":[{"count":0,"href":"https:\/\/grandepremio.com\/br\/wp-json\/wp\/v2\/posts\/119043\/revisions"}],"wp:featuredmedia":[{"embeddable":true,"href":"https:\/\/grandepremio.com\/br\/wp-json\/wp\/v2\/media\/1000492107"}],"wp:attachment":[{"href":"https:\/\/grandepremio.com\/br\/wp-json\/wp\/v2\/media?parent=119043"}],"wp:term":[{"taxonomy":"category","embeddable":true,"href":"https:\/\/grandepremio.com\/br\/wp-json\/wp\/v2\/categories?post=119043"},{"taxonomy":"post_tag","embeddable":true,"href":"https:\/\/grandepremio.com\/br\/wp-json\/wp\/v2\/tags?post=119043"},{"taxonomy":"42wp_author","embeddable":true,"href":"https:\/\/grandepremio.com\/br\/wp-json\/wp\/v2\/42wp_author?post=119043"}],"curies":[{"name":"wp","href":"https:\/\/api.w.org\/{rel}","templated":true}]}}