{"id":119065,"date":"2021-07-29T10:00:00","date_gmt":"2021-07-29T13:00:00","guid":{"rendered":"https:\/\/grandepremio.com\/br\/noticias\/as-corridas-do-fim-de-semana-na-tv-e-no-streaming-30-de-julho-a-1o-de-agosto\/"},"modified":"2021-07-29T09:27:27","modified_gmt":"2021-07-29T12:27:27","slug":"as-corridas-do-fim-de-semana-na-tv-e-no-streaming-30-de-julho-a-1o-de-agosto","status":"publish","type":"post","link":"https:\/\/grandepremio.com\/br\/programacao-tv\/as-corridas-do-fim-de-semana-na-tv-e-no-streaming-30-de-julho-a-1o-de-agosto\/","title":{"rendered":"As corridas do fim de semana na TV e no streaming: 30 de julho a 1\u00ba de agosto"},"content":{"rendered":"\n<p class=\"wp-block-paragraph\"><strong>Sexta-feira, 30 de julho<\/strong>:<\/p>\n\n\n\n<figure class=\"wp-block-table\"><table><tbody><tr><td>CATEGORIA<\/td><td>ETAPA<\/td><td>ATIVIDADE<\/td><td>HORA<\/td><td>EMISSORA<\/td><\/tr><tr><td>F\u00f3rmula 3<\/td><td>Hungria<\/td><td>Treino livre<\/td><td>05:05<\/td><td>F1 TV Pro<\/td><\/tr><tr><td>F\u00f3rmula 1<\/td><td>GP da Hungria<\/td><td>Treino livre 1<\/td><td>06:30<\/td><td>BandSports\/F1 TV Pro<\/td><\/tr><tr><td>F\u00f3rmula 3<\/td><td>Hungria<\/td><td>Classifica\u00e7\u00e3o<\/td><td>08:50<\/td><td>F1 TV Pro<\/td><\/tr><tr><td>F\u00f3rmula 1<\/td><td>GP da Hungria<\/td><td>Treino livre 2<\/td><td>10:00<\/td><td>BandSports\/F1 TV Pro<\/td><\/tr><\/tbody><\/table><\/figure>\n\n\n\n<p class=\"wp-block-paragraph\"><strong>S\u00e1bado, 31 de julho<\/strong>:<\/p>\n\n\n\n<figure class=\"wp-block-table\"><table><tbody><tr><td>CATEGORIA<\/td><td>ETAPA<\/td><td>ATIVIDADE<\/td><td>HORA<\/td><td>EMISSORA<\/td><\/tr><tr><td>F\u00f3rmula 3<\/td><td>Hungria<\/td><td>Corrida 1<\/td><td>05:35<\/td><td>F1 TV Pro<\/td><\/tr><tr><td>F\u00f3rmula 1<\/td><td>GP da Hungria<\/td><td>Treino livre 3<\/td><td>07:00<\/td><td>BandSports\/F1 TV Pro<\/td><\/tr><tr><td>F\u00f3rmula 1<\/td><td>GP da Hungria<\/td><td>Classifica\u00e7\u00e3o<\/td><td>10:00<\/td><td>Band\/BandSports\/F1 TV Pro<\/td><\/tr><tr><td>W Series<\/td><td>Hungria<\/td><td>Corrida<\/td><td>11:30<\/td><td>SporTV 3<\/td><\/tr><tr><td>F\u00f3rmula 3<\/td><td>Hungria<\/td><td>Corrida 2<\/td><td>12:55<\/td><td>F1 TV Pro<\/td><\/tr><tr><td>Stock Car<\/td><td>Curitiba<\/td><td>Classifica\u00e7\u00e3o<\/td><td>15:30<\/td><td><a href=\"https:\/\/www.youtube.com\/user\/stockcarchannel\">YouTube<\/a>\/<a href=\"https:\/\/www.facebook.com\/stockcaroficial\">Facebook<\/a> Stock Car<\/td><\/tr><tr><td>Stock Car Light<\/td><td>Curitiba<\/td><td>Corrida 1<\/td><td>16:58<\/td><td>BandSports\/<a href=\"https:\/\/www.youtube.com\/user\/stockcarchannel\">YouTube<\/a>\/<a href=\"https:\/\/www.facebook.com\/stockcaroficial\">Facebook<\/a><\/td><\/tr><\/tbody><\/table><\/figure>\n\n\n\n<p class=\"wp-block-paragraph\"><strong>Domingo, 1\u00ba de agosto<\/strong>:<\/p>\n\n\n\n<figure class=\"wp-block-table\"><table><tbody><tr><td>CATEGORIA<\/td><td>ETAPA<\/td><td>ATIVIDADE<\/td><td>HORA<\/td><td>EMISSORA<\/td><\/tr><tr><td>F\u00f3rmula 3<\/td><td>Hungria<\/td><td>Corrida 3<\/td><td>05:45<\/td><td>F1 TV Pro<\/td><\/tr><tr><td>F\u00f3rmula 1<\/td><td>GP da Hungria<\/td><td>Corrida<\/td><td>10:00<\/td><td>Band\/BandSports\/F1 TV Pro<\/td><\/tr><tr><td>Stock Car<\/td><td>Curitiba<\/td><td>Corrida 1<\/td><td>13:00<\/td><td>Band\/SporTV 3\/<a href=\"https:\/\/www.youtube.com\/user\/stockcarchannel\">YouTube<\/a>\/<a href=\"https:\/\/www.facebook.com\/stockcaroficial\">Facebook<\/a><\/td><\/tr><tr><td>Stock Car<\/td><td>Curitiba<\/td><td>Corrida 2<\/td><td>13:48<\/td><td>Band\/SporTV 3\/<a href=\"https:\/\/www.youtube.com\/user\/stockcarchannel\">YouTube<\/a>\/<a href=\"https:\/\/www.facebook.com\/stockcaroficial\">Facebook<\/a><\/td><\/tr><tr><td>Stock Car Light<\/td><td>Curitiba<\/td><td>Corrida 2<\/td><td>15:20<\/td><td>BandSports\/<a href=\"https:\/\/www.youtube.com\/user\/stockcarchannel\">YouTube<\/a>\/<a href=\"https:\/\/www.facebook.com\/stockcaroficial\">Facebook<\/a><\/td><\/tr><\/tbody><\/table><\/figure>\n\n\n\n<h3 class=\"wp-block-heading\"><strong>Programa\u00e7\u00e3o do GRANDE PR\u00caMIO<\/strong><\/h3>\n\n\n\n\n\n<figure class=\"wp-block-table\"><table><tbody><tr><td>PROGRAMA<\/td><td>ETAPA<\/td><td>ATIVIDADE<\/td><td>HORA<\/td><td>TRANSMISS\u00c3O<\/td><\/tr><tr><td>Briefing (SAB)<\/td><td>GP da Hungria<\/td><td>P\u00f3s-classifica\u00e7\u00e3o<\/td><td>11:00<\/td><td><a href=\"http:\/\/bit.ly\/GPCanal\">GPTV (YouTube)<\/a><\/td><\/tr><tr><td>Briefing (DOM)<\/td><td>GP da Hungria<\/td><td>Pr\u00e9-corrida<\/td><td>09:00<\/td><td><a href=\"http:\/\/bit.ly\/GPCanal\">GPTV (YouTube)<\/a><\/td><\/tr><tr><td>Briefing (DOM)<\/td><td>GP da Hungria<\/td><td>P\u00f3s-corrida<\/td><td>Ap\u00f3s a chegada<\/td><td><a href=\"http:\/\/bit.ly\/GPCanal\">GPTV (YouTube)<\/a><\/td><\/tr><\/tbody><\/table><\/figure>\n","protected":false},"excerpt":{"rendered":"<p>O fim de semana encerra a primeira parte da temporada 2021 da F1. O GP da Hungria \u00e9 o \u00faltimo antes da pausa das f\u00e9rias. Al\u00e9m do Mundial, o Hungaroring recebe etapas da F3 e da W Series. A Stock Car vai a Curitiba<\/p>\n","protected":false},"author":0,"featured_media":1000398591,"comment_status":"closed","ping_status":"closed","sticky":false,"template":"","format":"standard","meta":{"42wp_featured_image_caption":"","42wp_featured_image_credits":"","42wp_featured_video":"","42wp_featured_image_hidden":false,"42wp_authors_list":[],"footnotes":""},"categories":[38],"tags":[1566,1280,1553,827,147,156,24837,1647,26133,25081,158,4122,26036,69,25286,832,784],"42wp_author":[47115],"class_list":["post-119065","post","type-post","status-publish","format-standard","has-post-thumbnail","hentry","category-programacao-tv","tag-ao-vivo","tag-band","tag-bandsports","tag-curitiba","tag-f1","tag-f1-2021","tag-formula-1-2","tag-gp-da-hungria","tag-horarios","tag-horarios-da-f1-2","tag-horarios-da-formula-1","tag-hungaroring","tag-programacao-de-tv","tag-stock-car","tag-transmissao","tag-treinos","tag-tv","42wp_author-evelyn-guimaraes"],"_links":{"self":[{"href":"https:\/\/grandepremio.com\/br\/wp-json\/wp\/v2\/posts\/119065","targetHints":{"allow":["GET"]}}],"collection":[{"href":"https:\/\/grandepremio.com\/br\/wp-json\/wp\/v2\/posts"}],"about":[{"href":"https:\/\/grandepremio.com\/br\/wp-json\/wp\/v2\/types\/post"}],"replies":[{"embeddable":true,"href":"https:\/\/grandepremio.com\/br\/wp-json\/wp\/v2\/comments?post=119065"}],"version-history":[{"count":0,"href":"https:\/\/grandepremio.com\/br\/wp-json\/wp\/v2\/posts\/119065\/revisions"}],"wp:featuredmedia":[{"embeddable":true,"href":"https:\/\/grandepremio.com\/br\/wp-json\/wp\/v2\/media\/1000398591"}],"wp:attachment":[{"href":"https:\/\/grandepremio.com\/br\/wp-json\/wp\/v2\/media?parent=119065"}],"wp:term":[{"taxonomy":"category","embeddable":true,"href":"https:\/\/grandepremio.com\/br\/wp-json\/wp\/v2\/categories?post=119065"},{"taxonomy":"post_tag","embeddable":true,"href":"https:\/\/grandepremio.com\/br\/wp-json\/wp\/v2\/tags?post=119065"},{"taxonomy":"42wp_author","embeddable":true,"href":"https:\/\/grandepremio.com\/br\/wp-json\/wp\/v2\/42wp_author?post=119065"}],"curies":[{"name":"wp","href":"https:\/\/api.w.org\/{rel}","templated":true}]}}