{"id":119089,"date":"2021-07-28T08:18:02","date_gmt":"2021-07-28T11:18:02","guid":{"rendered":"https:\/\/grandepremio.com\/br\/noticias\/max-verstappen-abafa-sensacionalismo-midia-foca-manter-lideranca-formula-1\/"},"modified":"2021-07-28T08:18:27","modified_gmt":"2021-07-28T11:18:27","slug":"max-verstappen-abafa-sensacionalismo-midia-foca-manter-lideranca-formula-1","status":"publish","type":"post","link":"https:\/\/grandepremio.com\/br\/f1\/max-verstappen-abafa-sensacionalismo-midia-foca-manter-lideranca-formula-1\/","title":{"rendered":"Verstappen abafa \u201csensacionalismo da m\u00eddia\u201d e foca em manter lideran\u00e7a da F\u00f3rmula 1"},"content":{"rendered":"\n<figure class=\"wp-block-embed is-type-video is-provider-youtube wp-block-embed-youtube wp-embed-aspect-16-9 wp-has-aspect-ratio\"><div class=\"wp-block-embed__wrapper\">\n<iframe loading=\"lazy\" title=\"TAPET\u00c3O NA F1? O QUE A RED BULL PEDE PARA PUNI\u00c7\u00c3O A HAMILTON SER REVISTA\" width=\"500\" height=\"281\" src=\"https:\/\/www.youtube.com\/embed\/3OCJtenqjQg?feature=oembed\" frameborder=\"0\" allow=\"accelerometer; autoplay; clipboard-write; encrypted-media; gyroscope; picture-in-picture; web-share\" referrerpolicy=\"strict-origin-when-cross-origin\" allowfullscreen><\/iframe>\n<\/div><figcaption>TAPET\u00c3O NA F1? O QUE A RED BULL PEDE PARA PUNI\u00c7\u00c3O A HAMILTONSER REVISTA | GP \u00c0S 10 <\/figcaption><\/figure>\n\n\n\n<p class=\"wp-block-paragraph\">Max Verstappen quer ficar longe do que classificou como \u201csensacionalismo da m\u00eddia\u201d no GP da Hungria. <a href=\"https:\/\/www.grandepremio.com\/br\/f1\/noticias\/ainda-inconformada-red-bull-fia-revise-punicao-dada-lewis-hamilton-inglaterra\/\" target=\"_blank\" rel=\"noreferrer noopener\">Apesar de a Red Bull ainda ter apresentado \u00e0 FIA (Federa\u00e7\u00e3o Internacional de Automobilismo) um pedido para revisar a puni\u00e7\u00e3o aplicada em Lewis Hamilton<\/a>, o piloto quer focar apenas no trabalho do GP da Hungria.<\/p>\n\n\n\n<p class=\"wp-block-paragraph\">O acidente entre Verstappen e Hamilton em Silverstone segue sendo tema de debate, especialmente por causa da postura da Red Bull, que segue contestando a puni\u00e7\u00e3o de 10s aplicada ao piloto da Mercedes. O time comandado por Christian Horner entende que o brit\u00e2nico deveria ser punido de maneira mais severa.<\/p>\n\n\n\n<p class=\"wp-block-paragraph\"><strong>Conhe\u00e7a o canal do Grande Pr\u00eamio no YouTube! Clique\u00a0<a target=\"_blank\" href=\"https:\/\/youtube.com\/GrandePremioTV\" rel=\"noreferrer noopener\">aqui<\/a>.<br>Siga o Grande Pr\u00eamio no\u00a0<a target=\"_blank\" href=\"https:\/\/twitter.com\/grandepremio\" rel=\"noreferrer noopener\">Twitter\u00a0<\/a>e no\u00a0<a target=\"_blank\" href=\"https:\/\/instagram.com\/grandepremio\" rel=\"noreferrer noopener\">Instagram<\/a>!<\/strong><br><strong><a href=\"https:\/\/www.grandepremio.com\/br\/f1\/noticias\/arabia-saudita-candidata-receber-rodada-dupla-corrida-sprint-f1\/\">Ar\u00e1bia Saudita se candidata a receber rodada dupla e corrida sprint na F1<\/a><\/strong><\/p>\n\n\n\n<figure class=\"wp-block-image size-large\"><img decoding=\"async\" src=\"https:\/\/www.grandepremio.com\/br\/wp-content\/uploads\/2021\/07\/redbull-maxverstappen-02-6-1024x683.jpg\" alt=\"\" class=\"wp-image-492788\"\/><figcaption>Max Verstappen quer deixar nas m\u00e3os da Red Bull a pol\u00eamica do GP da Inglaterra (Foto: Red Bull Content Pool\/Getty Images)<\/figcaption><\/figure>\n\n\n\n<figure class=\"wp-block-embed is-type-rich is-provider-spotify wp-block-embed-spotify wp-embed-aspect-21-9 wp-has-aspect-ratio\"><div class=\"wp-block-embed__wrapper\">\n<iframe title=\"Spotify Embed: Paddockast #113-As rivalidades que foram at\u00e9 as \u00faltimas consequ\u00eancias na F1\" style=\"border-radius: 12px\" width=\"100%\" height=\"152\" frameborder=\"0\" allowfullscreen allow=\"autoplay; clipboard-write; encrypted-media; fullscreen; picture-in-picture\" loading=\"lazy\" src=\"https:\/\/open.spotify.com\/embed\/episode\/0k8JkvS8sxGQO0QP2dZ7zG?utm_source=oembed\"><\/iframe>\n<\/div><\/figure>\n\n\n\n<p class=\"wp-block-paragraph\">Mesmo sem ver o incidente como um lance de corrida, Verstappen falou em deixar a pol\u00eamica para tr\u00e1s para que possa focar no trabalho em Hungaroring e defender a lideran\u00e7a do Mundial de Pilotos. Com a vit\u00f3ria em Silverstone, Hamilton conseguiu reduzir para s\u00f3 oito pontos a vantagem de Max na tabela.<\/p>\n\n\n\n<p class=\"wp-block-paragraph\">\u201cN\u00e3o tenho muito a dizer em rela\u00e7\u00e3o o sensacionalismo da m\u00eddia e, para ser sincero, n\u00e3o estou interessado em me envolver em nada disso\u201d, disse Verstappen. \u201cSei o que aconteceu em Silverstone, j\u00e1 que estava no carro e, obviamente, me sinto de certo forma em rela\u00e7\u00e3o a maneira como a minha corrida acabou, mas agora s\u00f3 estou focando em garantir que somos o melhor que podemos na pista, para que eu possa ficar na frente no campeonato\u201d, seguiu.<\/p>\n\n\n\n<p class=\"wp-block-paragraph\">\u201cA equipe pode cuidar do lado oficial das coisas e de qualquer coisa que precise ser verificada em rela\u00e7\u00e3o \u00e0 batida, mas o meu trabalho \u00e9 o mesmo de sempre: ser o melhor que posso e tentar vencer no domingo\u201d, comentou. \u201cGosto da Hungria como pista e tomara que tenha um pouco menos de a\u00e7\u00e3o no caminho para o grid, j\u00e1 que os mec\u00e2nico fizeram alguns milagres para colocar meu carro para fora para a corrida do ano passado!\u201d, encerrou.<\/p>\n\n\n\n<figure class=\"wp-block-embed is-type-video is-provider-youtube wp-block-embed-youtube wp-embed-aspect-16-9 wp-has-aspect-ratio\"><div class=\"wp-block-embed__wrapper\">\n<iframe loading=\"lazy\" title=\"HAMILTON X VERSTAPPEN \u00c9 CONFLITO DE GERA\u00c7\u00d5ES PARA MARCAR \u00c9POCA NA F1 | GP \u00c0S 10\" width=\"500\" height=\"281\" src=\"https:\/\/www.youtube.com\/embed\/9T3QpRtIxOE?feature=oembed\" frameborder=\"0\" allow=\"accelerometer; autoplay; clipboard-write; encrypted-media; gyroscope; picture-in-picture; web-share\" referrerpolicy=\"strict-origin-when-cross-origin\" allowfullscreen><\/iframe>\n<\/div><figcaption>HAMILTON X VERSTAPPEN \u00c9 CONFLITO DE GERA\u00c7\u00d5ES PARA MARCAR \u00c9POCA A F1 | GP \u00c0S 10<\/figcaption><\/figure>\n","protected":false},"excerpt":{"rendered":"<p>\u00c0s v\u00e9speras de voltar \u00e0s pistas ap\u00f3s o acidente do GP da Inglaterra, o piloto da Red Bull falou em focar na performance na pista e deixar para a equipe a miss\u00e3o de brigar pelo que quer que seja anda relacionado ao que aconteceu em Silverstone<\/p>\n","protected":false},"author":0,"featured_media":1000492284,"comment_status":"closed","ping_status":"closed","sticky":false,"template":"","format":"standard","meta":{"42wp_featured_image_caption":"","42wp_featured_image_credits":"","42wp_featured_video":"","42wp_featured_image_hidden":false,"42wp_authors_list":[],"footnotes":""},"categories":[2],"tags":[147,156,24837,25536,26868,897,87,203,3632],"42wp_author":[47113],"class_list":["post-119089","post","type-post","status-publish","format-standard","has-post-thumbnail","hentry","category-f1","tag-f1","tag-f1-2021","tag-formula-1-2","tag-formula-1-2021-2","tag-formula-1-classificacao-2020","tag-inglaterra","tag-lewis-hamilton","tag-max-verstappen","tag-silverstone","42wp_author-juliana-tesser"],"_links":{"self":[{"href":"https:\/\/grandepremio.com\/br\/wp-json\/wp\/v2\/posts\/119089","targetHints":{"allow":["GET"]}}],"collection":[{"href":"https:\/\/grandepremio.com\/br\/wp-json\/wp\/v2\/posts"}],"about":[{"href":"https:\/\/grandepremio.com\/br\/wp-json\/wp\/v2\/types\/post"}],"replies":[{"embeddable":true,"href":"https:\/\/grandepremio.com\/br\/wp-json\/wp\/v2\/comments?post=119089"}],"version-history":[{"count":0,"href":"https:\/\/grandepremio.com\/br\/wp-json\/wp\/v2\/posts\/119089\/revisions"}],"wp:featuredmedia":[{"embeddable":true,"href":"https:\/\/grandepremio.com\/br\/wp-json\/wp\/v2\/media\/1000492284"}],"wp:attachment":[{"href":"https:\/\/grandepremio.com\/br\/wp-json\/wp\/v2\/media?parent=119089"}],"wp:term":[{"taxonomy":"category","embeddable":true,"href":"https:\/\/grandepremio.com\/br\/wp-json\/wp\/v2\/categories?post=119089"},{"taxonomy":"post_tag","embeddable":true,"href":"https:\/\/grandepremio.com\/br\/wp-json\/wp\/v2\/tags?post=119089"},{"taxonomy":"42wp_author","embeddable":true,"href":"https:\/\/grandepremio.com\/br\/wp-json\/wp\/v2\/42wp_author?post=119089"}],"curies":[{"name":"wp","href":"https:\/\/api.w.org\/{rel}","templated":true}]}}