{"id":119113,"date":"2021-07-27T07:08:47","date_gmt":"2021-07-27T10:08:47","guid":{"rendered":"https:\/\/grandepremio.com\/br\/noticias\/rafa-camara-matheus-ferreira-vice-europeu-de-kart\/"},"modified":"2021-07-27T07:08:53","modified_gmt":"2021-07-27T10:08:53","slug":"rafa-camara-matheus-ferreira-vice-europeu-de-kart","status":"publish","type":"post","link":"https:\/\/grandepremio.com\/br\/kart\/rafa-camara-matheus-ferreira-vice-europeu-de-kart\/","title":{"rendered":"Rafa C\u00e2mara e Matheus Ferreira conquistam vice no Campeonato Europeu de Kart"},"content":{"rendered":"\n<figure class=\"wp-block-video\"><video class=\"video-js vjs-big-play-centered\" data-gp-vjs=\"1\" controls src=\"https:\/\/www.grandepremio.com\/br\/wp-content\/uploads\/2021\/07\/UNSEEN-FOOTAGE-@Lucasdigrassi-almost-pulled-off-an-audacious-move-after-nipping-through-the-pitlane-to-grab-the-lead-during-a-safety-car-period..mp4\"><\/video><figcaption>Lucas Di Grassi passou pelos boxes durante o safety-car para ganhar posi\u00e7\u00f5es em Londres (V\u00eddeo: F\u00f3rmula E)<\/figcaption><\/figure>\n\n\n\n<p class=\"wp-block-paragraph\">Em clima ol\u00edmpico, dois brasileiros conquistaram a \u2018medalha de prata\u2019 por suas respectivas campanhas no Campeonato Europeu de Kart, encerrado no \u00faltimo fim de semana no kart\u00f3dromo de Zuera, na Espanha. Matheus Ferreira, natural de Bras\u00edlia, confirmou a conquista do vice-campeonato na classe OK J\u00fanior com a equipe Kart Republic, enquanto Rafa C\u00e2mara, pernambucano do Recife, foi o vice-campe\u00e3o na classe OK defendendo a escuderia ORT.<\/p>\n\n\n\n<p class=\"wp-block-paragraph\">O campeonato foi disputado em quatro etapas \u2014 Genk, na B\u00e9lgica; Sarno, na It\u00e1lia; Aunay Les Bois, na Fran\u00e7a; e Zuera, na Espanha. Ferreira venceu a etapa francesa e foi o terceiro colocado na etapa em Sarno. O que comprometeu a campanha do brasiliense para o t\u00edtulo foram os resultados na jornada na B\u00e9lgica e na etapa decisiva, na Espanha, onde n\u00e3o completou.<\/p>\n\n\n\n<p class=\"wp-block-paragraph\"><strong>LEIA TAMB\u00c9M<\/strong><br><strong><a href=\"https:\/\/www.grandepremio.com\/br\/kart\/noticias\/copa-brasil-kart-define-primeiros-sete-campeoes-2021-londrina\/\">+Copa Brasil de Kart define primeiros sete campe\u00f5es de 2021 em Londrina<\/a><\/strong><\/p>\n\n\n\n<figure class=\"wp-block-image size-large\"><img decoding=\"async\" src=\"https:\/\/www.grandepremio.com\/br\/wp-content\/uploads\/2021\/07\/2021-CAMARA-FIAEuroZuera3375-1024x682.jpg\" alt=\"RAFA C\u00c2MARA; EUROPEU DE KART; ZUERA; ESPANHA;\" class=\"wp-image-494374\"\/><figcaption>Rafael C\u00e2mara levou o vice do Europeu na classe OK (Foto: Manuela Nicoletti\/Ferrari Promo)<\/figcaption><\/figure>\n\n\n\n<p class=\"wp-block-paragraph\"><strong>Conhe\u00e7a o canal do Grande Pr\u00eamio no YouTube! Clique\u00a0<a target=\"_blank\" href=\"https:\/\/youtube.com\/GrandePremioTV\" rel=\"noreferrer noopener\">aqui<\/a>.<br>Siga o Grande Pr\u00eamio no\u00a0<a target=\"_blank\" href=\"https:\/\/twitter.com\/grandepremio\" rel=\"noreferrer noopener\">Twitter\u00a0<\/a>e no\u00a0<a target=\"_blank\" href=\"https:\/\/instagram.com\/grandepremio\" rel=\"noreferrer noopener\">Instagram<\/a>!<\/strong><\/p>\n\n\n\n<p class=\"wp-block-paragraph\">Nas baterias classificat\u00f3rias, Matheus venceu tr\u00eas provas em Zuera e marcou 9 pontos, o que foi o bastante para ficar \u00e0 frente do belga Ean Eyckmans e vencer a disputa pelo vice por 65 pontos contra 60. Freddie Slater, de apenas 12 anos, conquistou o t\u00edtulo do Europeu de Kart.<\/p>\n\n\n\n<p class=\"wp-block-paragraph\">\u201cEstou muito feliz com mais essa conquista na temporada. Somos vice-campe\u00f5es europeus, foi uma competi\u00e7\u00e3o muito importante para mim e foi incr\u00edvel ter tantos resultados bons entre pilotos de alt\u00edssima qualidade\u201d, destacou Ferreira.<\/p>\n\n\n\n<p class=\"wp-block-paragraph\">\u201cNesta etapa final eram 101 pilotos inscritos, ent\u00e3o estou muito contente com nosso resultado final no campeonato e \u00e9 mais uma prova do nosso excelente trabalho em 2021\u201d, declarou o vice-campe\u00e3o tamb\u00e9m do WSK Super Masters em 2021.<\/p>\n\n\n\n<p class=\"wp-block-paragraph\">O foco de Ferreira agora est\u00e1 no Mundial de Kart, que tem a previs\u00e3o de ser disputado no primeiro fim de semana de dezembro em Birigui, interior de S\u00e3o Paulo. \u201cO ano tem sido muito gratificante e empolgante, estamos podendo mostrar meu talento e capacidade aqui na Europa. Vamos seguir trabalhando para conquistar t\u00edtulos e vit\u00f3rias, al\u00e9m de buscar tamb\u00e9m o t\u00edtulo mundial no Brasil em 2021\u201d, concluiu.<\/p>\n\n\n\n<figure class=\"wp-block-image size-large\"><img decoding=\"async\" src=\"https:\/\/www.grandepremio.com\/br\/wp-content\/uploads\/2021\/07\/Matheus-Ferreira-2.jpeg\" alt=\"MATHEUS FERREIRA; EUROPEU DE KART;\" class=\"wp-image-494376\"\/><figcaption>Matheus Ferreira (#225) foi vice-campe\u00e3o do Europeu de Kart (Foto: Divulga\u00e7\u00e3o\/RF1)<\/figcaption><\/figure>\n\n\n\n<p class=\"wp-block-paragraph\">Rafael C\u00e2mara, por sua vez, esteve na campanha pelo t\u00edtulo desde o in\u00edcio, tendo como grande advers\u00e1rio o italiano Andrea Kimi Antonelli, j\u00e1 ligado ao programa de desenvolvimento da Mercedes. Antonelli n\u00e3o completou a etapa da B\u00e9lgica, mas se recuperou com vit\u00f3rias nas tr\u00eas provas seguintes, enquanto C\u00e2mara abandonou a bateria final da etapa da It\u00e1lia.<\/p>\n\n\n\n<p class=\"wp-block-paragraph\">Em Zuera, C\u00e2mara terminou em quarto lugar a bateria final depois de vencer tr\u00eas das quatro eliminat\u00f3rias e se recuperar na final ao avan\u00e7ar de 12\u00ba para P4. Antonelli foi o campe\u00e3o europeu e somou 103 pontos no geral, enquanto Rafa empatou em 80 pontos com Arvid Lindblad, que \u00e9 membro do Red Bull Junior Team. Por ter vencido a etapa da B\u00e9lgica, C\u00e2mara levou a melhor nos crit\u00e9rios de desempate e ficou com o vice-campeonato.<\/p>\n\n\n\n<p class=\"wp-block-paragraph\">\u201cFizemos o m\u00e1ximo aqui para buscar o t\u00edtulo. Classificamos bem, ganhamos as baterias e tivemos uma boa recupera\u00e7\u00e3o na final depois de cair para fora do top-10 no in\u00edcio. O abandono na terceira eliminat\u00f3ria atrapalhou um pouco os planos, mas o que vale foi a performance que tivemos na etapa final desde os treinos. Competi contra mais de 60 advers\u00e1rios de alto n\u00edvel no Europeu e fico satisfeito por colocar as cores da ORT entre os principais concorrentes. Vamos trabalhar mais ainda para fazer um bom Mundial no Brasil\u201d, concluiu.<\/p>\n\n\n\n<figure class=\"wp-block-embed is-type-video is-provider-youtube wp-block-embed-youtube wp-embed-aspect-16-9 wp-has-aspect-ratio\"><div class=\"wp-block-embed__wrapper\">\n<iframe loading=\"lazy\" title=\"F1 VAI \u00c0 HUNGRIA PRONTA PARA NOVO EMBATE HAMILTON x VERSTAPPEN | Paddock GP #249\" width=\"500\" height=\"281\" src=\"https:\/\/www.youtube.com\/embed\/XHIcnmJ9ofI?feature=oembed\" frameborder=\"0\" allow=\"accelerometer; autoplay; clipboard-write; encrypted-media; gyroscope; picture-in-picture; web-share\" referrerpolicy=\"strict-origin-when-cross-origin\" allowfullscreen><\/iframe>\n<\/div><figcaption>F1 VAI \u00c0 HUNGRIA PRONTA PARA NOVO EMBATE HAMILTON x VERSTAPPEN | Paddock GP #249<\/figcaption><\/figure>\n","protected":false},"excerpt":{"rendered":"<p>O fim de semana no esporte a motor colocou em destaque dois jovens pilotos brasileiros. No famoso kart\u00f3dromo de Zuera, na Espanha, Rafa C\u00e2mara sagrou-se vice-campe\u00e3o do Europeu de Kart na classe OK, enquanto Matheus Ferreira ficou com a \u2018prata\u2019 na categoria OK J\u00fanior<\/p>\n","protected":false},"author":0,"featured_media":1000494374,"comment_status":"closed","ping_status":"closed","sticky":false,"template":"","format":"standard","meta":{"42wp_featured_image_caption":"","42wp_featured_image_credits":"","42wp_featured_video":"","42wp_featured_image_hidden":false,"42wp_authors_list":[],"footnotes":""},"categories":[6],"tags":[24836,1461,28058,27860],"42wp_author":[47110],"class_list":["post-119113","post","type-post","status-publish","format-standard","has-post-thumbnail","hentry","category-kart","tag-grande-premio-2","tag-kart","tag-rafa-camara","tag-rafael-camara","42wp_author-fernando-silva"],"_links":{"self":[{"href":"https:\/\/grandepremio.com\/br\/wp-json\/wp\/v2\/posts\/119113","targetHints":{"allow":["GET"]}}],"collection":[{"href":"https:\/\/grandepremio.com\/br\/wp-json\/wp\/v2\/posts"}],"about":[{"href":"https:\/\/grandepremio.com\/br\/wp-json\/wp\/v2\/types\/post"}],"replies":[{"embeddable":true,"href":"https:\/\/grandepremio.com\/br\/wp-json\/wp\/v2\/comments?post=119113"}],"version-history":[{"count":0,"href":"https:\/\/grandepremio.com\/br\/wp-json\/wp\/v2\/posts\/119113\/revisions"}],"wp:featuredmedia":[{"embeddable":true,"href":"https:\/\/grandepremio.com\/br\/wp-json\/wp\/v2\/media\/1000494374"}],"wp:attachment":[{"href":"https:\/\/grandepremio.com\/br\/wp-json\/wp\/v2\/media?parent=119113"}],"wp:term":[{"taxonomy":"category","embeddable":true,"href":"https:\/\/grandepremio.com\/br\/wp-json\/wp\/v2\/categories?post=119113"},{"taxonomy":"post_tag","embeddable":true,"href":"https:\/\/grandepremio.com\/br\/wp-json\/wp\/v2\/tags?post=119113"},{"taxonomy":"42wp_author","embeddable":true,"href":"https:\/\/grandepremio.com\/br\/wp-json\/wp\/v2\/42wp_author?post=119113"}],"curies":[{"name":"wp","href":"https:\/\/api.w.org\/{rel}","templated":true}]}}