{"id":119130,"date":"2021-07-26T09:03:50","date_gmt":"2021-07-26T12:03:50","guid":{"rendered":"https:\/\/grandepremio.com\/br\/noticias\/como-volkswagen-gratidao-podem-levar-f1-no-catar-ainda-em-2021\/"},"modified":"2021-07-26T09:33:06","modified_gmt":"2021-07-26T12:33:06","slug":"como-volkswagen-gratidao-podem-levar-f1-no-catar-ainda-em-2021","status":"publish","type":"post","link":"https:\/\/grandepremio.com\/br\/f1\/como-volkswagen-gratidao-podem-levar-f1-no-catar-ainda-em-2021\/","title":{"rendered":"Como Volkswagen e at\u00e9 gratid\u00e3o podem levar F\u00f3rmula 1 a GP no Catar ainda em 2021"},"content":{"rendered":"\n<figure class=\"wp-block-video\"><video class=\"video-js vjs-big-play-centered\" data-gp-vjs=\"1\" controls src=\"https:\/\/www.grandepremio.com\/br\/wp-content\/uploads\/2021\/07\/HamiltonVerstappen360.mp4\"><\/video><figcaption>O duelo entre Max Verstappen e Lewis Hamilton no GP da Inglaterra por uma nova perspectiva (V\u00eddeo: F1)<\/figcaption><\/figure>\n\n\n\n<p class=\"wp-block-paragraph\"><a href=\"https:\/\/www.grandepremio.com\/br\/f1\/noticias\/por-pandemia-gp-da-australia-cancelado-pelo-segundo-ano-consecutivo\/\">Ap\u00f3s o cancelamento do GP da Austr\u00e1lia<\/a>, inicialmente marcado para o fim de novembro, a F\u00f3rmula 1 trabalha com possibilidades para substituir a etapa de Melbourne e completar o ambicioso plano de contar com 23 corridas no calend\u00e1rio, que seria o maior da hist\u00f3ria da categoria. Em meio a tantas possibilidades, o circuito de Losail, no Catar, palco tradicional da MotoGP, surge como uma das alternativas para receber a F1. <\/p>\n\n\n\n<p class=\"wp-block-paragraph\">Apesar de uma nova etapa no Bahrein, no anel externo de Sakhir, soar como mais plaus\u00edvel, h\u00e1 alguns fatores peculiares que aproximam a F\u00f3rmula 1 do Catar, palco da Copa do Mundo da Fifa no fim de 2022.<\/p>\n\n\n\n<p class=\"wp-block-paragraph\">O primeiro dentre tais fatores \u00e9 o envolvimento de Stephen Ross, promotor do novo GP de Miami, que vai entrar no calend\u00e1rio da F\u00f3rmula 1 a partir de 2022 com um contrato de dez anos de dura\u00e7\u00e3o. Em 2015, Ross uniu for\u00e7as a empres\u00e1rios do Catar com a empresa de marketing esportivo RSE Ventures para fazer uma oferta de compra de 35,5% das a\u00e7\u00f5es da F1, que \u00e0 \u00e9poca era controlada pela CVC Capital Partners. S\u00f3 que o Liberty Media venceu a concorr\u00eancia e adquiriu os direitos comerciais da principal categoria do esporte a motor.<\/p>\n\n\n\n<p class=\"wp-block-paragraph\">A mesma RSE Ventures \u00e9 a respons\u00e1vel por promover e organizar o novo GP de Miami. O esfor\u00e7o de Stephen Ross, dono tamb\u00e9m do Hard Rock Stadium e do Miami Dolphins, em lutar junto \u00e0 comunidade local e pol\u00edtica para assegurar a prova no calend\u00e1rio da F\u00f3rmula 1, \u00e9 visto como algo not\u00e1vel, a ponto de o Liberty Media retribuir o gesto em forma de gratid\u00e3o e abrir as portas da categoria ao Catar.<\/p>\n\n\n\n<p class=\"wp-block-paragraph\"><strong>Conhe\u00e7a o canal do Grande Pr\u00eamio no YouTube! Clique&nbsp;<a target=\"_blank\" href=\"https:\/\/youtube.com\/GrandePremioTV\" rel=\"noreferrer noopener\">aqui<\/a>.<br>Siga o Grande Pr\u00eamio no&nbsp;<a target=\"_blank\" href=\"https:\/\/twitter.com\/grandepremio\" rel=\"noreferrer noopener\">Twitter&nbsp;<\/a>e no&nbsp;<a target=\"_blank\" href=\"https:\/\/instagram.com\/grandepremio\" rel=\"noreferrer noopener\">Instagram<\/a>!<\/strong><\/p>\n\n\n\n<figure class=\"wp-block-image size-large\"><img decoding=\"async\" src=\"https:\/\/www.grandepremio.com\/br\/wp-content\/uploads\/2021\/04\/01_2021_GP01_MG_0269_AMBIENCE-1024x682.jpg\" alt=\"\" class=\"wp-image-460214\"\/><figcaption>O Catar pode sediar uma etapa de F\u00f3rmula 1 ainda em 2021 (Foto: LCR)<\/figcaption><\/figure>\n\n\n\n<p class=\"wp-block-paragraph\">Outro fator que aproxima a F\u00f3rmula 1 de Losail \u00e9 a liga\u00e7\u00e3o do pa\u00eds com o Grupo Volkswagen. O fundo soberano QIA det\u00e9m cerca de 14,6% das a\u00e7\u00f5es do grupo, embora os acionistas do Catar t\u00eam direito a 17% dos votos. <\/p>\n\n\n\n<p class=\"wp-block-paragraph\">Stefano Domenicali, atual CEO e presidente da F\u00f3rmula 1, atuou recentemente como CEO de uma das marcas do Grupo Volkswagen, a Lamborghini, e deixou a companhia depois de quatro anos para trabalhar diretamente no comando da F\u00f3rmula 1 a convite do Liberty Media.<\/p>\n\n\n\n<p class=\"wp-block-paragraph\">Segundo informa o site brit\u00e2nico RaceFans, um dos grandes objetivos de Domenicali \u00e9 atrair para a F\u00f3rmula 1 uma ou mais marcas do Grupo Volkswagen. Audi e Porsche, por exemplo, cogitam entrar na categoria como fornecedora de motores no meio da d\u00e9cada, em cen\u00e1rio condicionado a mudan\u00e7as no regulamento.<\/p>\n\n\n\n<p class=\"wp-block-paragraph\">E diferentemente de alguns anos, quando Bernie Ecclestone exerceu uma esp\u00e9cie de veto silencioso ao Catar, n\u00e3o h\u00e1 nada que impe\u00e7a uma ida da F\u00f3rmula 1 nesta &#8216;era Liberty Media&#8217;. Tal veto foi visto como uma cortesia ao Bahrein na \u00e9poca em que Bernie assegurou o primeiro contrato da F\u00f3rmula 1 com o Bahrein, a partir de 2004. Mas uma vez que Ecclestone n\u00e3o responde mais pelos direitos comerciais, n\u00e3o h\u00e1 impedimentos a um eventual GP do Catar de F1.<\/p>\n\n\n\n<p class=\"wp-block-paragraph\">A F\u00f3rmula 1 acelera neste fim de semana com a disputa do GP da Hungria. O&nbsp;<strong>GRANDE PR\u00caMIO<\/strong>&nbsp;acompanha tudo&nbsp;<strong><a href=\"https:\/\/www.grandepremio.com\/br\/ao-vivo\/f1\/\">AO VIVO e em TEMPO REAL<\/a><\/strong>.<\/p>\n\n\n\n<figure class=\"wp-block-embed is-type-video is-provider-youtube wp-block-embed-youtube wp-embed-aspect-16-9 wp-has-aspect-ratio\"><div class=\"wp-block-embed__wrapper\">\n<iframe loading=\"lazy\" title=\"HAMILTON x VERSTAPPEN: TODAS AS RESPOSTAS DO ACIDENTE DO GP DA INGLATERRA DE F1 | GP \u00c0S 10 + WGP\" width=\"500\" height=\"281\" src=\"https:\/\/www.youtube.com\/embed\/yH__AP6NhTs?feature=oembed\" frameborder=\"0\" allow=\"accelerometer; autoplay; clipboard-write; encrypted-media; gyroscope; picture-in-picture; web-share\" referrerpolicy=\"strict-origin-when-cross-origin\" allowfullscreen><\/iframe>\n<\/div><\/figure>\n","protected":false},"excerpt":{"rendered":"<p>Stefano Domenicali, Stephen Ross e Grupo Volkswagen: muitos fatores podem levar a F1 a realizar um outrora improv\u00e1vel GP do Catar<\/p>\n","protected":false},"author":0,"featured_media":1000458224,"comment_status":"closed","ping_status":"closed","sticky":false,"template":"","format":"standard","meta":{"42wp_featured_image_caption":"","42wp_featured_image_credits":"","42wp_featured_video":"","42wp_featured_image_hidden":false,"42wp_authors_list":[],"footnotes":""},"categories":[2],"tags":[1667,1113,24837,25536,25260,907],"42wp_author":[47138],"class_list":["post-119130","post","type-post","status-publish","format-standard","has-post-thumbnail","hentry","category-f1","tag-bahrein","tag-catar","tag-formula-1-2","tag-formula-1-2021-2","tag-gp-da-australia-2","tag-stefano-domenicali","42wp_author-lucascouto"],"_links":{"self":[{"href":"https:\/\/grandepremio.com\/br\/wp-json\/wp\/v2\/posts\/119130","targetHints":{"allow":["GET"]}}],"collection":[{"href":"https:\/\/grandepremio.com\/br\/wp-json\/wp\/v2\/posts"}],"about":[{"href":"https:\/\/grandepremio.com\/br\/wp-json\/wp\/v2\/types\/post"}],"replies":[{"embeddable":true,"href":"https:\/\/grandepremio.com\/br\/wp-json\/wp\/v2\/comments?post=119130"}],"version-history":[{"count":0,"href":"https:\/\/grandepremio.com\/br\/wp-json\/wp\/v2\/posts\/119130\/revisions"}],"wp:featuredmedia":[{"embeddable":true,"href":"https:\/\/grandepremio.com\/br\/wp-json\/wp\/v2\/media\/1000458224"}],"wp:attachment":[{"href":"https:\/\/grandepremio.com\/br\/wp-json\/wp\/v2\/media?parent=119130"}],"wp:term":[{"taxonomy":"category","embeddable":true,"href":"https:\/\/grandepremio.com\/br\/wp-json\/wp\/v2\/categories?post=119130"},{"taxonomy":"post_tag","embeddable":true,"href":"https:\/\/grandepremio.com\/br\/wp-json\/wp\/v2\/tags?post=119130"},{"taxonomy":"42wp_author","embeddable":true,"href":"https:\/\/grandepremio.com\/br\/wp-json\/wp\/v2\/42wp_author?post=119130"}],"curies":[{"name":"wp","href":"https:\/\/api.w.org\/{rel}","templated":true}]}}