{"id":119140,"date":"2021-07-25T17:08:57","date_gmt":"2021-07-25T20:08:57","guid":{"rendered":"https:\/\/grandepremio.com\/br\/noticias\/copa-brasil-kart-define-primeiros-sete-campeoes-2021-londrina\/"},"modified":"2021-07-25T17:09:02","modified_gmt":"2021-07-25T20:09:02","slug":"copa-brasil-kart-define-primeiros-sete-campeoes-2021-londrina","status":"publish","type":"post","link":"https:\/\/grandepremio.com\/br\/kart\/copa-brasil-kart-define-primeiros-sete-campeoes-2021-londrina\/","title":{"rendered":"Copa Brasil de Kart define primeiros sete campe\u00f5es de 2021 em Londrina"},"content":{"rendered":"\n<figure class=\"wp-block-video\"><video class=\"video-js vjs-big-play-centered\" data-gp-vjs=\"1\" controls src=\"https:\/\/www.grandepremio.com\/br\/wp-content\/uploads\/2021\/07\/UNSEEN-FOOTAGE-@Lucasdigrassi-almost-pulled-off-an-audacious-move-after-nipping-through-the-pitlane-to-grab-the-lead-during-a-safety-car-period..mp4\"><\/video><figcaption>Lucas Di Grassi passou pelos boxes durante o safety-car para ganhar posi\u00e7\u00f5es (V\u00eddeo: F\u00f3rmula E)<\/figcaption><\/figure>\n\n\n\n<p class=\"wp-block-paragraph\">A 22\u00aa edi\u00e7\u00e3o da Copa Brasil de Kart, segundo maior evento do kartismo brasileiro, teve os primeiros campe\u00f5es definidos no \u00faltimo s\u00e1bado (24), no kart\u00f3dromo Luigi Borghesi, em Londrina, No Paran\u00e1.<\/p>\n\n\n\n<p class=\"wp-block-paragraph\">Os campe\u00f5es do s\u00e1bado foram definidos nas classes mirim, cadete, F4 junior, F4 graduados, F4 SS\/SSM, OK FIA e OK J\u00fanior.<\/p>\n\n\n\n<p class=\"wp-block-paragraph\">Na OK FIA, o t\u00edtulo ficou com Enzo Prando, enquanto na OK J\u00fanior, o t\u00edtulo ficou nas m\u00e3os de Enzo Bedani. Os pilotos de classificaram para representar o Brasil no FIA Motorsport Games, em outubro, na Fran\u00e7a, em Paul Ricard.<\/p>\n\n\n\n<p class=\"wp-block-paragraph\"><strong>Conhe\u00e7a o canal do Grande Pr\u00eamio no YouTube! Clique\u00a0<a target=\"_blank\" href=\"https:\/\/youtube.com\/GrandePremioTV\" rel=\"noreferrer noopener\">aqui<\/a>.<br>Siga o Grande Pr\u00eamio no\u00a0<a target=\"_blank\" href=\"https:\/\/twitter.com\/grandepremio\" rel=\"noreferrer noopener\">Twitter\u00a0<\/a>e no\u00a0<a target=\"_blank\" href=\"https:\/\/instagram.com\/grandepremio\" rel=\"noreferrer noopener\">Instagram<\/a>!<\/strong><\/p>\n\n\n\n<figure class=\"wp-block-image size-large\"><img decoding=\"async\" src=\"https:\/\/www.grandepremio.com\/br\/wp-content\/uploads\/2021\/07\/394709_977456_enzo_bedani_vence_na_ok_jr-1024x683.jpg\" alt=\"\" class=\"wp-image-494178\"\/><figcaption>Enzo Bedani \u00e9 o campe\u00e3o na OK Jr (Foto: Jackson de Souza\/FGCom)<\/figcaption><\/figure>\n\n\n\n<p class=\"wp-block-paragraph\">Na F4 Graduados, vit\u00f3ria de Giulliano Forcolin, enquanto na SS\/SSM, o trof\u00e9u ficou com Ernandes Onassi (agora tetracampe\u00e3o). O primeiro lugar na F4 J\u00fanior foi para Victor Tieri, enquanto Theo Salom\u00e3o faturou na Cadete e Bernardo Leal levou a melhor na Mirim.<\/p>\n\n\n\n<p class=\"wp-block-paragraph\">Todos os campe\u00f5es da Copa Brasil ganham isen\u00e7\u00e3o na inscri\u00e7\u00e3o para o Campeonato Brasileiro de Kart, marcado para acontecer em dezembro, no kart\u00f3dromo Beto Carrero, em Penha (SC). Outras nova categorias acontecem na pr\u00f3xima semana.<\/p>\n\n\n\n<figure class=\"wp-block-embed is-type-video is-provider-youtube wp-block-embed-youtube wp-embed-aspect-16-9 wp-has-aspect-ratio\"><div class=\"wp-block-embed__wrapper\">\n<iframe loading=\"lazy\" title=\"HAMILTON x VERSTAPPEN: TODAS AS RESPOSTAS DO ACIDENTE DO GP DA INGLATERRA DE F1 | GP \u00c0S 10 + WGP\" width=\"500\" height=\"281\" src=\"https:\/\/www.youtube.com\/embed\/yH__AP6NhTs?start=1&amp;feature=oembed\" frameborder=\"0\" allow=\"accelerometer; autoplay; clipboard-write; encrypted-media; gyroscope; picture-in-picture; web-share\" referrerpolicy=\"strict-origin-when-cross-origin\" allowfullscreen><\/iframe>\n<\/div><\/figure>\n","protected":false},"excerpt":{"rendered":"<p>Copa Brasil de Kart definiu primeiros campe\u00f5es. Enzo Bedani e Enzo Prando se classificaram para representar Brasil no FIA Motorsports Games, em outubro<\/p>\n","protected":false},"author":0,"featured_media":1000494179,"comment_status":"closed","ping_status":"closed","sticky":false,"template":"","format":"standard","meta":{"42wp_featured_image_caption":"","42wp_featured_image_credits":"","42wp_featured_video":"","42wp_featured_image_hidden":false,"42wp_authors_list":[],"footnotes":""},"categories":[6],"tags":[28659,1461],"42wp_author":[47119],"class_list":["post-119140","post","type-post","status-publish","format-standard","has-post-thumbnail","hentry","category-kart","tag-enzo-bedani","tag-kart","42wp_author-gabriel-carvalho"],"_links":{"self":[{"href":"https:\/\/grandepremio.com\/br\/wp-json\/wp\/v2\/posts\/119140","targetHints":{"allow":["GET"]}}],"collection":[{"href":"https:\/\/grandepremio.com\/br\/wp-json\/wp\/v2\/posts"}],"about":[{"href":"https:\/\/grandepremio.com\/br\/wp-json\/wp\/v2\/types\/post"}],"replies":[{"embeddable":true,"href":"https:\/\/grandepremio.com\/br\/wp-json\/wp\/v2\/comments?post=119140"}],"version-history":[{"count":0,"href":"https:\/\/grandepremio.com\/br\/wp-json\/wp\/v2\/posts\/119140\/revisions"}],"wp:featuredmedia":[{"embeddable":true,"href":"https:\/\/grandepremio.com\/br\/wp-json\/wp\/v2\/media\/1000494179"}],"wp:attachment":[{"href":"https:\/\/grandepremio.com\/br\/wp-json\/wp\/v2\/media?parent=119140"}],"wp:term":[{"taxonomy":"category","embeddable":true,"href":"https:\/\/grandepremio.com\/br\/wp-json\/wp\/v2\/categories?post=119140"},{"taxonomy":"post_tag","embeddable":true,"href":"https:\/\/grandepremio.com\/br\/wp-json\/wp\/v2\/tags?post=119140"},{"taxonomy":"42wp_author","embeddable":true,"href":"https:\/\/grandepremio.com\/br\/wp-json\/wp\/v2\/42wp_author?post=119140"}],"curies":[{"name":"wp","href":"https:\/\/api.w.org\/{rel}","templated":true}]}}