{"id":119149,"date":"2021-07-25T12:28:48","date_gmt":"2021-07-25T15:28:48","guid":{"rendered":"https:\/\/grandepremio.com\/br\/noticias\/maximilian-gotz-leva-corrida-2-em-lausitzring-e-garante-segunda-vitoria-da-mercedes-no-dtm-2021\/"},"modified":"2021-07-25T12:28:54","modified_gmt":"2021-07-25T15:28:54","slug":"maximilian-gotz-leva-corrida-2-em-lausitzring-e-garante-segunda-vitoria-da-mercedes-no-dtm-2021","status":"publish","type":"post","link":"https:\/\/grandepremio.com\/br\/dtm\/maximilian-gotz-leva-corrida-2-em-lausitzring-e-garante-segunda-vitoria-da-mercedes-no-dtm-2021\/","title":{"rendered":"G\u00f6tz leva corrida 2 em Lausitzring e garante segunda vit\u00f3ria da Mercedes no DTM"},"content":{"rendered":"\n<figure class=\"wp-block-video\"><video class=\"video-js vjs-big-play-centered\" data-gp-vjs=\"1\" controls src=\"https:\/\/www.grandepremio.com\/br\/wp-content\/uploads\/2021\/07\/HamiltonVerstappen360.mp4\"><\/video><figcaption>O duelo entre Max Verstappen e Lewis Hamilton no GP da Inglaterra por uma nova perspectiva (V\u00eddeo: F1)<\/figcaption><\/figure>\n\n\n\n<p class=\"wp-block-paragraph\">Depois do su\u00ed\u00e7o Philip Ellis encerrar o jejum de vit\u00f3rias da Mercedes ao garantir o topo do p\u00f3dio no \u00faltimo s\u00e1bado (24) na corrida 1 do DTM em Lausitzring, na Alemanha, foi a vez de Maximilian G\u00f6tz\u00a0garantir seu primeiro triunfo no circuito alem\u00e3o e marcar a segunda vit\u00f3ria da montadora neste fim de semana.  <\/p>\n\n\n\n<p class=\"wp-block-paragraph\">Nesta segunda etapa do DTM em 2021, Kelvin van der Linde esteve pr\u00f3ximo de anotar sua segunda vit\u00f3ria na temporada ap\u00f3s os pit-stops, quando tomou a lideran\u00e7a de Liam Lawson. Al\u00e9m dele, G\u00f6tz tamb\u00e9m aproveitou os pneus ainda frios do piloto da Red Bull para subir para a segunda posi\u00e7\u00e3o. <\/p>\n\n\n\n<p class=\"wp-block-paragraph\"><strong>Conhe\u00e7a o canal do Grande Pr\u00eamio no YouTube! Clique&nbsp;<a target=\"_blank\" href=\"https:\/\/youtube.com\/GrandePremioTV\" rel=\"noreferrer noopener\">aqui<\/a>.<br>Siga o Grande Pr\u00eamio no&nbsp;<a target=\"_blank\" href=\"https:\/\/twitter.com\/grandepremio\" rel=\"noreferrer noopener\">Twitter&nbsp;<\/a>e no&nbsp;<a target=\"_blank\" href=\"https:\/\/instagram.com\/grandepremio\" rel=\"noreferrer noopener\">Instagram<\/a>!<\/strong><\/p>\n\n\n\n<figure class=\"wp-block-image size-large\"><img decoding=\"async\" src=\"https:\/\/www.grandepremio.com\/br\/wp-content\/uploads\/2021\/07\/E7JPV5fVoAwEZkZ-1024x683.jpg\" alt=\"\" class=\"wp-image-494097\"\/><figcaption>Maximilian G\u00f6tz garantiu sua primeira vit\u00f3ria em 2021 (Foto: Mercedes)<\/figcaption><\/figure>\n\n\n\n<p class=\"wp-block-paragraph\">Faltando 12 minutos do final, o carro do sul-africano, at\u00e9 ent\u00e3o l\u00edder, sofreu com problemas t\u00e9cnicos, quando seu Audi desligou. Embora o piloto tenha conseguido relig\u00e1-lo, Lawson e G\u00f6tz j\u00e1 passaram a sua frente. Van der Linde tentou arduamente recuperar o tempo perdido, travando uma batalha acirrada com Lawson, mas no final teve que se contentar com a terceira posi\u00e7\u00e3o e fechou o top-3.<\/p>\n\n\n\n<p class=\"wp-block-paragraph\">Ellis, prejudicado por carregar 25kg do lastro do sucesso, foi capaz de se defender da BMW de Sheldon van der Linde para terminar em quarto, com sul-africano em quinto e Marco Wittmann em sexto. Fecharam o top-10: Daniel Juncadella, Mike Rockenfeller, Lucas Auer e Nico M\u00fcller. <\/p>\n\n\n\n<p class=\"wp-block-paragraph\">Com as duas primeiras rodadas conclu\u00eddas, Kelvin van der Linde lidera o campeonato com quatro pontos de vantagem para Lawson, com Ellis a sete pontos atr\u00e1s, em terceiro. A pr\u00f3xima etapa do DTM acontece do dia 6 a 8 de agosto, no circuito de Zolder. <\/p>\n\n\n\n<figure class=\"wp-block-embed is-type-video is-provider-youtube wp-block-embed-youtube wp-embed-aspect-16-9 wp-has-aspect-ratio\"><div class=\"wp-block-embed__wrapper\">\n<iframe loading=\"lazy\" title=\"RACISMO COM HAMILTON \u00c9 INDESCULP\u00c1VEL. E SIL\u00caNCIO DE VERSTAPPEN INCOMODA | GP \u00e0s 10\" width=\"500\" height=\"281\" src=\"https:\/\/www.youtube.com\/embed\/ZdwmSNHkh7g?feature=oembed\" frameborder=\"0\" allow=\"accelerometer; autoplay; clipboard-write; encrypted-media; gyroscope; picture-in-picture; web-share\" referrerpolicy=\"strict-origin-when-cross-origin\" allowfullscreen><\/iframe>\n<\/div><\/figure>\n\n\n\n<p class=\"wp-block-paragraph\"><\/p>\n","protected":false},"excerpt":{"rendered":"<p>Depois de Philip Ellis encerrar o jejum de vit\u00f3rias da Mercedes desde 2018, Maximilian G\u00f6tz garantiu seu primeiro triunfo no circuito alem\u00e3o e marcou a segunda vit\u00f3ria da equipe alem\u00e3 neste fim de semana <\/p>\n","protected":false},"author":0,"featured_media":1000494099,"comment_status":"closed","ping_status":"closed","sticky":false,"template":"","format":"standard","meta":{"42wp_featured_image_caption":"","42wp_featured_image_credits":"","42wp_featured_video":"","42wp_featured_image_hidden":false,"42wp_authors_list":[],"footnotes":""},"categories":[13],"tags":[412,24836,3934,82,24833],"42wp_author":[47139],"class_list":["post-119149","post","type-post","status-publish","format-standard","has-post-thumbnail","hentry","category-dtm","tag-dtm","tag-grande-premio-2","tag-lausitzring","tag-mercedes","tag-vitoria-2","42wp_author-ana-cerveira"],"_links":{"self":[{"href":"https:\/\/grandepremio.com\/br\/wp-json\/wp\/v2\/posts\/119149","targetHints":{"allow":["GET"]}}],"collection":[{"href":"https:\/\/grandepremio.com\/br\/wp-json\/wp\/v2\/posts"}],"about":[{"href":"https:\/\/grandepremio.com\/br\/wp-json\/wp\/v2\/types\/post"}],"replies":[{"embeddable":true,"href":"https:\/\/grandepremio.com\/br\/wp-json\/wp\/v2\/comments?post=119149"}],"version-history":[{"count":0,"href":"https:\/\/grandepremio.com\/br\/wp-json\/wp\/v2\/posts\/119149\/revisions"}],"wp:featuredmedia":[{"embeddable":true,"href":"https:\/\/grandepremio.com\/br\/wp-json\/wp\/v2\/media\/1000494099"}],"wp:attachment":[{"href":"https:\/\/grandepremio.com\/br\/wp-json\/wp\/v2\/media?parent=119149"}],"wp:term":[{"taxonomy":"category","embeddable":true,"href":"https:\/\/grandepremio.com\/br\/wp-json\/wp\/v2\/categories?post=119149"},{"taxonomy":"post_tag","embeddable":true,"href":"https:\/\/grandepremio.com\/br\/wp-json\/wp\/v2\/tags?post=119149"},{"taxonomy":"42wp_author","embeddable":true,"href":"https:\/\/grandepremio.com\/br\/wp-json\/wp\/v2\/42wp_author?post=119149"}],"curies":[{"name":"wp","href":"https:\/\/api.w.org\/{rel}","templated":true}]}}