{"id":119156,"date":"2021-07-25T09:40:29","date_gmt":"2021-07-25T12:40:29","guid":{"rendered":"https:\/\/grandepremio.com\/br\/noticias\/chefe-mercedes-elogia-stoffel-vandoorne-nyck-de-vries-garante-merecem-estar-formula-1\/"},"modified":"2021-07-25T09:50:26","modified_gmt":"2021-07-25T12:50:26","slug":"chefe-mercedes-elogia-stoffel-vandoorne-nyck-de-vries-garante-merecem-estar-formula-1","status":"publish","type":"post","link":"https:\/\/grandepremio.com\/br\/formula-e\/chefe-mercedes-elogia-stoffel-vandoorne-nyck-de-vries-garante-merecem-estar-formula-1\/","title":{"rendered":"Chefe da Mercedes elogia Vandoorne e De Vries e garante: \u201cMerecem estar na F\u00f3rmula 1\u201d"},"content":{"rendered":"\n<figure class=\"wp-block-embed is-type-video is-provider-dailymotion wp-block-embed-dailymotion wp-embed-aspect-16-9 wp-has-aspect-ratio\"><div class=\"wp-block-embed__wrapper\">\n<iframe loading=\"lazy\" title=\"NOVO FORMATO DE CLASSIFICA\u00c7\u00c3O NA F\u00d3RMULA E? J\u00c1 PASSOU DA HORA | GP \u00e0s 10\" frameborder=\"0\" width=\"500\" height=\"281\" src=\"https:\/\/geo.dailymotion.com\/player.html?video=x82ukn2&#038;\" allowfullscreen allow=\"autoplay; fullscreen; picture-in-picture; web-share\"><\/iframe>\n<\/div><figcaption>NOVO FORMATO DE CLASSIFICA\u00c7\u00c3O NA F\u00d3RMULA E? J\u00c1 PASSOU DA HORA | GP \u00c0S 10<\/figcaption><\/figure>\n\n\n\n<p class=\"wp-block-paragraph\">O chefe da Mercedes acredita que existe lugar para Stoffel Vandoorne e Nyck de Vries na F\u00f3rmula 1. Toto Wolff considerou que os dois titulares da F\u00f3rmula E t\u00eam talento, \u00e9tica de trabalho e intelig\u00eancia para alcan\u00e7ar a categoria m\u00e1xima do automobilismo mundial.<\/p>\n\n\n\n<p class=\"wp-block-paragraph\">Em um momento de muitos rumores em rela\u00e7\u00e3o a eventual transfer\u00eancia de George Russell para a Mercedes para assumir o lugar que hoje \u00e9 de Valtteri Bottas, De Vries tem sido cotado para assumir o lugar do brit\u00e2nico na Williams.<\/p>\n\n\n\n<p class=\"wp-block-paragraph\"><strong>LEIA TAMB\u00c9M<\/strong><br><strong><a href=\"https:\/\/www.grandepremio.com\/br\/f1\/noticias\/de-vries-empolga-na-fe-mas-ja-perdeu-chance-de-correr-na-f1\/\" target=\"_blank\" rel=\"noreferrer noopener\">+De Vries empolga na FE, mas j\u00e1 perdeu chance de correr na F1<\/a><\/strong><\/p>\n\n\n\n<figure class=\"wp-block-image size-large\"><img decoding=\"async\" src=\"https:\/\/www.grandepremio.com\/br\/wp-content\/uploads\/2021\/06\/M269288-e1623336368917-1024x739.jpg\" alt=\"TOTO WOLFF; GP DO AZERBAIJ\u00c3O; F1; BAKU;\" class=\"wp-image-481381\"\/><figcaption>Toto Wolff garantiu que n\u00e3o atrapalharia nenhum piloto com chance de F\u00f3rmula 1 (Foto: Steve Etherington\/Mercedes)<\/figcaption><\/figure>\n\n\n\n<p class=\"wp-block-paragraph\"><strong><strong>Conhe\u00e7a o canal do Grande Pr\u00eamio no\u00a0<a href=\"https:\/\/www.youtube.com\/GrandePremioTV\">YouTube<\/a>.<br>Siga o Grande Pr\u00eamio no\u00a0<a rel=\"noreferrer noopener\" href=\"https:\/\/twitter.com\/grandepremio\" target=\"_blank\">Twitter\u00a0<\/a>e no\u00a0<a rel=\"noreferrer noopener\" href=\"https:\/\/instagram.com\/grandepremio\" target=\"_blank\">Instagram<\/a>.<\/strong><\/strong><\/p>\n\n\n\n<p class=\"wp-block-paragraph\">Vandoorne, por outro lado, j\u00e1 esteve na F1 por duas temporadas, defendendo a McLaren em 2017 e 2018. O belga de 29 anos \u00e9 reserva da Mercedes no Mundial e tamb\u00e9m \u00e9 especulado na Williams.<\/p>\n\n\n\n<p class=\"wp-block-paragraph\">Falando \u00e0 publica\u00e7\u00e3o inglesa Autosport, Wolff elogiou os dois pilotos e frisou que os dois s\u00e3o capacitados para estar na F\u00f3rmula 1.<\/p>\n\n\n\n<p class=\"wp-block-paragraph\">\u201cOs dois pilotos t\u00eam talento, \u00e9tica de trabalho e intelig\u00eancia para estar na F\u00f3rmula 1\u201d, opinou Wolff. \u201cOs dois venceram a categoria mais importante\u201d, lembrou, se referindo \u00e0 F\u00f3rmula 2, antiga GP2.<\/p>\n\n\n\n<p class=\"wp-block-paragraph\">\u201cStoffel foi jogado em uma situa\u00e7\u00e3o com a McLaren que era dif\u00edcil de lidar na \u00e9poca\u201d, comentou. \u201cOs dois merecem estar na F\u00f3rmula 1 e espero muito que possam encontrar o caminho de volta\u201d, torceu.<\/p>\n\n\n\n<p class=\"wp-block-paragraph\">Questionado se estaria disposto a liber\u00e1-los, ainda que isso impacte o trabalho da Mercedes na F\u00f3rmula E, o dirigente respondeu: \u201cEstou realmente feliz por t\u00ea-los como nossos pilotos na F\u00f3rmula E e n\u00e3o poderia desejar por ningu\u00e9m mais\u201d.<\/p>\n\n\n\n<p class=\"wp-block-paragraph\">\u201cMas eu nunca ficaria no caminho de nenhum piloto se existe a possibilidade de guiar na F\u00f3rmula 1\u201d, assegurou.<\/p>\n\n\n\n<figure class=\"wp-block-embed is-type-video is-provider-youtube wp-block-embed-youtube wp-embed-aspect-16-9 wp-has-aspect-ratio\"><div class=\"wp-block-embed__wrapper\">\n<iframe loading=\"lazy\" title=\"RACISMO COM HAMILTON \u00c9 INDESCULP\u00c1VEL. E SIL\u00caNCIO DE VERSTAPPEN INCOMODA | GP \u00e0s 10\" width=\"500\" height=\"281\" src=\"https:\/\/www.youtube.com\/embed\/ZdwmSNHkh7g?feature=oembed\" frameborder=\"0\" allow=\"accelerometer; autoplay; clipboard-write; encrypted-media; gyroscope; picture-in-picture; web-share\" referrerpolicy=\"strict-origin-when-cross-origin\" allowfullscreen><\/iframe>\n<\/div><\/figure>\n","protected":false},"excerpt":{"rendered":"<p>Toto Wolff considerou que os dois titulares da marca na F\u00f3rmula E t\u00eam o talento, a \u00e9tica de trabalho e a intelig\u00eancia para estarem na F1. Dirigente assegurou que n\u00e3o ficaria no caminho de nenhum dos dois caso uma oportunidade aparecesse<\/p>\n","protected":false},"author":0,"featured_media":1000467002,"comment_status":"closed","ping_status":"closed","sticky":false,"template":"","format":"standard","meta":{"42wp_featured_image_caption":"","42wp_featured_image_credits":"","42wp_featured_video":"","42wp_featured_image_hidden":false,"42wp_authors_list":[],"footnotes":""},"categories":[19],"tags":[147,156,379,24837,25536,26868,25000,897,82,1556,3632,967,150],"42wp_author":[47113],"class_list":["post-119156","post","type-post","status-publish","format-standard","has-post-thumbnail","hentry","category-formula-e","tag-f1","tag-f1-2021","tag-fe","tag-formula-1-2","tag-formula-1-2021-2","tag-formula-1-classificacao-2020","tag-formula-e-2","tag-inglaterra","tag-mercedes","tag-nyck-de-vries","tag-silverstone","tag-stoffel-vandoorne","tag-toto-wolff","42wp_author-juliana-tesser"],"_links":{"self":[{"href":"https:\/\/grandepremio.com\/br\/wp-json\/wp\/v2\/posts\/119156","targetHints":{"allow":["GET"]}}],"collection":[{"href":"https:\/\/grandepremio.com\/br\/wp-json\/wp\/v2\/posts"}],"about":[{"href":"https:\/\/grandepremio.com\/br\/wp-json\/wp\/v2\/types\/post"}],"replies":[{"embeddable":true,"href":"https:\/\/grandepremio.com\/br\/wp-json\/wp\/v2\/comments?post=119156"}],"version-history":[{"count":0,"href":"https:\/\/grandepremio.com\/br\/wp-json\/wp\/v2\/posts\/119156\/revisions"}],"wp:featuredmedia":[{"embeddable":true,"href":"https:\/\/grandepremio.com\/br\/wp-json\/wp\/v2\/media\/1000467002"}],"wp:attachment":[{"href":"https:\/\/grandepremio.com\/br\/wp-json\/wp\/v2\/media?parent=119156"}],"wp:term":[{"taxonomy":"category","embeddable":true,"href":"https:\/\/grandepremio.com\/br\/wp-json\/wp\/v2\/categories?post=119156"},{"taxonomy":"post_tag","embeddable":true,"href":"https:\/\/grandepremio.com\/br\/wp-json\/wp\/v2\/tags?post=119156"},{"taxonomy":"42wp_author","embeddable":true,"href":"https:\/\/grandepremio.com\/br\/wp-json\/wp\/v2\/42wp_author?post=119156"}],"curies":[{"name":"wp","href":"https:\/\/api.w.org\/{rel}","templated":true}]}}