{"id":119326,"date":"2021-07-17T17:51:22","date_gmt":"2021-07-17T20:51:22","guid":{"rendered":"https:\/\/grandepremio.com\/br\/noticias\/pechito-lopez-supera-brendon-hartley-coloca-toyota-7-pole-6-horas-monza-wec\/"},"modified":"2021-07-17T17:51:28","modified_gmt":"2021-07-17T20:51:28","slug":"pechito-lopez-supera-brendon-hartley-coloca-toyota-7-pole-6-horas-monza-wec","status":"publish","type":"post","link":"https:\/\/grandepremio.com\/br\/endurance\/pechito-lopez-supera-brendon-hartley-coloca-toyota-7-pole-6-horas-monza-wec\/","title":{"rendered":"L\u00f3pez supera Hartley e coloca Toyota #7 na pole das 6 Horas de Monza do WEC"},"content":{"rendered":"\n<figure class=\"wp-block-embed is-type-video is-provider-youtube wp-block-embed-youtube wp-embed-aspect-16-9 wp-has-aspect-ratio\"><div class=\"wp-block-embed__wrapper\">\n<iframe loading=\"lazy\" title=\"VERSTAPPEN PASSA HAMILTON, VENCE CORRIDA DE CLASSIFICA\u00c7\u00c3O E \u00c9 POLE DO GP INGLATERRA DE F1 | Briefing\" width=\"500\" height=\"281\" src=\"https:\/\/www.youtube.com\/embed\/AvK14r-peAQ?feature=oembed\" frameborder=\"0\" allow=\"accelerometer; autoplay; clipboard-write; encrypted-media; gyroscope; picture-in-picture; web-share\" referrerpolicy=\"strict-origin-when-cross-origin\" allowfullscreen><\/iframe>\n<\/div><figcaption>TUDO sobre a corrida de classifica\u00e7\u00e3o na Inglaterra | Briefing<\/figcaption><\/figure>\n\n\n\n<p class=\"wp-block-paragraph\">Quase deu errado, porque Jos\u00e9 Mar\u00eda &#8216;Pechito&#8217; L\u00f3pez passou direto na chicane inicial logo na primeira das tentativas, mas foi muito r\u00e1pido na terceira volta e conseguiu anotar a pole das 6 Horas de Monza para o #7 da Toyota. Pechito fez 1min35s899 e terminou somente 0s062 \u00e0 frente de Brendon Hartley no Toyota #8.<\/p>\n\n\n\n<p class=\"wp-block-paragraph\">\u00c9 a segunda pole da temporada para o #7, ao passo que o #8 venceu as duas primeiras etapas. Monza apresenta a chance para o trio de L\u00f3pez, Mike Conway e Kamui Kobayashi mostrar o desafio que acredita ser para Hartley, S\u00e9bastien Buemi e Kazuki Nakajima.<\/p>\n\n\n\n<p class=\"wp-block-paragraph\"><strong>Conhe\u00e7a o canal do Grande Pr\u00eamio no YouTube! Clique\u00a0<a target=\"_blank\" href=\"https:\/\/youtube.com\/GrandePremioTV\" rel=\"noreferrer noopener\">aqui<\/a>.<br>Siga o Grande Pr\u00eamio no\u00a0<a target=\"_blank\" href=\"https:\/\/twitter.com\/grandepremio\" rel=\"noreferrer noopener\">Twitter\u00a0<\/a>e no\u00a0<a target=\"_blank\" href=\"https:\/\/instagram.com\/grandepremio\" rel=\"noreferrer noopener\">Instagram<\/a>!<\/strong><br><strong>Verstappen passa Hamilton, vence corrida sprint e <a href=\"https:\/\/www.grandepremio.com\/br\/f1\/noticias\/max-verstappen-passa-lewis-hamilton-vence-corrida-sprint-formula-1-pole-gp-da-inglaterra\/\">\u00e9 pole na Inglaterra<\/a><\/strong><\/p>\n\n\n\n<figure class=\"wp-block-image size-large\"><img decoding=\"async\" src=\"https:\/\/www.grandepremio.com\/br\/wp-content\/uploads\/2021\/07\/unnamed-1-1024x682.jpg\" alt=\"\" class=\"wp-image-492495\"\/><figcaption>K\u00e9vin Estre fez a terceira pole na GTE Pro (Foto: WEC)<\/figcaption><\/figure>\n\n\n\n<figure class=\"wp-block-embed is-type-rich is-provider-spotify wp-block-embed-spotify wp-embed-aspect-21-9 wp-has-aspect-ratio\"><div class=\"wp-block-embed__wrapper\">\n<iframe title=\"Spotify Embed: Paddockast #112: As principais mudan\u00e7as nos carros de F1 e o que esperar da pr\u00f3xima gera\u00e7\u00e3o?\" style=\"border-radius: 12px\" width=\"100%\" height=\"152\" frameborder=\"0\" allowfullscreen allow=\"autoplay; clipboard-write; encrypted-media; fullscreen; picture-in-picture\" loading=\"lazy\" src=\"https:\/\/open.spotify.com\/embed\/episode\/5Bb6ZFtBiZg3X649m9xl3o?utm_source=oembed\"><\/iframe>\n<\/div><figcaption>Paddockast #112: As principais mudan\u00e7as nos carros de F1 e o que esperar da pr\u00f3xima gera\u00e7\u00e3o?<\/figcaption><\/figure>\n\n\n\n<p class=\"wp-block-paragraph\">Nicolas Lapierre colocou o Alpine #36, que tamb\u00e9m conta com Andr\u00e9 Negr\u00e3o, na terceira coloca\u00e7\u00e3o. Logo atr\u00e1s dele, Pipo Derani e o Glickenhaus #708. Entre os hipercarros, o quinto e \u00faltimo colocado foi Richard Westbrook, no Glickenhaus #709. O sexto lugar geral, melhor dos LMP2, foi um tempo de Charles Milesi, que faz parte do trio com Robin Frijns e Ferdinand Habsburg, no Oreca #31.<\/p>\n\n\n\n<p class=\"wp-block-paragraph\">O brasileiro que faz parte do grid dos LMP2 \u00e9 Felipe Nasr, que ficou com a d\u00e9cima coloca\u00e7\u00e3o ao lado dos companheiros Ryan Cullen e Oliver Jarvis. O ex-F1 e atual candidato a t\u00edtulo da F\u00f3rmula E, Stoffel Vandoorne, bateu e acabou causando a \u00fanica bandeira vermelha da sess\u00e3o.<\/p>\n\n\n\n<figure class=\"wp-block-image size-large\"><img decoding=\"async\" src=\"https:\/\/www.grandepremio.com\/br\/wp-content\/uploads\/2021\/07\/unnamed-2-1024x682.jpg\" alt=\"\" class=\"wp-image-492496\"\/><figcaption>Ben Keating, parceiro de Felipe Fraga, garantiu a pole na GTE Am (Foto: WEC)<\/figcaption><\/figure>\n\n\n\n<p class=\"wp-block-paragraph\">Entre os carros GT, a pole do GTE Pro ficou com K\u00e9vin Estre, que faz dupla com Neel Jani, p\u00f4s o Porsche #92 na dianteira. As duplas Alessandro Pier Guidi\/James Calado e Gianmaria Bruni\/Richard Lietz completam o top-3. Daniel Serra larga em quarto, junto de Miguel Molina.<\/p>\n\n\n\n<p class=\"wp-block-paragraph\">O melhor posicionado no GTE Am foi Ben Keating, o que coloca Felipe Fraga na dianteira da classe &#8211; e quinto no geral entre os carros GT. Na oitava coloca\u00e7\u00e3o entre os GTE Am e 12\u00ba dos GT de maneira geral, ficou o trio que conta com os brasileiros Augusto Farfus e Marcos Gomes, al\u00e9m do canadense Paul Dalla Lana.<\/p>\n\n\n\n<p class=\"wp-block-paragraph\">A largada para as 6 Horas de Monza est\u00e1 marcada para as 7h (de Bras\u00edlia) do domingo.<\/p>\n\n\n\n<figure class=\"wp-block-video\"><video class=\"video-js vjs-big-play-centered\" data-gp-vjs=\"1\" controls src=\"https:\/\/www.grandepremio.com\/br\/wp-content\/uploads\/2021\/07\/F1-2021-Inglaterra-Silverstone-Sprint-Sergio-Perez.mp4\"><\/video><figcaption>Sergio P\u00e9rez rodou na volta 5 da corrida sprint, mas conseguiu evitar a batida (V\u00eddeo: TSN Sports)<\/figcaption><\/figure>\n","protected":false},"excerpt":{"rendered":"<p>Jos\u00e9 Mar\u00eda L\u00f3pez saiu da pista, mas se recuperou rapidamente para colocar o #7 na pole em busca da primeira vit\u00f3ria da temporada 2021 do WEC<\/p>\n","protected":false},"author":0,"featured_media":1000492497,"comment_status":"closed","ping_status":"closed","sticky":false,"template":"","format":"standard","meta":{"42wp_featured_image_caption":"","42wp_featured_image_credits":"","42wp_featured_video":"","42wp_featured_image_hidden":false,"42wp_authors_list":[],"footnotes":""},"categories":[18],"tags":[25129,72,460,73,25070,1034,756,736,178,6915],"42wp_author":[47120],"class_list":["post-119326","post","type-post","status-publish","format-standard","has-post-thumbnail","hentry","category-endurance","tag-andre-negrao","tag-augusto-farfus","tag-felipe-fraga","tag-felipe-nasr","tag-italia-2","tag-marcos-gomes","tag-pipo-derani","tag-porsche","tag-toyota","tag-wec-2021","42wp_author-pedro-henrique-marum"],"_links":{"self":[{"href":"https:\/\/grandepremio.com\/br\/wp-json\/wp\/v2\/posts\/119326","targetHints":{"allow":["GET"]}}],"collection":[{"href":"https:\/\/grandepremio.com\/br\/wp-json\/wp\/v2\/posts"}],"about":[{"href":"https:\/\/grandepremio.com\/br\/wp-json\/wp\/v2\/types\/post"}],"replies":[{"embeddable":true,"href":"https:\/\/grandepremio.com\/br\/wp-json\/wp\/v2\/comments?post=119326"}],"version-history":[{"count":0,"href":"https:\/\/grandepremio.com\/br\/wp-json\/wp\/v2\/posts\/119326\/revisions"}],"wp:featuredmedia":[{"embeddable":true,"href":"https:\/\/grandepremio.com\/br\/wp-json\/wp\/v2\/media\/1000492497"}],"wp:attachment":[{"href":"https:\/\/grandepremio.com\/br\/wp-json\/wp\/v2\/media?parent=119326"}],"wp:term":[{"taxonomy":"category","embeddable":true,"href":"https:\/\/grandepremio.com\/br\/wp-json\/wp\/v2\/categories?post=119326"},{"taxonomy":"post_tag","embeddable":true,"href":"https:\/\/grandepremio.com\/br\/wp-json\/wp\/v2\/tags?post=119326"},{"taxonomy":"42wp_author","embeddable":true,"href":"https:\/\/grandepremio.com\/br\/wp-json\/wp\/v2\/42wp_author?post=119326"}],"curies":[{"name":"wp","href":"https:\/\/api.w.org\/{rel}","templated":true}]}}