{"id":11934,"date":"2026-02-19T07:21:58","date_gmt":"2026-02-19T10:21:58","guid":{"rendered":"https:\/\/grandepremio.com\/br\/noticias\/jack-miller-nega-temor-seguranca-corrida-rua-adelaide-confio-totalmente\/"},"modified":"2026-02-19T07:23:10","modified_gmt":"2026-02-19T10:23:10","slug":"jack-miller-nega-temor-seguranca-corrida-rua-adelaide-confio-totalmente","status":"publish","type":"post","link":"https:\/\/grandepremio.com\/br\/motogp\/jack-miller-nega-temor-seguranca-corrida-rua-adelaide-confio-totalmente\/","title":{"rendered":"Miller nega temor por seguran\u00e7a com corrida de rua em Adelaide: \u201cConfio totalmente\u201d"},"content":{"rendered":"\n<p class=\"wp-block-paragraph\"><strong>Jack Miller<\/strong> afirmou n\u00e3o ter preocupa\u00e7\u00f5es com a seguran\u00e7a com a introdu\u00e7\u00e3o de um circuito de rua no calend\u00e1rio da <strong>MotoGP<\/strong>. O australiano disse ter confian\u00e7a total no trabalho de <strong>Carlos Ezpeleta<\/strong>, diretor-esportivo do grupo <strong>MotoGP Sports Entertainment <\/strong>\u2015 a antiga<strong> Dorna <\/strong>\u2015, e nos c\u00e1lculos feitos para assegurar a seguran\u00e7a no tra\u00e7ado de <strong>Adelaide<\/strong>.<\/p>\n\n\n\n<p class=\"wp-block-paragraph\">Nesta quinta-feira (19), a <a href=\"https:\/\/www.grandepremio.com\/br\/motogp\/noticias\/motogp-abandona-phillip-island-transfere-gp-da-australia-2027\/\">MotoGP anunciou uma pista de rua em Adelaide como substituta de <strong>Phillip Island <\/strong>como sede do GP da <strong>Austr\u00e1lia <\/strong>a partir da temporada <strong>2027<\/strong><\/a>. O layout vai usar trechos do tra\u00e7ado que foi utilizado pela <strong>F\u00f3rmula 1 <\/strong>entre <strong>1985 <\/strong>e <strong>1995<\/strong>.<\/p>\n\n\n\n<p class=\"wp-block-paragraph\">A organiza\u00e7\u00e3o da MotoGP apontou que o desenho do tra\u00e7ado contou com um software desenvolvido na <strong>Universidade de P\u00e1du<\/strong>a, na <strong>It\u00e1lia<\/strong>, para avaliar a seguran\u00e7a do circuito.<\/p>\n\n\n\n<p class=\"wp-block-paragraph\">Presente no lan\u00e7amento, que contou com a participa\u00e7\u00e3o de <strong>Peter Malinauskas<\/strong>, primeiro-ministro da <strong>Austr\u00e1lia do Sul<\/strong>, Miller afirmou que as barreiras n\u00e3o estr\u00e3o pr\u00f3ximas dos pilotos e destacou que a promotora do campeonato est\u00e1 sempre atenta \u00e0s demandas dos pilotos em prol da seguran\u00e7a.<\/p>\n\n\n\n<figure class=\"wp-block-image size-large\"><img decoding=\"async\" src=\"https:\/\/www.grandepremio.com\/br\/wp-content\/uploads\/2026\/02\/MotoGP-2026-Australia-Adelaide-1200x800.jpg\" alt=\"\" class=\"wp-image-1059830\"\/><figcaption class=\"wp-element-caption\">Primeiro-ministro da Austr\u00e1lia do Sul, Peter Malinauskas apresentou layout do circuito de Adelaide (Foto: Divulga\u00e7\u00e3o)<\/figcaption><\/figure>\n\n\n\n<p class=\"wp-block-paragraph\">\u25b6\ufe0f&nbsp;<strong>Inscreva-se nos dois canais do GRANDE PR\u00caMIO no YouTube:&nbsp;<a href=\"https:\/\/www.youtube.com\/channel\/UC9OlHEgxoaY6QY6nWPoiqQg?sub_confirmation=1\" target=\"_blank\" rel=\"noreferrer noopener\">GP<\/a>&nbsp;|&nbsp;<a href=\"https:\/\/www.youtube.com\/channel\/UC9csiS6q_C3C0FYhyr1rnFA?sub_confirmation=1\" target=\"_blank\" rel=\"noreferrer noopener\">GPTV<\/a><\/strong><\/p>\n\n\n\n<p class=\"wp-block-paragraph\">\u201cN\u00e3o haver\u00e1 uma barreira de concreto ou um air-fence ao alcance das m\u00e3os\u201d, disse Miller. \u201cConfio totalmente em Carlos e nos c\u00e1lculos deles. Sabe, n\u00f3s sentamos toda tarde de sexta-feira [durante as etapas] e temos uma reuni\u00e3o com eles, discutimos os pedidos que temos, seja seguran\u00e7a de pista ou \u00e1rea de escape, profundidade da brita, consist\u00eancia da brita, at\u00e9 literalmente o tamanho das pedras. Eles t\u00eam um conhecimento incr\u00edvel no que diz respeito \u00e0s quedas e no tempo que voc\u00ea precisa para parar, e todos os dados dos sensores de for\u00e7a G, com os air-bags dos trajes. Eles conseguem rastrear isso com muita precis\u00e3o, tudo isso \u00e9 armazenado em um banco de dados e eles t\u00eam todos esses dados para olhar e, basicamente, tirarem conclus\u00f5es a partir da\u00ed\u201d, lembrou.<\/p>\n\n\n\n<p class=\"wp-block-paragraph\">\u201cA maioria das novas pistas foram projetadas com isso em mente\u201d, frisou. \u201cA preocupa\u00e7\u00e3o de atingir o muro sempre esteve l\u00e1, se o freio [falhar] ou o que quer que seja. Mas em termos de uma queda normal do dia a dia, n\u00e3o [existe preocupa\u00e7\u00e3o]\u201d, encerrou.<\/p>\n\n\n\n<p class=\"wp-block-paragraph\">A&nbsp;<a href=\"https:\/\/grandepremio.com\/motovelocidade\/\" target=\"_blank\" rel=\"noreferrer noopener\"><\/a><a href=\"https:\/\/grandepremio.com\/motovelocidade\/\" target=\"_blank\" rel=\"noreferrer noopener\">MotoGP<\/a>&nbsp;volta \u00e0 pista entre os dias 21 e 22 de fevereiro para os testes pr\u00e9-temporada em&nbsp;<strong>Buriram<\/strong>, na&nbsp;<strong>Tail\u00e2ndia<\/strong>. O&nbsp;<strong>GRANDE PR\u00caMIO&nbsp;<\/strong>faz a cobertura completa de todas as atividades da classe rainha, assim como das outras categorias do&nbsp;<strong>Mundial de&nbsp;<a href=\"https:\/\/www.grandepremio.com\/motovelocidade\/\">Motovelocidade<\/a><\/strong>.<\/p>\n\n\n\n<h2 class=\"wp-block-heading\" id=\"h-motogp-hoje-saiba-aqui-as-noticias-mais-importantes-da-motogp\"><strong>MotoGP hoje: saiba aqui as not\u00edcias mais importantes da MotoGP<\/strong><\/h2>\n\n\n\n<p class=\"wp-block-paragraph\">A reda\u00e7\u00e3o do&nbsp;<strong>GRANDE PR\u00caMIO<\/strong>&nbsp;selecionou as not\u00edcias mais importantes das \u00faltimas horas para voc\u00ea ficar por dentro de tudo que acontece na MotoGP.<\/p>\n\n\n\n<p class=\"wp-block-paragraph\">\u25b6\ufe0f\u00a0<strong><a href=\"https:\/\/www.grandepremio.com\/br\/motogp\/noticias\/motogp-abandona-phillip-island-transfere-gp-da-australia-2027\/\">MotoGP abandona Phillip Island e transfere GP da Austr\u00e1lia para Adelaide a partir de 2027<\/a><\/strong><br>\u25b6\ufe0f\u00a0<strong><a href=\"https:\/\/www.grandepremio.com\/br\/motogp\/noticias\/organizacao-lamenta-saida-phillip-island-calendario-motogp-decepcionante\/\">Organiza\u00e7\u00e3o lamenta sa\u00edda de Phillip Island do calend\u00e1rio da MotoGP: \u201cDecepcionante\u201d<\/a><\/strong><br>\u25b6\ufe0f\u00a0<strong><a href=\"https:\/\/www.grandepremio.com\/br\/motogp\/noticias\/4-195-metros-18-curvas-adelaide-apresenta-layout-receber-motogp-2027\/\">4.195 metros e 18 curvas: Adelaide apresenta layout para receber MotoGP em 2027<\/a><\/strong><br>\u25b6\ufe0f <strong><a href=\"https:\/\/www.grandepremio.com\/br\/motogp\/noticias\/jack-miller-assume-tristeza-cita-desafio-phillip-island-mais-barato-ir-malasia\/\">Miller assume tristeza, mas cita desafio de Phillip Island: \u201cMais barato ir \u00e0 Mal\u00e1sia\u201d<\/a><\/strong><br><a href=\"https:\/\/www.grandepremio.com\/br\/chefao\/\" target=\"_blank\" rel=\"noreferrer noopener\"><\/a><a href=\"https:\/\/www.grandepremio.com\/br\/chefao\/\" target=\"_blank\" rel=\"noreferrer noopener\"><\/a><a href=\"https:\/\/www.grandepremio.com\/br\/chefao\/\" target=\"_blank\" rel=\"noreferrer noopener\"><\/a><a href=\"https:\/\/www.grandepremio.com\/br\/chefao\/\" target=\"_blank\" rel=\"noreferrer noopener\"><\/a><a href=\"https:\/\/www.grandepremio.com\/br\/chefao\/\" target=\"_blank\" rel=\"noreferrer noopener\"><\/a><\/p>\n","protected":false},"excerpt":{"rendered":"<p>Jack Miller afirmou que confia no trabalho feito pela equipe liderada por Carlos Ezpeleta e lembrou que as pistas mais novas do calend\u00e1rio do Mundial de Motovelocidade levam em conta os dados coletados pelos m\u00faltiplos sensores instalados inclusive nos trajes dos pilotos<\/p>\n","protected":false},"author":0,"featured_media":1001059831,"comment_status":"closed","ping_status":"closed","sticky":false,"template":"","format":"standard","meta":{"42wp_featured_image_caption":"","42wp_featured_image_credits":"","42wp_featured_video":"","42wp_featured_image_hidden":false,"42wp_authors_list":[],"footnotes":""},"categories":[8],"tags":[4658,2090,2335,151,5214,26718,131,6513,110,28833,2327,28285,3504,130,1975,187,144,24704,132,137,1661,1300,2287,79,78,27236,45225,45222,45223,45224,25819,29345,32257,28766,307,45226,25667,27587,26690,136,25818,2984,41398,45227,172],"42wp_author":[47113],"class_list":["post-11934","post","type-post","status-publish","format-standard","has-post-thumbnail","hentry","category-motogp","tag-ai-ogura","tag-alex-marquez","tag-alex-rins","tag-brad-binder","tag-classificacao-motogp","tag-diogo-moreira","tag-ducati","tag-espn","tag-fabio-quartararo","tag-fermin-aldeguer","tag-francesco-bagnaia","tag-grandepremio","tag-gresini","tag-honda","tag-jack-miller","tag-joan-mir","tag-johann-zarco","tag-jorge-martin","tag-ktm","tag-lcr","tag-luca-marini","tag-marc-marquez","tag-marco-bezzecchi","tag-moto-gp","tag-motogp","tag-motogp-2026","tag-motogp-2026-calendario","tag-motogp-26","tag-motogp-calendario-2026","tag-motogp-classificacao-2026","tag-motogp-hoje","tag-motogp-horario","tag-motogp-sprint","tag-motogp-standings","tag-motor","tag-onde-assistir-motogp-2026","tag-pecco-bagnaia","tag-pedro-acosta","tag-pilotos-motogp","tag-pramac","tag-raul-fernandez","tag-sprint","tag-temporada-motogp","tag-toprak-razgatliolgu","tag-yamaha","42wp_author-juliana-tesser"],"_links":{"self":[{"href":"https:\/\/grandepremio.com\/br\/wp-json\/wp\/v2\/posts\/11934","targetHints":{"allow":["GET"]}}],"collection":[{"href":"https:\/\/grandepremio.com\/br\/wp-json\/wp\/v2\/posts"}],"about":[{"href":"https:\/\/grandepremio.com\/br\/wp-json\/wp\/v2\/types\/post"}],"replies":[{"embeddable":true,"href":"https:\/\/grandepremio.com\/br\/wp-json\/wp\/v2\/comments?post=11934"}],"version-history":[{"count":0,"href":"https:\/\/grandepremio.com\/br\/wp-json\/wp\/v2\/posts\/11934\/revisions"}],"wp:featuredmedia":[{"embeddable":true,"href":"https:\/\/grandepremio.com\/br\/wp-json\/wp\/v2\/media\/1001059831"}],"wp:attachment":[{"href":"https:\/\/grandepremio.com\/br\/wp-json\/wp\/v2\/media?parent=11934"}],"wp:term":[{"taxonomy":"category","embeddable":true,"href":"https:\/\/grandepremio.com\/br\/wp-json\/wp\/v2\/categories?post=11934"},{"taxonomy":"post_tag","embeddable":true,"href":"https:\/\/grandepremio.com\/br\/wp-json\/wp\/v2\/tags?post=11934"},{"taxonomy":"42wp_author","embeddable":true,"href":"https:\/\/grandepremio.com\/br\/wp-json\/wp\/v2\/42wp_author?post=11934"}],"curies":[{"name":"wp","href":"https:\/\/api.w.org\/{rel}","templated":true}]}}