{"id":119372,"date":"2021-07-16T11:55:57","date_gmt":"2021-07-16T14:55:57","guid":{"rendered":"https:\/\/grandepremio.com\/br\/noticias\/sebastian-vettel-rejeita-titulo-pole-vencedor-corrida-sprint-pole-volta-mais-rapida\/"},"modified":"2021-07-16T11:56:06","modified_gmt":"2021-07-16T14:56:06","slug":"sebastian-vettel-rejeita-titulo-pole-vencedor-corrida-sprint-pole-volta-mais-rapida","status":"publish","type":"post","link":"https:\/\/grandepremio.com\/br\/f1\/sebastian-vettel-rejeita-titulo-pole-vencedor-corrida-sprint-pole-volta-mais-rapida\/","title":{"rendered":"Vettel rejeita t\u00edtulo de pole ao vencedor da corrida sprint: \u201cPole \u00e9 volta mais r\u00e1pida\u201d"},"content":{"rendered":"\n<figure class=\"wp-block-embed is-type-video is-provider-youtube wp-block-embed-youtube wp-embed-aspect-16-9 wp-has-aspect-ratio\"><div class=\"wp-block-embed__wrapper\">\n<iframe loading=\"lazy\" title=\"O NOVO CARRO DA F1 2022: TUDO QUE VOC\u00ca PRECISA SABER | GP Not\u00edcias\" width=\"500\" height=\"281\" src=\"https:\/\/www.youtube.com\/embed\/gZimcpYkoyQ?feature=oembed\" frameborder=\"0\" allow=\"accelerometer; autoplay; clipboard-write; encrypted-media; gyroscope; picture-in-picture; web-share\" referrerpolicy=\"strict-origin-when-cross-origin\" allowfullscreen><\/iframe>\n<\/div><\/figure>\n\n\n\n<p class=\"wp-block-paragraph\">Sebastian Vettel n\u00e3o concordou com a ideia da F\u00f3rmula 1 de rotular o vencedor da corrida sprint como \u2018pole-position\u2019. Na vis\u00e3o do piloto da Aston Martin, o r\u00f3tulo deve ser reservado apenas para quem faz a volta mais r\u00e1pida.<\/p>\n\n\n\n<p class=\"wp-block-paragraph\">Neste fim de semana, o GP da Inglaterra marca o in\u00edcio de um novo formato, com a introdu\u00e7\u00e3o da corrida de classifica\u00e7\u00e3o, que vai definir o grid de largada para o GP da Inglaterra de domingo. A ordem de partida desta corrida menor ser\u00e1 definida em uma sess\u00e3o de classifica\u00e7\u00e3o na tarde de sexta-feira.<\/p>\n\n\n\n<figure class=\"wp-block-image size-large\"><img decoding=\"async\" src=\"https:\/\/www.grandepremio.com\/br\/wp-content\/uploads\/2021\/03\/EwWNU5KWgAQKbPs-1024x683.jpg\" alt=\"SEBASTIAN VETTEL; ASTON MARTIN; BAHREIN; PR\u00c9-TEMPORADA; DIA 2; F\u00d3RMULA 1; F1\" class=\"wp-image-455610\"\/><figcaption>Sebastian Vettel n\u00e3o gostou muito da ideia de chamar de pole quem conquistar a pole na corrida sprint (Foto: Aston Martin F1)<\/figcaption><\/figure>\n\n\n\n<p class=\"wp-block-paragraph\"><strong>LEIA TAMB\u00c9M<\/strong><br><strong><a href=\"https:\/\/www.grandepremio.com\/br\/f1\/noticias\/pontuacao-extra-pneus-horarios-tudo-sobre-primeira-corrida-sprint-da-formula-1\/\">+Pontua\u00e7\u00e3o extra, pneus e at\u00e9 hor\u00e1rios: tudo sobre a primeira corrida sprint da F\u00f3rmula 1<\/a><\/strong><\/p>\n\n\n\n<p class=\"wp-block-paragraph\">No entanto, o vencedor da corrida de s\u00e1bado ser\u00e1 creditado nas estat\u00edsticas oficiais da F\u00f3rmula 1 como pole-position, algo com que Vettel n\u00e3o concorda.<\/p>\n\n\n\n<p class=\"wp-block-paragraph\">\u201cAcho que \u00e9 errado\u201d, disse Vettel. \u201cPole \u00e9 o tempo de volta mais r\u00e1pido ou a volta mais r\u00e1pida da classifica\u00e7\u00e3o. Ent\u00e3o tudo fica um pouco confuso. Mas, obviamente, depende. Se \u00e9 uma exce\u00e7\u00e3o, n\u00e3o afeta muito\u201d, seguiu.<\/p>\n\n\n\n<p class=\"wp-block-paragraph\">\u201cMas se acabarmos tendo dez corridas sprint no pr\u00f3ximo ano ou no futuro, ent\u00e3o acho que \u00e9 um pouco estranho. A pole-position deveria ir para o cara que \u00e9 mais r\u00e1pido em uma volta\u201d, defendeu. \u201c\u00c9 uma nova modalidade, uma coisa que n\u00e3o tinham h\u00e1 50 anos e que agora n\u00f3s temos. Ent\u00e3o s\u00f3 adicionamos uma nova coluna \u00e0s estat\u00edsticas\u201d, comentou.<\/p>\n\n\n\n<p class=\"wp-block-paragraph\">Apesar de ter manifestado contrariedade com o formato, Vettel tentou se manter aberto. \u201cVai ser interessante ver se as pessoas v\u00e3o gostar ou n\u00e3o\u201d, completou.<\/p>\n\n\n\n<p class=\"wp-block-paragraph\">A sess\u00e3o classificat\u00f3ria, que neste fim de semana vai definir o grid de largada da corrida sprint, no s\u00e1bado, acontece \u00e0s 14h (de Bras\u00edlia (GMT-3) desta sexta-feira. O\u00a0<strong>GRANDE PR\u00caMIO<\/strong>\u00a0acompanha tudo\u00a0<strong><a href=\"https:\/\/www.grandepremio.com\/br\/ao-vivo\/f1\/gp-da-inglaterra-de-f1-2021--classificacao-ao-vivo-online-gratis-tempo-real-hoje\/\">AO VIVO e em TEMPO REAL<\/a><\/strong>.<\/p>\n\n\n\n<p class=\"wp-block-paragraph\"><strong>Conhe\u00e7a o canal do Grande Pr\u00eamio no YouTube! Clique\u00a0<a target=\"_blank\" href=\"https:\/\/youtube.com\/GrandePremioTV\" rel=\"noreferrer noopener\">aqui<\/a>.<br>Siga o Grande Pr\u00eamio no\u00a0<a target=\"_blank\" href=\"https:\/\/twitter.com\/grandepremio\" rel=\"noreferrer noopener\">Twitter\u00a0<\/a>e no\u00a0<a target=\"_blank\" href=\"https:\/\/instagram.com\/grandepremio\" rel=\"noreferrer noopener\">Instagram<\/a>!<\/strong><\/p>\n\n\n\n<figure class=\"wp-block-embed is-type-rich is-provider-spotify wp-block-embed-spotify wp-embed-aspect-21-9 wp-has-aspect-ratio\"><div class=\"wp-block-embed__wrapper\">\n<iframe title=\"Spotify Embed: Paddockast #112: As principais mudan\u00e7as nos carros de F1 e o que esperar da pr\u00f3xima gera\u00e7\u00e3o?\" style=\"border-radius: 12px\" width=\"100%\" height=\"152\" frameborder=\"0\" allowfullscreen allow=\"autoplay; clipboard-write; encrypted-media; fullscreen; picture-in-picture\" loading=\"lazy\" src=\"https:\/\/open.spotify.com\/embed\/episode\/5Bb6ZFtBiZg3X649m9xl3o?go=1&amp;utm_source=oembed&amp;si=8ygW4q0VRfGQNjDJN2Fsug&amp;dl_branch=1&amp;t=0&amp;nd=1\"><\/iframe>\n<\/div><\/figure>\n\n\n\n<figure class=\"wp-block-embed is-type-video is-provider-youtube wp-block-embed-youtube wp-embed-aspect-16-9 wp-has-aspect-ratio\"><div class=\"wp-block-embed__wrapper\">\n<iframe loading=\"lazy\" title=\"O NOVO JOGO OFICIAL DA F1, O GAME F1 2021, \u00c9 BOM? | GP \u00e0s 10\" width=\"500\" height=\"281\" src=\"https:\/\/www.youtube.com\/embed\/vzR4S-UzC-s?feature=oembed\" frameborder=\"0\" allow=\"accelerometer; autoplay; clipboard-write; encrypted-media; gyroscope; picture-in-picture; web-share\" referrerpolicy=\"strict-origin-when-cross-origin\" allowfullscreen><\/iframe>\n<\/div><\/figure>\n","protected":false},"excerpt":{"rendered":"<p>Alem\u00e3o considerou que \u00e9 errado chamar de pole o vencedor da corrida sprint da F\u00f3rmula 1. O titular da Aston Martin, no entanto, quer ver a rea\u00e7\u00e3o do p\u00fablico<\/p>\n","protected":false},"author":0,"featured_media":1000486371,"comment_status":"closed","ping_status":"closed","sticky":false,"template":"","format":"standard","meta":{"42wp_featured_image_caption":"","42wp_featured_image_credits":"","42wp_featured_video":"","42wp_featured_image_hidden":false,"42wp_authors_list":[],"footnotes":""},"categories":[2],"tags":[309,5921,147,156,24837,25536,26868,510],"42wp_author":[47113],"class_list":["post-119372","post","type-post","status-publish","format-standard","has-post-thumbnail","hentry","category-f1","tag-aston-martin","tag-corrida-sprint","tag-f1","tag-f1-2021","tag-formula-1-2","tag-formula-1-2021-2","tag-formula-1-classificacao-2020","tag-pole","42wp_author-juliana-tesser"],"_links":{"self":[{"href":"https:\/\/grandepremio.com\/br\/wp-json\/wp\/v2\/posts\/119372","targetHints":{"allow":["GET"]}}],"collection":[{"href":"https:\/\/grandepremio.com\/br\/wp-json\/wp\/v2\/posts"}],"about":[{"href":"https:\/\/grandepremio.com\/br\/wp-json\/wp\/v2\/types\/post"}],"replies":[{"embeddable":true,"href":"https:\/\/grandepremio.com\/br\/wp-json\/wp\/v2\/comments?post=119372"}],"version-history":[{"count":0,"href":"https:\/\/grandepremio.com\/br\/wp-json\/wp\/v2\/posts\/119372\/revisions"}],"wp:featuredmedia":[{"embeddable":true,"href":"https:\/\/grandepremio.com\/br\/wp-json\/wp\/v2\/media\/1000486371"}],"wp:attachment":[{"href":"https:\/\/grandepremio.com\/br\/wp-json\/wp\/v2\/media?parent=119372"}],"wp:term":[{"taxonomy":"category","embeddable":true,"href":"https:\/\/grandepremio.com\/br\/wp-json\/wp\/v2\/categories?post=119372"},{"taxonomy":"post_tag","embeddable":true,"href":"https:\/\/grandepremio.com\/br\/wp-json\/wp\/v2\/tags?post=119372"},{"taxonomy":"42wp_author","embeddable":true,"href":"https:\/\/grandepremio.com\/br\/wp-json\/wp\/v2\/42wp_author?post=119372"}],"curies":[{"name":"wp","href":"https:\/\/api.w.org\/{rel}","templated":true}]}}