{"id":119437,"date":"2021-07-13T10:00:00","date_gmt":"2021-07-13T13:00:00","guid":{"rendered":"https:\/\/grandepremio.com\/br\/noticias\/gp-as-10-corrida-classificacao-f1-corrida-treino-flavio-gomes-explica\/"},"modified":"2021-07-13T08:27:44","modified_gmt":"2021-07-13T11:27:44","slug":"gp-as-10-corrida-classificacao-f1-corrida-treino-flavio-gomes-explica","status":"publish","type":"post","link":"https:\/\/grandepremio.com\/br\/f1\/gp-as-10-corrida-classificacao-f1-corrida-treino-flavio-gomes-explica\/","title":{"rendered":"GP \u00e0s 10 | Corrida de classifica\u00e7\u00e3o na F1: corrida ou treino? Flavio Gomes explica"},"content":{"rendered":"\n<figure class=\"wp-block-video\"><video class=\"video-js vjs-big-play-centered\" data-gp-vjs=\"1\" controls src=\"https:\/\/www.grandepremio.com\/br\/wp-content\/uploads\/2021\/07\/Truck-Series-Quarta-Prorrogacao.mp4\"><\/video><figcaption>Austin Hill escapou da confus\u00e3o e venceu em Knoxville na quarta prorroga\u00e7\u00e3o (V\u00eddeo: Nascar)<\/figcaption><\/figure>\n\n\n\n<p class=\"wp-block-paragraph\">Depois de meses de discuss\u00e3o, o formato do sprint qualifying &#8211; a corrida de classifica\u00e7\u00e3o &#8211; finalmente estreia neste fim de semana, no GP da Inglaterra. E Flavio Gomes aproveita o GP \u00e0s 10 desta ter\u00e7a-feira (13) para analisar a teoria e responder da melhor forma poss\u00edvel a pergunta de 1 milh\u00e3o: \u00e9 classifica\u00e7\u00e3o ou corrida?<\/p>\n\n\n\n<p class=\"wp-block-paragraph\">Seja como for, o jornalista pede que todos ao menos deem uma chance ao formato antes de excluir como possibilidade. Opini\u00f5es concretas sobre a funcionalidade ou n\u00e3o, sobre se deve ser mantido de maneira sazonal ou para a temporada completa vir\u00e3o somente depois de ver a corrida de classifica\u00e7\u00e3o acontecer de fato.<\/p>\n\n\n\n<p class=\"wp-block-paragraph\"><strong>Conhe\u00e7a o canal do Grande Pr\u00eamio no YouTube! Clique\u00a0<a target=\"_blank\" href=\"https:\/\/youtube.com\/GrandePremioTV\" rel=\"noreferrer noopener\">aqui<\/a>.<br>Siga o Grande Pr\u00eamio no\u00a0<a target=\"_blank\" href=\"https:\/\/twitter.com\/grandepremio\" rel=\"noreferrer noopener\">Twitter\u00a0<\/a>e no\u00a0<a target=\"_blank\" href=\"https:\/\/instagram.com\/grandepremio\" rel=\"noreferrer noopener\">Instagram<\/a>!<\/strong><br><strong>F1 reage ap\u00f3s relat\u00f3rio da Comiss\u00e3o Hamilton: <\/strong><a href=\"https:\/\/www.grandepremio.com\/br\/f1\/noticias\/f1-reage-apos-relatorio-comissao-hamilton-precisamos-aumentar-a-diversidade\/\"><strong>\u201cPrecisamos aumentar a diversidade\u201d<\/strong><\/a><\/p>\n\n\n\n<p class=\"wp-block-paragraph\">Ap\u00f3s Silverstone, a corrida de classifica\u00e7\u00e3o volta a dar as caras no GP da It\u00e1lia, em Monza. H\u00e1 a expectativa de que a terceira etapa onde o formato ser\u00e1 usado seja o GP de S\u00e3o Paulo, mas ainda n\u00e3o h\u00e1 confirma\u00e7\u00e3o. Fato \u00e9 que as pequenas corridas de 100 km passam a fazer parte do Mundial, de vez por todas, a partir do pr\u00f3ximo fim de semana.<\/p>\n\n\n\n<p class=\"wp-block-paragraph\">Por fim, Gomes faz uma homenagem a Carlos Reutemann, piloto argentino vice-campe\u00e3o mundial de F\u00f3rmula 1, morto na \u00faltima semana. O jornalista lembra que foi ele o primeiro vencedor do GP do Brasil, em 1972.<\/p>\n\n\n\n<p class=\"wp-block-paragraph\"><strong>Assista, curta e compartilhe este v\u00eddeo:<\/strong><\/p>\n\n\n\n<figure class=\"wp-block-embed is-type-video is-provider-youtube wp-block-embed-youtube wp-embed-aspect-16-9 wp-has-aspect-ratio\"><div class=\"wp-block-embed__wrapper\">\n<iframe loading=\"lazy\" title=\"CORRIDA DE CLASSIFICA\u00c7\u00c3O NA F1: \u00c9 CORRIDA OU TREINO? FLAVIO GOMES EXPLICA | GP \u00e0s 10\" width=\"500\" height=\"281\" src=\"https:\/\/www.youtube.com\/embed\/BQ_HtxBAgQQ?feature=oembed\" frameborder=\"0\" allow=\"accelerometer; autoplay; clipboard-write; encrypted-media; gyroscope; picture-in-picture; web-share\" referrerpolicy=\"strict-origin-when-cross-origin\" allowfullscreen><\/iframe>\n<\/div><\/figure>\n","protected":false},"excerpt":{"rendered":"<p>A corrida de classifica\u00e7\u00e3o passa a fazer parte da F\u00f3rmula 1 de uma vez por todas neste fim de semana. Antes disso, Flavio Gomes avalia as possibilidades<\/p>\n","protected":false},"author":0,"featured_media":1000491320,"comment_status":"closed","ping_status":"closed","sticky":false,"template":"","format":"standard","meta":{"42wp_featured_image_caption":"","42wp_featured_image_credits":"","42wp_featured_video":"","42wp_featured_image_hidden":false,"42wp_authors_list":[],"footnotes":""},"categories":[2],"tags":[24928,156,122,25536,24840,1505,24836,28285,3632],"42wp_author":[47120],"class_list":["post-119437","post","type-post","status-publish","format-standard","has-post-thumbnail","hentry","category-f1","tag-corrida-de-classificacao","tag-f1-2021","tag-flavio-gomes","tag-formula-1-2021-2","tag-gp-as-10-2","tag-gp-da-inglaterra","tag-grande-premio-2","tag-grandepremio","tag-silverstone","42wp_author-pedro-henrique-marum"],"_links":{"self":[{"href":"https:\/\/grandepremio.com\/br\/wp-json\/wp\/v2\/posts\/119437","targetHints":{"allow":["GET"]}}],"collection":[{"href":"https:\/\/grandepremio.com\/br\/wp-json\/wp\/v2\/posts"}],"about":[{"href":"https:\/\/grandepremio.com\/br\/wp-json\/wp\/v2\/types\/post"}],"replies":[{"embeddable":true,"href":"https:\/\/grandepremio.com\/br\/wp-json\/wp\/v2\/comments?post=119437"}],"version-history":[{"count":0,"href":"https:\/\/grandepremio.com\/br\/wp-json\/wp\/v2\/posts\/119437\/revisions"}],"wp:featuredmedia":[{"embeddable":true,"href":"https:\/\/grandepremio.com\/br\/wp-json\/wp\/v2\/media\/1000491320"}],"wp:attachment":[{"href":"https:\/\/grandepremio.com\/br\/wp-json\/wp\/v2\/media?parent=119437"}],"wp:term":[{"taxonomy":"category","embeddable":true,"href":"https:\/\/grandepremio.com\/br\/wp-json\/wp\/v2\/categories?post=119437"},{"taxonomy":"post_tag","embeddable":true,"href":"https:\/\/grandepremio.com\/br\/wp-json\/wp\/v2\/tags?post=119437"},{"taxonomy":"42wp_author","embeddable":true,"href":"https:\/\/grandepremio.com\/br\/wp-json\/wp\/v2\/42wp_author?post=119437"}],"curies":[{"name":"wp","href":"https:\/\/api.w.org\/{rel}","templated":true}]}}