{"id":119454,"date":"2021-07-12T14:37:05","date_gmt":"2021-07-12T17:37:05","guid":{"rendered":"https:\/\/grandepremio.com\/br\/noticias\/paddock-plus-vitoria-sam-bird-volta-por-cima-kurt-busch-tranquilidade-na-stock-car\/"},"modified":"2021-07-12T14:37:15","modified_gmt":"2021-07-12T17:37:15","slug":"paddock-plus-vitoria-sam-bird-volta-por-cima-kurt-busch-tranquilidade-na-stock-car","status":"publish","type":"post","link":"https:\/\/grandepremio.com\/br\/grande-premio\/paddock-plus-vitoria-sam-bird-volta-por-cima-kurt-busch-tranquilidade-na-stock-car\/","title":{"rendered":"Paddock Plus: Vit\u00f3ria de Bird, volta por cima de Kurt Busch e tranquilidade na Stock Car"},"content":{"rendered":"\n<p class=\"wp-block-paragraph\">Foi um fim de semana com menos categorias nas pistas, mas com disputas igualmente intensas. F\u00f3rmula E e Nascar, respectivamente em Nova York e Atlanta, tiveram disputas apertadas pela vit\u00f3ria. J\u00e1 a Stock Car, em Cascavel, conseguiu combinar brigas na pista com o al\u00edvio de n\u00e3o ter muitas puni\u00e7\u00f5es ap\u00f3s a bandeirada.<\/p>\n\n\n\n<p class=\"wp-block-paragraph\">As tr\u00eas corridas, e mais algumas, estiveram no card\u00e1pio do Paddock Plus. Gabriel Curty apresentou o programa, que teve tamb\u00e9m coment\u00e1rios de Gabriel Carvalho e Vitor Fazio, al\u00e9m da produ\u00e7\u00e3o de Rodrigo Berton.<\/p>\n\n\n\n<p class=\"wp-block-paragraph\"><strong>Assista ao Paddock Plus:<\/strong><\/p>\n\n\n<p>[twitchtv url=&#8221;https:\/\/www.twitch.tv\/grandepremio\/v\/1084447436&#8243;]<\/p>\n\n\n\n<p class=\"wp-block-paragraph\"><strong>Conhe\u00e7a o canal do Grande Pr\u00eamio no YouTube! Clique\u00a0<a target=\"_blank\" href=\"https:\/\/youtube.com\/GrandePremioTV\" rel=\"noreferrer noopener\">aqui<\/a>.<br>Siga o Grande Pr\u00eamio no\u00a0<a target=\"_blank\" href=\"https:\/\/twitter.com\/grandepremio\" rel=\"noreferrer noopener\">Twitter\u00a0<\/a>e no\u00a0<a target=\"_blank\" href=\"https:\/\/instagram.com\/grandepremio\" rel=\"noreferrer noopener\">Instagram<\/a>!<\/strong><\/p>\n","protected":false},"excerpt":{"rendered":"<p>F\u00f3rmula E, Nascar e Stock Car foram as principais categorias no fim de semana do esporte a motor. O Paddock Plus recordou tudo que aconteceu<\/p>\n","protected":false},"author":0,"featured_media":1000491027,"comment_status":"closed","ping_status":"closed","sticky":false,"template":"","format":"standard","meta":{"42wp_featured_image_caption":"","42wp_featured_image_credits":"","42wp_featured_video":"","42wp_featured_image_hidden":false,"42wp_authors_list":[],"footnotes":""},"categories":[4],"tags":[25000,24836,3814,411,1537,27379,976,69,686],"42wp_author":[47118],"class_list":["post-119454","post","type-post","status-publish","format-standard","has-post-thumbnail","hentry","category-grande-premio","tag-formula-e-2","tag-grande-premio-2","tag-kurt-busch","tag-nascar","tag-paddock-gp","tag-paddock-plus","tag-sam-bird","tag-stock-car","tag-twitch","42wp_author-vitor-fazio"],"_links":{"self":[{"href":"https:\/\/grandepremio.com\/br\/wp-json\/wp\/v2\/posts\/119454","targetHints":{"allow":["GET"]}}],"collection":[{"href":"https:\/\/grandepremio.com\/br\/wp-json\/wp\/v2\/posts"}],"about":[{"href":"https:\/\/grandepremio.com\/br\/wp-json\/wp\/v2\/types\/post"}],"replies":[{"embeddable":true,"href":"https:\/\/grandepremio.com\/br\/wp-json\/wp\/v2\/comments?post=119454"}],"version-history":[{"count":0,"href":"https:\/\/grandepremio.com\/br\/wp-json\/wp\/v2\/posts\/119454\/revisions"}],"wp:featuredmedia":[{"embeddable":true,"href":"https:\/\/grandepremio.com\/br\/wp-json\/wp\/v2\/media\/1000491027"}],"wp:attachment":[{"href":"https:\/\/grandepremio.com\/br\/wp-json\/wp\/v2\/media?parent=119454"}],"wp:term":[{"taxonomy":"category","embeddable":true,"href":"https:\/\/grandepremio.com\/br\/wp-json\/wp\/v2\/categories?post=119454"},{"taxonomy":"post_tag","embeddable":true,"href":"https:\/\/grandepremio.com\/br\/wp-json\/wp\/v2\/tags?post=119454"},{"taxonomy":"42wp_author","embeddable":true,"href":"https:\/\/grandepremio.com\/br\/wp-json\/wp\/v2\/42wp_author?post=119454"}],"curies":[{"name":"wp","href":"https:\/\/api.w.org\/{rel}","templated":true}]}}