{"id":119457,"date":"2021-07-12T11:19:51","date_gmt":"2021-07-12T14:19:51","guid":{"rendered":"https:\/\/grandepremio.com\/br\/noticias\/lewis-hamilton-define-racismo-como-inaceitavel-sai-defesa-de-jogadores-da-inglaterra\/"},"modified":"2021-07-12T12:08:36","modified_gmt":"2021-07-12T15:08:36","slug":"lewis-hamilton-define-racismo-como-inaceitavel-sai-defesa-de-jogadores-da-inglaterra","status":"publish","type":"post","link":"https:\/\/grandepremio.com\/br\/f1\/lewis-hamilton-define-racismo-como-inaceitavel-sai-defesa-de-jogadores-da-inglaterra\/","title":{"rendered":"Hamilton define racismo como \u201cinaceit\u00e1vel\u201d e sai em defesa de jogadores da Inglaterra"},"content":{"rendered":"\n<figure class=\"wp-block-embed is-type-video is-provider-youtube wp-block-embed-youtube wp-embed-aspect-16-9 wp-has-aspect-ratio\"><div class=\"wp-block-embed__wrapper\">\n<iframe loading=\"lazy\" title=\"VERSTAPPEN \u00c9 PARA HAMILTON O QUE ALONSO FOI PARA SCHUMACHER NA F1? | GP \u00e0s 10\" width=\"500\" height=\"281\" src=\"https:\/\/www.youtube.com\/embed\/cDC5TKFgBLQ?feature=oembed\" frameborder=\"0\" allow=\"accelerometer; autoplay; clipboard-write; encrypted-media; gyroscope; picture-in-picture; web-share\" referrerpolicy=\"strict-origin-when-cross-origin\" allowfullscreen><\/iframe>\n<\/div><figcaption><strong>VERSTAPPEN \u00c9 PARA HAMILTON O QUE ALONSO FOI PARA SCHUMACHER? Assista<\/strong>!<\/figcaption><\/figure>\n\n\n\n<p class=\"wp-block-paragraph\">Lewis Hamilton queria apenas acompanhar a final da Eurocopa entre Inglaterra e It\u00e1lia, mas se deparou com uma quest\u00e3o que vai muito al\u00e9m do esporte. Os atos racistas contra os tr\u00eas jogadores ingleses que erraram p\u00eanaltis \u2013 todos pretos \u2013 levaram o heptacampe\u00e3o da F\u00f3rmula 1 a fazer postagem deixando claro: n\u00e3o h\u00e1 espa\u00e7o para intoler\u00e2ncia na sociedade.<\/p>\n\n\n\n<p class=\"wp-block-paragraph\">&#8220;O abuso racial das redes sociais contra nossos atletas, depois do jogo de ontem, \u00e9 inaceit\u00e1vel\u201d, escreveu Hamilton no Instagram. \u201cEsse tipo de ignor\u00e2ncia precisa parar. Toler\u00e2ncia e respeito por nossos jogadores de cor n\u00e3o deveria ser algo condicional. Por favor, n\u00e3o deixe quieto ao encontrar gente postando \u00f3dio. Desafie-os a mostrar humanidade, independente de cor. Estou muito orgulhoso de onde a Inglaterra chegou&#8221;, seguiu.<\/p>\n\n\n\n<p class=\"wp-block-paragraph\"><strong>Conhe\u00e7a o canal do Grande Pr\u00eamio no YouTube! Clique&nbsp;<a target=\"_blank\" href=\"https:\/\/youtube.com\/GrandePremioTV\" rel=\"noreferrer noopener\">aqui<\/a>.<\/strong><br><strong>Siga o Grande Pr\u00eamio no&nbsp;<a target=\"_blank\" href=\"https:\/\/twitter.com\/grandepremio\" rel=\"noreferrer noopener\">Twitter&nbsp;<\/a>e no&nbsp;<a target=\"_blank\" href=\"https:\/\/instagram.com\/grandepremio\" rel=\"noreferrer noopener\">Instagram<\/a>!<\/strong><\/p>\n\n\n\n<figure class=\"wp-block-image size-large\"><img decoding=\"async\" src=\"https:\/\/www.grandepremio.com\/br\/wp-content\/uploads\/2021\/07\/000_9EP27C-1024x683.jpg\" alt=\"\" class=\"wp-image-491157\"\/><figcaption>Os jogadores se ajoelharam antes da partida, manifestando-se contra o racismo (Foto: AFP)<\/figcaption><\/figure>\n\n\n\n<p class=\"wp-block-paragraph\">Marcus Rashford, Jadon Sancho e Bukayo Saka erraram as cobran\u00e7as de p\u00eanalti contra a It\u00e1lia, que venceu a disputa por 3 x 2 e levou a Eurocopa. A coincid\u00eancia da cor de pele levou a uma s\u00e9rie de mensagens racistas nas redes sociais, prontamente repudiadas tanto pelo primeiro-ministro Boris Johnson quanto pelo t\u00e9cnico Gareth Southgate. Em outra mensagem no Instagram, Hamilton detalhou o que pensou enquanto acompanhava a derrota inglesa na televis\u00e3o.<\/p>\n\n\n\n<p class=\"wp-block-paragraph\">&#8220;Muita coisa estava passando pela minha cabe\u00e7a enquanto assistia aos \u00faltimos momentos do jogo de ontem\u201d, recordou. \u201cPor um lado, estava muito orgulhoso de como chegamos longe [na Eurocopa], estando na final com uma equipe muito diversa, o que \u00e9 uma conquista que nos orgulha muito. S\u00f3 que, com os jogadores indo bater p\u00eanaltis, fiquei preocupado. A press\u00e3o para entregar resultado \u00e9 sentida por todos os atletas, mas essa experi\u00eancia ganha um novo n\u00edvel quando voc\u00ea \u00e9 uma minoria representando um pa\u00eds. O sucesso seria como uma vit\u00f3ria em dobro, mas o fracasso tamb\u00e9m seria em dobro, composto tamb\u00e9m por racismo&#8221;, apontou.<\/p>\n\n\n\n<figure class=\"wp-block-image size-large\"><img decoding=\"async\" src=\"https:\/\/www.grandepremio.com\/br\/wp-content\/uploads\/2021\/07\/000_9ER4M2-1024x686.jpg\" alt=\"\" class=\"wp-image-491162\"\/><figcaption>Marcus Rashford, um dos jogadores a errar p\u00eanalti, foi alvo de mensagens racistas (Foto: AFP)<\/figcaption><\/figure>\n\n\n\n<p class=\"wp-block-paragraph\">&#8220;Eu queria muito essa vit\u00f3ria, como todos voc\u00eas. S\u00f3 que, para mim, era muito mais do que apenas vencer uma Eurocopa. O comportamento desprez\u00edvel de alguns mostra como ainda precisamos trabalhar muito. Espero que isso abra um debate sobre aceita\u00e7\u00e3o. Precisamos trabalhar para ter uma sociedade que n\u00e3o exija jogadores pretos provando seus valores atrav\u00e9s da vit\u00f3ria. No fim, todo mundo na equipe da Inglaterra deveria se orgulhar do alcan\u00e7ado, de como nos representaram&#8221;, encerrou.<\/p>\n\n\n\n<p class=\"wp-block-paragraph\">Hamilton se acostumou a sair em defesa de minorias. \u00danico piloto negro da hist\u00f3ria da F\u00f3rmula 1, Lewis pediu justi\u00e7a a pessoas como <strong><a href=\"https:\/\/www.grandepremio.com\/br\/f1\/noticias\/um-ano-apos-assassinato-lewis-hamilton-homenageia-george-floyd-legado-sera-eterno\/\">George Floyd<\/a><\/strong> e Breonna Taylor, dois pretos mortos pela pol\u00edcia americana em 2020. A luta antirracista continua em 2021, com o campe\u00e3o capitaneando um movimento de pilotos se ajoelhando antes de cada GP.<\/p>\n\n\n\n<figure class=\"wp-block-video\"><video class=\"video-js vjs-big-play-centered\" data-gp-vjs=\"1\" controls src=\"https:\/\/www.grandepremio.com\/br\/wp-content\/uploads\/2021\/07\/Truck-Series-Quarta-Prorrogacao.mp4\"><\/video><figcaption>Austin Hill escapou da confus\u00e3o e venceu em Knoxville na quarta prorroga\u00e7\u00e3o (V\u00eddeo: Nascar)<\/figcaption><\/figure>\n","protected":false},"excerpt":{"rendered":"<p>Tr\u00eas jogadores pretos erraram p\u00eanaltis na final da Eurocopa, levando \u00e0 derrota da Inglaterra frente \u00e0 It\u00e1lia. Mensagens racistas nas redes sociais levaram Lewis Hamilton a se manifestar<\/p>\n","protected":false},"author":0,"featured_media":1000489891,"comment_status":"closed","ping_status":"closed","sticky":false,"template":"","format":"standard","meta":{"42wp_featured_image_caption":"","42wp_featured_image_credits":"","42wp_featured_video":"","42wp_featured_image_hidden":false,"42wp_authors_list":[],"footnotes":""},"categories":[2],"tags":[24837,3140,897,25070,87,2545],"42wp_author":[47118],"class_list":["post-119457","post","type-post","status-publish","format-standard","has-post-thumbnail","hentry","category-f1","tag-formula-1-2","tag-futebol","tag-inglaterra","tag-italia-2","tag-lewis-hamilton","tag-racismo","42wp_author-vitor-fazio"],"_links":{"self":[{"href":"https:\/\/grandepremio.com\/br\/wp-json\/wp\/v2\/posts\/119457","targetHints":{"allow":["GET"]}}],"collection":[{"href":"https:\/\/grandepremio.com\/br\/wp-json\/wp\/v2\/posts"}],"about":[{"href":"https:\/\/grandepremio.com\/br\/wp-json\/wp\/v2\/types\/post"}],"replies":[{"embeddable":true,"href":"https:\/\/grandepremio.com\/br\/wp-json\/wp\/v2\/comments?post=119457"}],"version-history":[{"count":0,"href":"https:\/\/grandepremio.com\/br\/wp-json\/wp\/v2\/posts\/119457\/revisions"}],"wp:featuredmedia":[{"embeddable":true,"href":"https:\/\/grandepremio.com\/br\/wp-json\/wp\/v2\/media\/1000489891"}],"wp:attachment":[{"href":"https:\/\/grandepremio.com\/br\/wp-json\/wp\/v2\/media?parent=119457"}],"wp:term":[{"taxonomy":"category","embeddable":true,"href":"https:\/\/grandepremio.com\/br\/wp-json\/wp\/v2\/categories?post=119457"},{"taxonomy":"post_tag","embeddable":true,"href":"https:\/\/grandepremio.com\/br\/wp-json\/wp\/v2\/tags?post=119457"},{"taxonomy":"42wp_author","embeddable":true,"href":"https:\/\/grandepremio.com\/br\/wp-json\/wp\/v2\/42wp_author?post=119457"}],"curies":[{"name":"wp","href":"https:\/\/api.w.org\/{rel}","templated":true}]}}