{"id":119535,"date":"2021-07-08T09:47:07","date_gmt":"2021-07-08T12:47:07","guid":{"rendered":"https:\/\/grandepremio.com\/br\/noticias\/audiencia-formula-e-dobra-2021-apos-dificuldades-com-pandemia-em-2020\/"},"modified":"2021-07-08T09:47:15","modified_gmt":"2021-07-08T12:47:15","slug":"audiencia-formula-e-dobra-2021-apos-dificuldades-com-pandemia-em-2020","status":"publish","type":"post","link":"https:\/\/grandepremio.com\/br\/formula-e\/audiencia-formula-e-dobra-2021-apos-dificuldades-com-pandemia-em-2020\/","title":{"rendered":"Audi\u00eancia da F\u00f3rmula E dobra em 2021 ap\u00f3s dificuldades com pandemia em 2020"},"content":{"rendered":"\n<figure class=\"wp-block-video\"><video class=\"video-js vjs-big-play-centered\" data-gp-vjs=\"1\" controls src=\"https:\/\/www.grandepremio.com\/br\/wp-content\/uploads\/l-videos\/austria_v2.mp4\"><\/video><figcaption>Verstappen aplica novo dom\u00ednio e vence: os melhores momentos do GP da \u00c1ustria (GRANDE PR\u00caMIO com Reuters)<\/figcaption><\/figure>\n\n\n\n<p class=\"wp-block-paragraph\">O momento \u00e9 de rea\u00e7\u00e3o na F\u00f3rmula E. Um ano ap\u00f3s as dificuldades de uma temporada interrompida pela Covid-19, a categoria d\u00e1 sinais de estar recuperando sua popularidade original. N\u00fameros divulgados pelo site RaceFans apontam um aumento de 125% na audi\u00eancia televisiva na compara\u00e7\u00e3o entre 2020 e 2021.<\/p>\n\n\n\n<p class=\"wp-block-paragraph\">De acordo com o site, a disparidade \u00e9 consequ\u00eancia da vers\u00e3o final do calend\u00e1rio de 2019\/20. A \u00faltima etapa antes da pandemia estourar foi em fevereiro de 2020, com o retorno apenas em agosto. Foi nesse m\u00eas que a categoria realizou seis corridas em nove dias em Berlim, finalmente arrematando a temporada. Ou seja, nove dos 12 meses do ano foram completamente ociosos quando o assunto \u00e9 carro na pista.<\/p>\n\n\n\n<p class=\"wp-block-paragraph\"><strong>Conhe\u00e7a o canal do Grande Pr\u00eamio no YouTube! Clique\u00a0<a target=\"_blank\" href=\"https:\/\/youtube.com\/GrandePremioTV\" rel=\"noreferrer noopener\">aqui<\/a>.<br>Siga o Grande Pr\u00eamio no\u00a0<a target=\"_blank\" href=\"https:\/\/twitter.com\/grandepremio\" rel=\"noreferrer noopener\">Twitter\u00a0<\/a>e no\u00a0<a target=\"_blank\" href=\"https:\/\/instagram.com\/grandepremio\" rel=\"noreferrer noopener\">Instagram<\/a>!<\/strong><\/p>\n\n\n\n<figure class=\"wp-block-image size-large\"><img decoding=\"async\" src=\"https:\/\/www.grandepremio.com\/br\/wp-content\/uploads\/2021\/06\/largada-01-1024x683.jpg\" alt=\"\" class=\"wp-image-485691\"\/><figcaption>Largada da segunda corrida da rodada dupla do eP de Puebla (Foto: FIA F\u00f3rmula E)<\/figcaption><\/figure>\n\n\n\n<p class=\"wp-block-paragraph\">Al\u00e9m disso, algumas das corridas em Berlim sofreram para se destacar. Duas delas foram realizadas no mesmo fim de semana da F\u00f3rmula 1, que realizava o GP do Anivers\u00e1rio de 70 anos em Silverstone. As duas \u00faltimas etapas do ano, por sua vez, conflitaram com a retomada da Liga dos Campe\u00f5es, principal campeonato europeu de futebol.<\/p>\n\n\n\n<p class=\"wp-block-paragraph\">Um calend\u00e1rio relativamente normalizado em 2021 mudou o panorama, ajudando a audi\u00eancia. A F\u00f3rmula E abriu a temporada em fevereiro e segue at\u00e9 agosto, somando um total de 15 corridas.<\/p>\n\n\n\n<p class=\"wp-block-paragraph\">A pr\u00f3xima etapa, por sinal, \u00e9 j\u00e1 nesta semana. A FE realiza <strong><a href=\"https:\/\/www.grandepremio.com\/br\/formula-e\/noticias\/gp-as-10-volta-da-formula-e-ao-normal-em-nova-york-e-chave-para-campeonato-afunilar\/\">rodada dupla em Nova York<\/a><\/strong>, com corridas nos dias 10 e 11 de julho.<\/p>\n","protected":false},"excerpt":{"rendered":"<p>Nove dos 12 meses de 2020 n\u00e3o tiveram qualquer corrida da F\u00f3rmula E. Com calend\u00e1rio melhor equilibrado em 2021, a audi\u00eancia televisiva subiu 125%, revelou o site RaceFans<\/p>\n","protected":false},"author":0,"featured_media":1000485693,"comment_status":"closed","ping_status":"closed","sticky":false,"template":"","format":"standard","meta":{"42wp_featured_image_caption":"","42wp_featured_image_credits":"","42wp_featured_video":"","42wp_featured_image_hidden":false,"42wp_authors_list":[],"footnotes":""},"categories":[19],"tags":[25570,24831,24858,28526,195,26482,25000,25630],"42wp_author":[47118],"class_list":["post-119535","post","type-post","status-publish","format-standard","has-post-thumbnail","hentry","category-formula-e","tag-audiencia","tag-coronavirus-2","tag-covid-19","tag-ep-de-nova-york","tag-fe-2020","tag-fe-2021","tag-formula-e-2","tag-televisao","42wp_author-vitor-fazio"],"_links":{"self":[{"href":"https:\/\/grandepremio.com\/br\/wp-json\/wp\/v2\/posts\/119535","targetHints":{"allow":["GET"]}}],"collection":[{"href":"https:\/\/grandepremio.com\/br\/wp-json\/wp\/v2\/posts"}],"about":[{"href":"https:\/\/grandepremio.com\/br\/wp-json\/wp\/v2\/types\/post"}],"replies":[{"embeddable":true,"href":"https:\/\/grandepremio.com\/br\/wp-json\/wp\/v2\/comments?post=119535"}],"version-history":[{"count":0,"href":"https:\/\/grandepremio.com\/br\/wp-json\/wp\/v2\/posts\/119535\/revisions"}],"wp:featuredmedia":[{"embeddable":true,"href":"https:\/\/grandepremio.com\/br\/wp-json\/wp\/v2\/media\/1000485693"}],"wp:attachment":[{"href":"https:\/\/grandepremio.com\/br\/wp-json\/wp\/v2\/media?parent=119535"}],"wp:term":[{"taxonomy":"category","embeddable":true,"href":"https:\/\/grandepremio.com\/br\/wp-json\/wp\/v2\/categories?post=119535"},{"taxonomy":"post_tag","embeddable":true,"href":"https:\/\/grandepremio.com\/br\/wp-json\/wp\/v2\/tags?post=119535"},{"taxonomy":"42wp_author","embeddable":true,"href":"https:\/\/grandepremio.com\/br\/wp-json\/wp\/v2\/42wp_author?post=119535"}],"curies":[{"name":"wp","href":"https:\/\/api.w.org\/{rel}","templated":true}]}}