{"id":119547,"date":"2021-07-07T22:00:00","date_gmt":"2021-07-08T01:00:00","guid":{"rendered":"https:\/\/grandepremio.com\/br\/noticias\/gp-as-10-volta-da-formula-e-ao-normal-em-nova-york-e-chave-para-campeonato-afunilar\/"},"modified":"2021-07-08T07:20:39","modified_gmt":"2021-07-08T10:20:39","slug":"gp-as-10-volta-da-formula-e-ao-normal-em-nova-york-e-chave-para-campeonato-afunilar","status":"publish","type":"post","link":"https:\/\/grandepremio.com\/br\/formula-e\/gp-as-10-volta-da-formula-e-ao-normal-em-nova-york-e-chave-para-campeonato-afunilar\/","title":{"rendered":"GP \u00e0s 10: Volta da F\u00f3rmula E ao normal em Nova York \u00e9 chave para campeonato afunilar"},"content":{"rendered":"\n<p class=\"wp-block-paragraph\">Ainda n\u00e3o \u00e9 poss\u00edvel montar uma lista curta de candidatos ao t\u00edtulo da F\u00f3rmula E. Afinal, o campeonato tem uma s\u00e9rie de pilotos com performances inconstantes e, recentemente, corridas ca\u00f3ticas em demasia. Isso, entretanto, talvez j\u00e1 seja coisa do passado: depois da pista permanente de Puebla, Vitor Fazio sente que o tra\u00e7ado de rua de Nova York vai ajudar a categoria el\u00e9trica a voltar ao normal. A an\u00e1lise est\u00e1 no GP \u00e0s 10 noturno desta quarta-feira (7).<\/p>\n\n\n\n<p class=\"wp-block-paragraph\"><strong>Conhe\u00e7a o canal do Grande Pr\u00eamio no YouTube! Clique\u00a0<a target=\"_blank\" href=\"https:\/\/youtube.com\/GrandePremioTV\" rel=\"noreferrer noopener\">aqui<\/a>.<br>Siga o Grande Pr\u00eamio no\u00a0<a target=\"_blank\" href=\"https:\/\/twitter.com\/grandepremio\" rel=\"noreferrer noopener\">Twitter\u00a0<\/a>e no\u00a0<a target=\"_blank\" href=\"https:\/\/instagram.com\/grandepremio\" rel=\"noreferrer noopener\">Instagram<\/a>!<\/strong><\/p>\n\n\n\n<figure class=\"wp-block-embed is-type-video is-provider-dailymotion wp-block-embed-dailymotion wp-embed-aspect-16-9 wp-has-aspect-ratio\"><div class=\"wp-block-embed__wrapper\">\n<iframe loading=\"lazy\" title=\"NOVA YORK PROMETE AFUNILAR BRIGA POR T\u00cdTULO NA F\u00d3RMULA E | GP \u00c0S 10\" frameborder=\"0\" width=\"500\" height=\"281\" src=\"https:\/\/geo.dailymotion.com\/player.html?video=x82j4iy&#038;\" allowfullscreen allow=\"autoplay; fullscreen; picture-in-picture; web-share\"><\/iframe>\n<\/div><\/figure>\n","protected":false},"excerpt":{"rendered":"<p>A briga pelo t\u00edtulo na F\u00f3rmula E ainda est\u00e1 muito aberta. Vitor Fazio espera que a rodada dupla em Nova York seja um divisor de \u00e1guas, afunilando mais a disputa<\/p>\n","protected":false},"author":0,"featured_media":0,"comment_status":"closed","ping_status":"closed","sticky":false,"template":"","format":"standard","meta":{"42wp_featured_image_caption":"","42wp_featured_image_credits":"","42wp_featured_video":"","42wp_featured_image_hidden":false,"42wp_authors_list":[],"footnotes":""},"categories":[19],"tags":[28526,25000,24840,24836,336],"42wp_author":[47118],"class_list":["post-119547","post","type-post","status-publish","format-standard","hentry","category-formula-e","tag-ep-de-nova-york","tag-formula-e-2","tag-gp-as-10-2","tag-grande-premio-2","tag-vitor-fazio","42wp_author-vitor-fazio"],"_links":{"self":[{"href":"https:\/\/grandepremio.com\/br\/wp-json\/wp\/v2\/posts\/119547","targetHints":{"allow":["GET"]}}],"collection":[{"href":"https:\/\/grandepremio.com\/br\/wp-json\/wp\/v2\/posts"}],"about":[{"href":"https:\/\/grandepremio.com\/br\/wp-json\/wp\/v2\/types\/post"}],"replies":[{"embeddable":true,"href":"https:\/\/grandepremio.com\/br\/wp-json\/wp\/v2\/comments?post=119547"}],"version-history":[{"count":0,"href":"https:\/\/grandepremio.com\/br\/wp-json\/wp\/v2\/posts\/119547\/revisions"}],"wp:attachment":[{"href":"https:\/\/grandepremio.com\/br\/wp-json\/wp\/v2\/media?parent=119547"}],"wp:term":[{"taxonomy":"category","embeddable":true,"href":"https:\/\/grandepremio.com\/br\/wp-json\/wp\/v2\/categories?post=119547"},{"taxonomy":"post_tag","embeddable":true,"href":"https:\/\/grandepremio.com\/br\/wp-json\/wp\/v2\/tags?post=119547"},{"taxonomy":"42wp_author","embeddable":true,"href":"https:\/\/grandepremio.com\/br\/wp-json\/wp\/v2\/42wp_author?post=119547"}],"curies":[{"name":"wp","href":"https:\/\/api.w.org\/{rel}","templated":true}]}}