{"id":119561,"date":"2021-07-07T09:49:15","date_gmt":"2021-07-07T12:49:15","guid":{"rendered":"https:\/\/grandepremio.com\/br\/noticias\/lewis-hamilton-admite-que-disputa-com-max-verstappen-revigorou-amor-pela-formula-1\/"},"modified":"2021-07-07T09:49:23","modified_gmt":"2021-07-07T12:49:23","slug":"lewis-hamilton-admite-que-disputa-com-max-verstappen-revigorou-amor-pela-formula-1","status":"publish","type":"post","link":"https:\/\/grandepremio.com\/br\/f1\/lewis-hamilton-admite-que-disputa-com-max-verstappen-revigorou-amor-pela-formula-1\/","title":{"rendered":"Hamilton admite que disputa com Verstappen &#8220;revigorou amor&#8221; pela F\u00f3rmula 1"},"content":{"rendered":"\n<figure class=\"wp-block-video\"><video class=\"video-js vjs-big-play-centered\" data-gp-vjs=\"1\" controls src=\"https:\/\/www.grandepremio.com\/br\/wp-content\/uploads\/2021\/07\/Peugeot9X8.mp4\"><\/video><figcaption>A Peugeot apresentou seu novo hipercarro: eis o 9X8, que nasce sem asa traseira (V\u00eddeo: Peugeot)<\/figcaption><\/figure>\n\n\n\n<p class=\"wp-block-paragraph\">Dias ap\u00f3s <a href=\"https:\/\/www.grandepremio.com\/br\/f1\/noticias\/lewis-hamilton-permanece-na-formula-1-e-renova-com-mercedes-ate-2023\/\">anunciar a extens\u00e3o de contrato com a Mercedes at\u00e9 o fim de 2023<\/a>, Lewis Hamilton abriu o jogo e revelou os motivos que o incentivaram a continuar na equipe de Brackley e na F\u00f3rmula 1. Animado com a disputa que trava com Max Verstappen e a Red Bull pelo t\u00edtulo do Mundial de 2021 e se sentindo mais unido \u00e0 Mercedes do que nunca, o heptacampe\u00e3o ressaltou que tem todos os motivos para ficar por mais alguns anos no grid.<\/p>\n\n\n\n<p class=\"wp-block-paragraph\">Aos 36 anos, Hamilton revelou que h\u00e1 tempos n\u00e3o se encontrava t\u00e3o animado com a categoria e com as disputas em pista. Lewis tamb\u00e9m revelou que a batalha contra a Red Bull e a situa\u00e7\u00e3o adversa da Mercedes no campeonato serviram para aproximar ainda mais todos dentro da equipe, o que cria um ambiente favor\u00e1vel para sua perman\u00eancia na F1.<\/p>\n\n\n\n<p class=\"wp-block-paragraph\">\u201cNo come\u00e7o da temporada, quando os carros estavam muito pr\u00f3ximos em rela\u00e7\u00e3o \u00e0 performance, quase iguais, foi o per\u00edodo mais animado que vivi nos \u00faltimos anos. Por ter essa batalha com a Red Bull. Honestamente, esperava que isso se manteria no restante do ano, mas, como podem ver, eles est\u00e3o bem \u00e0 frente. Sempre nos encontramos em diferentes momentos em nossas vidas. Por isso, \u00e9 importante tomar um tempo para avaliar a situa\u00e7\u00e3o\u201d, disse o piloto em entrevista veiculada pela revista brit\u00e2nica Autosport.<\/p>\n\n\n\n<p class=\"wp-block-paragraph\"><strong>Conhe\u00e7a o canal do Grande Pr\u00eamio no YouTube! Clique&nbsp;<a target=\"_blank\" href=\"https:\/\/youtube.com\/GrandePremioTV\" rel=\"noreferrer noopener\">aqui<\/a>.<br>Siga o Grande Pr\u00eamio no&nbsp;<a target=\"_blank\" href=\"https:\/\/twitter.com\/grandepremio\" rel=\"noreferrer noopener\">Twitter&nbsp;<\/a>e no&nbsp;<a target=\"_blank\" href=\"https:\/\/instagram.com\/grandepremio\" rel=\"noreferrer noopener\">Instagram<\/a>!<\/strong><\/p>\n\n\n\n<figure class=\"wp-block-image size-large\"><img decoding=\"async\" src=\"https:\/\/www.grandepremio.com\/br\/wp-content\/uploads\/2020\/05\/M272045-1024x683.jpg\" alt=\"LEWIS HAMILTON; TOTO WOLFF; MERCEDES;\" class=\"wp-image-488969\"\/><figcaption>A Mercedes, chefiada por Toto Wolff, renovou contrato com Lewis Hamilton at\u00e9 2023 (Foto: Mercedes)<\/figcaption><\/figure>\n\n\n\n<p class=\"wp-block-paragraph\">\u201c\u00c9 importante fazer o que \u00e9 certo para n\u00f3s em termos de sa\u00fade e bem estar mental. \u00c9 sempre positivo tirar um tempo para tentar refletir sobre o que est\u00e1 por vir. Me encontrei acordando j\u00e1 com o pensamento nas corridas. Ent\u00e3o, decidi continuar a correr\u201d, afirmou o piloto, reiterando sua fome por muito mais na F\u00f3rmula 1.<\/p>\n\n\n\n<p class=\"wp-block-paragraph\">\u201cE agora estamos tendo essa briga parelha, sim, e isso me aproximou da equipe, dos engenheiros. Amo isso. Acho que isso revigorou meu amor pelo esporte e pelo que fa\u00e7o\u201d, disse.<\/p>\n\n\n\n<p class=\"wp-block-paragraph\">Com foco total na luta social nos \u00faltimos anos, Hamilton se torna cada vez mais um s\u00edmbolo da luta antirracista, com o comando dos protestos do movimento \u2018Black Lives Matter\u2019 na F\u00f3rmula 1. <\/p>\n\n\n\n<p class=\"wp-block-paragraph\">Al\u00e9m do aspecto esportivo, o fato de a Mercedes dar total respaldo a causa e aos ideias do brit\u00e2nico, tendo inclusive trocado a tradicional pintura prata pelo preto nos \u00faltimos dois anos, incentivou o heptacampe\u00e3o mundial a continuar na equipe por pelo menos mais duas temporadas.<\/p>\n\n\n\n<figure class=\"wp-block-embed is-type-rich is-provider-spotify wp-block-embed-spotify wp-embed-aspect-21-9 wp-has-aspect-ratio\"><div class=\"wp-block-embed__wrapper\">\n<iframe title=\"Spotify Embed: Paddockast #110- Como chegaram ao fim as grandes dinastias da F\u00f3rmula 1?\" style=\"border-radius: 12px\" width=\"100%\" height=\"152\" frameborder=\"0\" allowfullscreen allow=\"autoplay; clipboard-write; encrypted-media; fullscreen; picture-in-picture\" loading=\"lazy\" src=\"https:\/\/open.spotify.com\/embed\/episode\/5oTwPHI92bnE3836qWDYLQ?utm_source=oembed\"><\/iframe>\n<\/div><\/figure>\n\n\n\n<p class=\"wp-block-paragraph\">\u201c\u00c9 incr\u00edvel ver o que a Mercedes anda fazendo, o apoio que eles me deram durante esse per\u00edodo com o \u2018Black Lives Matter\u2019, transformando todo o carro em preto pelo segundo ano seguido, em busca de criar um ambiente mais diverso e inclusivo\u201d, afirmou.<\/p>\n\n\n\n<p class=\"wp-block-paragraph\">\u201cAs conversas que temos s\u00e3o incr\u00edveis. \u00c9 maravilhoso, uma nova parte da jornada que come\u00e7amos. Com certeza, h\u00e1 alguns anos, s\u00f3 poderia sonhar em estar nessa posi\u00e7\u00e3o. Estou ansioso pelo que est\u00e1 por vir\u201d, finalizou Hamilton.<\/p>\n\n\n\n<figure class=\"wp-block-embed is-type-video is-provider-youtube wp-block-embed-youtube wp-embed-aspect-16-9 wp-has-aspect-ratio\"><div class=\"wp-block-embed__wrapper\">\n<iframe loading=\"lazy\" title=\"RESUMO DO GP DA \u00c1USTRIA F1 2021: MELHORES MOMENTOS E DESTAQUES\" width=\"500\" height=\"281\" src=\"https:\/\/www.youtube.com\/embed\/tVAMGW8jV6o?start=18&amp;feature=oembed\" frameborder=\"0\" allow=\"accelerometer; autoplay; clipboard-write; encrypted-media; gyroscope; picture-in-picture; web-share\" referrerpolicy=\"strict-origin-when-cross-origin\" allowfullscreen><\/iframe>\n<\/div><\/figure>\n","protected":false},"excerpt":{"rendered":"<p>Lewis Hamilton revela que disputa pelo t\u00edtulo com Max Verstappen, e o apoio da Mercedes ao movimento Black Lives Matter foram pontos decisivos para que a perman\u00eancia na F1 por mais dois anos<\/p>\n","protected":false},"author":0,"featured_media":1000489890,"comment_status":"closed","ping_status":"closed","sticky":false,"template":"","format":"standard","meta":{"42wp_featured_image_caption":"","42wp_featured_image_credits":"","42wp_featured_video":"","42wp_featured_image_hidden":false,"42wp_authors_list":[],"footnotes":""},"categories":[2],"tags":[24837,1285,87,203,82,204,150],"42wp_author":[47138],"class_list":["post-119561","post","type-post","status-publish","format-standard","has-post-thumbnail","hentry","category-f1","tag-formula-1-2","tag-formula-1-2021","tag-lewis-hamilton","tag-max-verstappen","tag-mercedes","tag-red-bull","tag-toto-wolff","42wp_author-lucascouto"],"_links":{"self":[{"href":"https:\/\/grandepremio.com\/br\/wp-json\/wp\/v2\/posts\/119561","targetHints":{"allow":["GET"]}}],"collection":[{"href":"https:\/\/grandepremio.com\/br\/wp-json\/wp\/v2\/posts"}],"about":[{"href":"https:\/\/grandepremio.com\/br\/wp-json\/wp\/v2\/types\/post"}],"replies":[{"embeddable":true,"href":"https:\/\/grandepremio.com\/br\/wp-json\/wp\/v2\/comments?post=119561"}],"version-history":[{"count":0,"href":"https:\/\/grandepremio.com\/br\/wp-json\/wp\/v2\/posts\/119561\/revisions"}],"wp:featuredmedia":[{"embeddable":true,"href":"https:\/\/grandepremio.com\/br\/wp-json\/wp\/v2\/media\/1000489890"}],"wp:attachment":[{"href":"https:\/\/grandepremio.com\/br\/wp-json\/wp\/v2\/media?parent=119561"}],"wp:term":[{"taxonomy":"category","embeddable":true,"href":"https:\/\/grandepremio.com\/br\/wp-json\/wp\/v2\/categories?post=119561"},{"taxonomy":"post_tag","embeddable":true,"href":"https:\/\/grandepremio.com\/br\/wp-json\/wp\/v2\/tags?post=119561"},{"taxonomy":"42wp_author","embeddable":true,"href":"https:\/\/grandepremio.com\/br\/wp-json\/wp\/v2\/42wp_author?post=119561"}],"curies":[{"name":"wp","href":"https:\/\/api.w.org\/{rel}","templated":true}]}}