{"id":119588,"date":"2021-07-06T08:16:41","date_gmt":"2021-07-06T11:16:41","guid":{"rendered":"https:\/\/grandepremio.com\/br\/noticias\/pierre-gasly-pede-nova-abordagem-alphatauri-estrategias-sofremos-um-pouco\/"},"modified":"2021-07-06T08:16:47","modified_gmt":"2021-07-06T11:16:47","slug":"pierre-gasly-pede-nova-abordagem-alphatauri-estrategias-sofremos-um-pouco","status":"publish","type":"post","link":"https:\/\/grandepremio.com\/br\/f1\/pierre-gasly-pede-nova-abordagem-alphatauri-estrategias-sofremos-um-pouco\/","title":{"rendered":"Gasly pede nova abordagem da AlphaTauri em estrat\u00e9gias: &#8220;Sofremos um pouco&#8221;"},"content":{"rendered":"\n<figure class=\"wp-block-video\"><video class=\"video-js vjs-big-play-centered\" data-gp-vjs=\"1\" controls src=\"https:\/\/www.grandepremio.com\/br\/wp-content\/uploads\/l-videos\/austria_v2.mp4\"><\/video><figcaption>Verstappen aplica novo dom\u00ednio e vence: os melhores momentos do GP da \u00c1ustria (GRANDE PR\u00caMIO com Reuters)<\/figcaption><\/figure>\n\n\n\n<p class=\"wp-block-paragraph\">Pierre Gasly largou na sexta posi\u00e7\u00e3o no GP da \u00c1ustria, mas terminou apenas em nono. Depois de largar com os pneus macios, o franc\u00eas foi um dos primeiros a fazer pit-stop na corrida do \u00faltima fim de semana, ficando preso no meio do pelot\u00e3o e, assim, perdendo a chance de pontuar melhor.<\/p>\n\n\n\n<p class=\"wp-block-paragraph\">Ap\u00f3s a corrida, o piloto da AlphaTauri analisou a estrat\u00e9gia adotada pela equipe e afirmou que a decis\u00e3o tomada antes da classifica\u00e7\u00e3o n\u00e3o foi a ideal e comparou com a do companheiro Yuki Tsunoda e da dupla da Aston Martin.<\/p>\n\n\n\n<p class=\"wp-block-paragraph\">&#8220;Pensamos que \u00edamos nos beneficiar um pouco mais com essas duas paradas, mas n\u00e3o foi o ideal. Olhando para a Aston Martin, com a mesma estrat\u00e9gia, para o Yuki [Tsunoda] e para mim mesmo, parece que sofremos um pouco mais. Mas ainda chegamos pr\u00f3ximos da Ferrari, que tiveram bom ritmo de corrida no \u00faltimo fim de semana&#8221;, afirmou Gasly.<\/p>\n\n\n\n<figure class=\"wp-block-image size-large\"><img decoding=\"async\" src=\"https:\/\/www.grandepremio.com\/br\/wp-content\/uploads\/2021\/07\/alphatauri-pierregasly-01-2-1024x576.jpg\" alt=\"\" class=\"wp-image-489501\"\/><figcaption>A AlphaTauri foi uma das grandes decep\u00e7\u00f5es no circuito austr\u00edaco (Foto: Red Bull Content Pool)<\/figcaption><\/figure>\n\n\n\n<p class=\"wp-block-paragraph\"><strong>LEIA TAMB\u00c9M<\/strong><br><strong><a href=\"https:\/\/www.grandepremio.com\/br\/f1\/noticias\/promotor-vacinacao-gp-de-sao-paulo-simbolo-da-retomada\/\">EXCLUSIVO: Promotor aposta em vacina\u00e7\u00e3o para tornar GP de S\u00e3o Paulo \u201cs\u00edmbolo da retomada\u201d<\/a><\/strong><br><strong><a href=\"https:\/\/www.grandepremio.com\/br\/f1\/noticias\/por-pandemia-gp-da-australia-cancelado-pelo-segundo-ano-consecutivo\/\">Por pandemia, GP da Austr\u00e1lia \u00e9 cancelado pelo segundo ano consecutivo<\/a><\/strong><\/p>\n\n\n\n<p class=\"wp-block-paragraph\">&#8220;Nos comprometemos na noite de sexta-feira. N\u00e3o sentimos que t\u00ednhamos ritmo para fazer isso [andar com os m\u00e9dios]. Em termos de estrat\u00e9gia, precisamos olhar mais os n\u00fameros e ver nossa abordagem durante o fim de semana&#8221;, acrescentou.<\/p>\n\n\n\n<p class=\"wp-block-paragraph\">Gasly ainda citou o desempenho de um rival para mostrar que a AlphaTauri poderia ter arriscado apenas uma parada nos boxes no Red Bull Ring.<\/p>\n\n\n\n<p class=\"wp-block-paragraph\">&#8220;A McLaren fez isso funcionar, o Daniel [Ricciardo] largou em 13\u00ba e conseguiu recuperar bem com um pit-stop. Depois de cinco voltas, eu estava sofrendo com a traseira. Tentei alongar [com os pneus macios], mas n\u00e3o era realmente o composto para correr, ent\u00e3o mudei cedo para o duro&#8221;, finalizou.<\/p>\n\n\n\n<p class=\"wp-block-paragraph\"><strong>Conhe\u00e7a o canal do Grande Pr\u00eamio no YouTube! Clique\u00a0<a rel=\"noreferrer noopener\" href=\"https:\/\/youtube.com\/GrandePremioTV\" target=\"_blank\">aqui<\/a>.<br>Siga o Grande Pr\u00eamio no\u00a0<a rel=\"noreferrer noopener\" href=\"https:\/\/twitter.com\/grandepremio\" target=\"_blank\">Twitter\u00a0<\/a>e no\u00a0<a rel=\"noreferrer noopener\" href=\"https:\/\/instagram.com\/grandepremio\" target=\"_blank\">Instagram<\/a>!<\/strong><\/p>\n\n\n\n<figure class=\"wp-block-embed is-type-video is-provider-youtube wp-block-embed-youtube wp-embed-aspect-16-9 wp-has-aspect-ratio\"><div class=\"wp-block-embed__wrapper\">\n<iframe loading=\"lazy\" title=\"VERSTAPPEN AMASSA HAMILTON E MERCEDES NA \u00c1USTRIA. T\u00cdTULO DEFINIDO NA F1? | PADDOCK GP #246\" width=\"500\" height=\"281\" src=\"https:\/\/www.youtube.com\/embed\/CuMJn99SCEU?feature=oembed\" frameborder=\"0\" allow=\"accelerometer; autoplay; clipboard-write; encrypted-media; gyroscope; picture-in-picture; web-share\" referrerpolicy=\"strict-origin-when-cross-origin\" allowfullscreen><\/iframe>\n<\/div><\/figure>\n","protected":false},"excerpt":{"rendered":"<p>Depois de largar em sexto no GP da \u00c1ustria, Pierre Gasly terminou apenas em nono. Ap\u00f3s a corrida, o franc\u00eas questionou a decis\u00e3o da AlphaTauri de largar com os pneus macios e fazer dois pit-stops, pedindo uma mudan\u00e7a para as pr\u00f3ximas etapas<\/p>\n","protected":false},"author":0,"featured_media":1000489127,"comment_status":"closed","ping_status":"closed","sticky":false,"template":"","format":"standard","meta":{"42wp_featured_image_caption":"","42wp_featured_image_credits":"","42wp_featured_video":"","42wp_featured_image_hidden":false,"42wp_authors_list":[],"footnotes":""},"categories":[2],"tags":[524,147,156,24837,25536,24888,676,1763],"42wp_author":[47135],"class_list":["post-119588","post","type-post","status-publish","format-standard","has-post-thumbnail","hentry","category-f1","tag-alphatauri","tag-f1","tag-f1-2021","tag-formula-1-2","tag-formula-1-2021-2","tag-gp-da-austria-2","tag-pierre-gasly","tag-red-bull-ring","42wp_author-pedro-luis-cuenca"],"_links":{"self":[{"href":"https:\/\/grandepremio.com\/br\/wp-json\/wp\/v2\/posts\/119588","targetHints":{"allow":["GET"]}}],"collection":[{"href":"https:\/\/grandepremio.com\/br\/wp-json\/wp\/v2\/posts"}],"about":[{"href":"https:\/\/grandepremio.com\/br\/wp-json\/wp\/v2\/types\/post"}],"replies":[{"embeddable":true,"href":"https:\/\/grandepremio.com\/br\/wp-json\/wp\/v2\/comments?post=119588"}],"version-history":[{"count":0,"href":"https:\/\/grandepremio.com\/br\/wp-json\/wp\/v2\/posts\/119588\/revisions"}],"wp:featuredmedia":[{"embeddable":true,"href":"https:\/\/grandepremio.com\/br\/wp-json\/wp\/v2\/media\/1000489127"}],"wp:attachment":[{"href":"https:\/\/grandepremio.com\/br\/wp-json\/wp\/v2\/media?parent=119588"}],"wp:term":[{"taxonomy":"category","embeddable":true,"href":"https:\/\/grandepremio.com\/br\/wp-json\/wp\/v2\/categories?post=119588"},{"taxonomy":"post_tag","embeddable":true,"href":"https:\/\/grandepremio.com\/br\/wp-json\/wp\/v2\/tags?post=119588"},{"taxonomy":"42wp_author","embeddable":true,"href":"https:\/\/grandepremio.com\/br\/wp-json\/wp\/v2\/42wp_author?post=119588"}],"curies":[{"name":"wp","href":"https:\/\/api.w.org\/{rel}","templated":true}]}}