{"id":119589,"date":"2021-07-06T06:40:30","date_gmt":"2021-07-06T09:40:30","guid":{"rendered":"https:\/\/grandepremio.com\/br\/noticias\/motogp-cancela-gp-australia-mais-uma-vez-adiciona-nova-etapa-portimao\/"},"modified":"2021-07-06T06:45:10","modified_gmt":"2021-07-06T09:45:10","slug":"motogp-cancela-gp-australia-mais-uma-vez-adiciona-nova-etapa-portimao","status":"publish","type":"post","link":"https:\/\/grandepremio.com\/br\/motogp\/motogp-cancela-gp-australia-mais-uma-vez-adiciona-nova-etapa-portimao\/","title":{"rendered":"MotoGP cancela GP da Austr\u00e1lia mais uma vez e adiciona nova etapa em Portim\u00e3o"},"content":{"rendered":"\n<figure class=\"wp-block-video\"><video class=\"video-js vjs-big-play-centered\" data-gp-vjs=\"1\" controls src=\"https:\/\/www.grandepremio.com\/br\/wp-content\/uploads\/2021\/07\/2021_07_03_Supertrucks.mp4\"><\/video><figcaption>Briga entre pilotos no Super Trucks em Mid-Ohio (V\u00eddeo: SST)<\/figcaption><\/figure>\n\n\n\n<p class=\"wp-block-paragraph\">O calend\u00e1rio 2021 da MotoGP sofreu mais uma altera\u00e7\u00e3o nesta ter\u00e7a-feira (6). A Dorna, organizadora do Mundial de Motovelocidade, e a FIM [Federa\u00e7\u00e3o Internacional de Motociclismo] anunciaram que o GP da Austr\u00e1lia foi cancelado pelo segundo ano consecutivo. A decis\u00e3o foi por conta das restri\u00e7\u00f5es de entrada no pa\u00eds em raz\u00e3o da pandemia de Covid-19, sobretudo com o aumento de casos nos \u00faltimos dias por conta da chamada variante Delta.<\/p>\n\n\n\n<p class=\"wp-block-paragraph\">Em nota, a MotoGP afirma que espera retornar ao circuito de Phillip Island em 2022. A \u00faltima prova realizada na bela e veloz pista australiana foi em 2019, com vit\u00f3ria de Marc M\u00e1rquez.<\/p>\n\n\n\n<p class=\"wp-block-paragraph\">&#8220;Estamos muito decepcionados que, pelo segundo ano consecutivo, os f\u00e3s da MotoGP n\u00e3o v\u00e3o ver os melores pilotos do mundo competindo no maravilhoso circuito de Phillip Island, incluindo os australianos Jack Miller e Remy Gardner&#8221;, disse Paul Little, organizador da prova.<\/p>\n\n\n\n<figure class=\"wp-block-image size-large\"><img decoding=\"async\" src=\"https:\/\/www.grandepremio.com\/br\/wp-content\/uploads\/2021\/04\/DSC8459-1024x683.jpg\" alt=\"\" class=\"wp-image-464162\"\/><figcaption>Circuito de Portim\u00e3o vai receber mais uma corrida nesta temporada (Foto: Divulga\u00e7\u00e3o\/MotoGP)<\/figcaption><\/figure>\n\n\n\n<p class=\"wp-block-paragraph\"><strong>Conhe\u00e7a o canal do Grande Pr\u00eamio no\u00a0<a href=\"https:\/\/www.youtube.com\/GrandePremioTV\">YouTube<\/a>.<br>Siga o Grande Pr\u00eamio no\u00a0<a rel=\"noreferrer noopener\" href=\"https:\/\/twitter.com\/grandepremio\" target=\"_blank\">Twitter\u00a0<\/a>e no\u00a0<a rel=\"noreferrer noopener\" href=\"https:\/\/instagram.com\/grandepremio\" target=\"_blank\">Instagram<\/a>.<\/strong><\/p>\n\n\n\n<p class=\"wp-block-paragraph\">&#8220;Tamb\u00e9m estamos chateados por nossa equipe, fornecedores e parceiros, assim como pela comunidade de Phillip Island e pela ind\u00fastria do turismo que depende do aporte economico dado pelo evento&#8221;, completou.<\/p>\n\n\n\n<p class=\"wp-block-paragraph\">Com a sa\u00edda da Austr\u00e1lia, mudan\u00e7as foram feitas no calend\u00e1rio. Agora, o GP da Mal\u00e1sia foi antecipado em uma semana e ser\u00e1 disputado no dia 24 de outubro, logo ap\u00f3s a prova na Tail\u00e2ndia e fechando o breve tour asi\u00e1tico do Mundial de Motovelocidade em 2021.<\/p>\n\n\n\n<p class=\"wp-block-paragraph\">Uma segunda etapa no circuito de Portim\u00e3o, em Portugal, foi adicionada para o dia 7 de novembro. A pista do Algarve j\u00e1 recebeu uma prova em 2021, no dia 18 de abril, com vit\u00f3ria de Fabio Quartararo. A temporada, por fim, se encerra na semana seguida, em Val\u00eancia.<\/p>\n\n\n\n<p class=\"wp-block-paragraph\">No fim de junho, ainda na esteira da pandemia de Covid-19, a FIM (Federa\u00e7\u00e3o Internacional de Motociclismo) alterou a programa\u00e7\u00e3o da MotoGP ao remarcar o GP das Am\u00e9ricas, cancelar o GP do Jap\u00e3o e adiar o GP da Tail\u00e2ndia.<\/p>\n\n\n\n<h3 class=\"wp-block-heading\"><strong>MotoGP 2021, Calend\u00e1rio:<\/strong><\/h3>\n\n\n\n<figure class=\"wp-block-table\"><table><tbody><tr><td><strong>DATA<\/strong><\/td><td><strong>ETAPA<\/strong><\/td><td><strong>CIRCUITO<\/strong><\/td><\/tr><tr><td><strong>28\/3<\/strong><\/td><td>GP DO CATAR\u00b9<\/td><td>LOSAIL<\/td><\/tr><tr><td><strong>11\/4<\/strong><\/td><td>GP DE DOHA\u00b9<\/td><td>LOSAIL<\/td><\/tr><tr><td><strong>18\/4<\/strong><\/td><td>GP DE PORTUGAL<\/td><td>PORTIM\u00c3O<\/td><\/tr><tr><td><strong>2\/5<\/strong><\/td><td>GP DA ESPANHA<\/td><td>JEREZ DE LA FRONTERA<\/td><\/tr><tr><td><strong>16\/5<\/strong><\/td><td>GP DA FRAN\u00c7A<\/td><td>LE MANS<\/td><\/tr><tr><td><strong>30\/5<\/strong><\/td><td>GP DA IT\u00c1LIA<\/td><td>MUGELLO<\/td><\/tr><tr><td><strong>6\/6<\/strong><\/td><td>GP DA CATALUNHA<\/td><td>MONTMEL\u00d3<\/td><\/tr><tr><td><strong>20\/6<\/strong><\/td><td>GP DA ALEMANHA<\/td><td>SACHSENRING<\/td><\/tr><tr><td><strong>27\/6<\/strong><\/td><td>GP DA HOLANDA<\/td><td>ASSEN<\/td><\/tr><tr><td><strong>8\/8<\/strong><\/td><td>GP DA EST\u00cdRIA<\/td><td>RED BULL RING<\/td><\/tr><tr><td><strong>15\/8<\/strong><\/td><td>GP DA \u00c1USTRIA<\/td><td>RED BULL RING<\/td><\/tr><tr><td><strong>29\/8<\/strong><\/td><td>GP DA GR\u00c3-BRETANHA<\/td><td>SILVERSTONE<\/td><\/tr><tr><td><strong>12\/9<\/strong><\/td><td>GP DE ARAG\u00c3O<\/td><td>MOTORLAND<\/td><\/tr><tr><td><strong>19\/9<\/strong><\/td><td>GP DE SAN MARINO E DA RIVIERA DE RIMINI<\/td><td>MISANO<\/td><\/tr><tr><td><strong>3\/10<\/strong><\/td><td>GP DAS AM\u00c9RICAS<\/td><td>AUSTIN<\/td><\/tr><tr><td><strong>17\/10<\/strong><\/td><td>GP DA TAIL\u00c2NDIA<\/td><td>BURIRAM<\/td><\/tr><tr><td><strong>24\/10<\/strong><\/td><td>GP DA MAL\u00c1SIA<\/td><td>SEPANG<\/td><\/tr><tr><td>7\/11<\/td><td>GP DO ALGARVE<\/td><td>PORTIM\u00c3O<\/td><\/tr><tr><td><strong>14\/11<\/strong><\/td><td>GP DA COMUNIDADE VALENCIANA<\/td><td>RICARDO TORMO<\/td><\/tr><\/tbody><\/table><figcaption>\u00b9 Corrida noturna<\/figcaption><\/figure>\n","protected":false},"excerpt":{"rendered":"<p>A pandemia de Covid-19 for\u00e7ou a MotoGP a mudar mais uma vez o calend\u00e1rio da temporada 2021. Sai o GP da Austr\u00e1lia pelo segundo ano seguido, entra o GP do Algarve, em Portugal<\/p>\n","protected":false},"author":0,"featured_media":1000473577,"comment_status":"closed","ping_status":"closed","sticky":false,"template":"","format":"standard","meta":{"42wp_featured_image_caption":"","42wp_featured_image_credits":"","42wp_featured_video":"","42wp_featured_image_hidden":false,"42wp_authors_list":[],"footnotes":""},"categories":[8],"tags":[24858,25260,28517,79,78,490,24850,25819,24830,2749,26690,25065,1107],"42wp_author":[47135],"class_list":["post-119589","post","type-post","status-publish","format-standard","has-post-thumbnail","hentry","category-motogp","tag-covid-19","tag-gp-da-australia-2","tag-gp-do-algarve","tag-moto-gp","tag-motogp","tag-motogp-2021","tag-motogp-fox-sports","tag-motogp-hoje","tag-pandemia","tag-phillip-island","tag-pilotos-motogp","tag-portimao-2","tag-portugal","42wp_author-pedro-luis-cuenca"],"_links":{"self":[{"href":"https:\/\/grandepremio.com\/br\/wp-json\/wp\/v2\/posts\/119589","targetHints":{"allow":["GET"]}}],"collection":[{"href":"https:\/\/grandepremio.com\/br\/wp-json\/wp\/v2\/posts"}],"about":[{"href":"https:\/\/grandepremio.com\/br\/wp-json\/wp\/v2\/types\/post"}],"replies":[{"embeddable":true,"href":"https:\/\/grandepremio.com\/br\/wp-json\/wp\/v2\/comments?post=119589"}],"version-history":[{"count":0,"href":"https:\/\/grandepremio.com\/br\/wp-json\/wp\/v2\/posts\/119589\/revisions"}],"wp:featuredmedia":[{"embeddable":true,"href":"https:\/\/grandepremio.com\/br\/wp-json\/wp\/v2\/media\/1000473577"}],"wp:attachment":[{"href":"https:\/\/grandepremio.com\/br\/wp-json\/wp\/v2\/media?parent=119589"}],"wp:term":[{"taxonomy":"category","embeddable":true,"href":"https:\/\/grandepremio.com\/br\/wp-json\/wp\/v2\/categories?post=119589"},{"taxonomy":"post_tag","embeddable":true,"href":"https:\/\/grandepremio.com\/br\/wp-json\/wp\/v2\/tags?post=119589"},{"taxonomy":"42wp_author","embeddable":true,"href":"https:\/\/grandepremio.com\/br\/wp-json\/wp\/v2\/42wp_author?post=119589"}],"curies":[{"name":"wp","href":"https:\/\/api.w.org\/{rel}","templated":true}]}}