{"id":119590,"date":"2021-07-06T06:37:16","date_gmt":"2021-07-06T09:37:16","guid":{"rendered":"https:\/\/grandepremio.com\/br\/noticias\/carlos-reutemann-sofre-piora-e-tem-estado-de-saude-muito-complicado\/"},"modified":"2021-07-06T06:37:26","modified_gmt":"2021-07-06T09:37:26","slug":"carlos-reutemann-sofre-piora-e-tem-estado-de-saude-muito-complicado","status":"publish","type":"post","link":"https:\/\/grandepremio.com\/br\/f1\/carlos-reutemann-sofre-piora-e-tem-estado-de-saude-muito-complicado\/","title":{"rendered":"Reutemann sofre piora e tem estado de sa\u00fade \u201cmuito complicado\u201d, revela sobrinho"},"content":{"rendered":"\n<figure class=\"wp-block-video\"><video class=\"video-js vjs-big-play-centered\" data-gp-vjs=\"1\" controls src=\"https:\/\/www.grandepremio.com\/br\/wp-content\/uploads\/l-videos\/austria_v2.mp4\"><\/video><figcaption>Verstappen aplica novo dom\u00ednio e vence: os melhores momentos do GP da \u00c1ustria (GRANDE PR\u00caMIO com Reuters)<\/figcaption><\/figure>\n\n\n\n<p class=\"wp-block-paragraph\">O estado de sa\u00fade de Carlos Reutemann, vice-campe\u00e3o mundial de F1 em 1981 e atualmente senador na Argentina pela prov\u00edncia de Santa Fe, se agravou severamente nas \u00faltimas horas. A informa\u00e7\u00e3o \u00e9 do jornal Clar\u00edn, que traz tamb\u00e9m a declara\u00e7\u00e3o de um dos sobrinhos de \u2018Lole\u2019, Federico Reutemann, que falou sobre o estado de sa\u00fade \u201cmuito complicado\u201d do tio. \u201cEst\u00e1 muito mal\u201d, disse. Carlos tem 79 anos.<\/p>\n\n\n\n<p class=\"wp-block-paragraph\">Reutemann tem enfrentado uma batalha que se iniciou em 5 de maio. I<a href=\"https:\/\/www.grandepremio.com\/br\/f1\/noticias\/reutemann-e-internado-em-uti-de-hospital-na-argentina-com-quadro-de-anemia\/\">nicialmente, foi detectado um quadro de anemia, eventual consequ\u00eancia de uma opera\u00e7\u00e3o para tratar de um c\u00e2ncer no f\u00edgado durante cirurgia de cerca de sete horas em 2017 em Nova York<\/a>.<\/p>\n\n\n\n<p class=\"wp-block-paragraph\">Mas o estado de sa\u00fade de \u2018Lole\u2019 se agravou em raz\u00e3o de uma hemorragia digestiva. <a href=\"https:\/\/www.grandepremio.com\/br\/f1\/noticias\/carlos-reutemann-tem-piora-em-estado-de-saude-e-e-transferido-para-rosario\/\">Transferido de Santa Fe para Rosario, o ex-piloto e pol\u00edtico chegou a ser internado na UTI<\/a>, mas apresentou <a href=\"https:\/\/www.grandepremio.com\/br\/f1\/noticias\/carlos-reutemann-se-recupera-e-recebe-alta-de-hospital-em-rosario\/\">melhora progressiva e recebeu alta m\u00e9dica no dia 21 do quinto m\u00eas<\/a>.<\/p>\n\n\n\n<p class=\"wp-block-paragraph\"><strong>LEIA TAMB\u00c9M<\/strong><br><strong><a href=\"https:\/\/www.grandepremio.com\/br\/f1\/noticias\/promotor-vacinacao-gp-de-sao-paulo-simbolo-da-retomada\/\">EXCLUSIVO: Promotor aposta em vacina\u00e7\u00e3o para tornar GP de S\u00e3o Paulo de\u00a0<\/a><a href=\"https:\/\/www.grandepremio.com\/br\/f1\/\" target=\"_blank\" rel=\"noreferrer noopener\">F1\u00a0<\/a><a href=\"https:\/\/www.grandepremio.com\/br\/f1\/noticias\/promotor-vacinacao-gp-de-sao-paulo-simbolo-da-retomada\/\">\u201cs\u00edmbolo da retomada\u201d<\/a><\/strong><\/p>\n\n\n\n<figure class=\"wp-block-image size-large\"><img decoding=\"async\" src=\"https:\/\/www.grandepremio.com\/br\/wp-content\/uploads\/2021\/07\/E5mR1FjXEAM46dS.jpg\" alt=\"CARLOS REUTEMANN; ARGENTINA;\" class=\"wp-image-489876\"\/><figcaption>Carlos Reutemann teve piora no seu estado de sa\u00fade (Foto: Divulga\u00e7\u00e3o)<\/figcaption><\/figure>\n\n\n\n<p class=\"wp-block-paragraph\"><strong>Conhe\u00e7a o canal do Grande Pr\u00eamio no YouTube! Clique\u00a0<a rel=\"noreferrer noopener\" href=\"https:\/\/youtube.com\/GrandePremioTV\" target=\"_blank\">aqui<\/a>.<br>Siga o Grande Pr\u00eamio no\u00a0<a rel=\"noreferrer noopener\" href=\"https:\/\/twitter.com\/grandepremio\" target=\"_blank\">Twitter\u00a0<\/a>e no\u00a0<a rel=\"noreferrer noopener\" href=\"https:\/\/instagram.com\/grandepremio\" target=\"_blank\">Instagram<\/a>!<\/strong><\/p>\n\n\n\n<p class=\"wp-block-paragraph\">Entretanto, apenas duas semanas depois de ter recebido alta, Reutemann voltou \u00e0 <a href=\"https:\/\/www.grandepremio.com\/br\/f1\/noticias\/desidratado-e-febre-carlos-reutemann-volta-a-uti-argentina-duas-semanas-apos-alta\/\">UTI do Sanatorio Santa Fe com quadro de desidrata\u00e7\u00e3o e febre<\/a>.<\/p>\n\n\n\n<p class=\"wp-block-paragraph\">Antes do agravamento do estado de sa\u00fade, Carlos teve em seu entorno um grande conflito familiar. Uma das filhas de Carlos, Cora Reutemann, chegou a publicar no Twitter que a atual esposa do ex-piloto, Ver\u00f3nica Ghio, bloqueou Cora e Mariana, a filha mais velha de Reutemann, do WhatsApp e impediu qualquer tipo de comunica\u00e7\u00e3o com o pai.<\/p>\n\n\n\n<p class=\"wp-block-paragraph\">\u201cLamentavelmente tenho de escrever um tweet porque n\u00e3o tenho not\u00edcias do meu pai desde que ele saiu do hospital. N\u00e3o atende seu celular, n\u00e3o atende \u00e0 porta, e Veronica Ghio bloqueou a mim e minha irm\u00e3\u201d, escreveu Cora.<\/p>\n\n\n\n<p class=\"wp-block-paragraph\">\u201cEspero not\u00edcias o quanto antes e, caso n\u00e3o seja assim, vou entrar com a\u00e7\u00f5es judiciais. Sempre tratei Ver\u00f3nica com respeito e nos d\u00e1vamos relativamente bem, mas \u00e9 a segunda vez que ela tem essa atitude, e sempre depois de um tema relacionado a sa\u00fade. Da primeira vez, deixei passar, mas desta vez \u00e9 um bocado abusivo. Ainda sem not\u00edcias\u201d, postou a filha mais velha de \u2018Lole\u2019 no \u00faltimo dia 27 de maio.<\/p>\n\n\n\n<p class=\"wp-block-paragraph\">Entretanto, os conflitos ficaram para tr\u00e1s. Segundo o Clar\u00edn, Reutemann tem toda a fam\u00edlia \u00e0 sua volta e, na \u00faltima segunda-feira, esteve ao lado dos seus filhos e da atual esposa. Inclusive, Carlos pode ver seu neto.<\/p>\n\n\n\n<p class=\"wp-block-paragraph\">Cora Reutemann confirmou \u00e0 publica\u00e7\u00e3o que tem acompanhado de perto o pai, mas n\u00e3o deu maiores detalhes sobre o estado de sa\u00fade de Reutemann. O hospital, que continuamente vinha divulgando boletins m\u00e9dicos sobre a condi\u00e7\u00e3o cl\u00ednica de Carlos, h\u00e1 algum tempo n\u00e3o se pronuncia sobre o ex-piloto e senador argentino.<\/p>\n\n\n\n<p class=\"wp-block-paragraph\">Atualmente, Reutemann est\u00e1 em seu \u00faltimo ano de mandato como senador pelo partido Cambiemos e n\u00e3o deve concorrer novamente.<\/p>\n\n\n\n<figure class=\"wp-block-embed is-type-video is-provider-youtube wp-block-embed-youtube wp-embed-aspect-16-9 wp-has-aspect-ratio\"><div class=\"wp-block-embed__wrapper\">\n<iframe loading=\"lazy\" title=\"VERSTAPPEN AMASSA HAMILTON E MERCEDES NA \u00c1USTRIA. T\u00cdTULO DEFINIDO NA F1? | PADDOCK GP #246\" width=\"500\" height=\"281\" src=\"https:\/\/www.youtube.com\/embed\/CuMJn99SCEU?feature=oembed\" frameborder=\"0\" allow=\"accelerometer; autoplay; clipboard-write; encrypted-media; gyroscope; picture-in-picture; web-share\" referrerpolicy=\"strict-origin-when-cross-origin\" allowfullscreen><\/iframe>\n<\/div><\/figure>\n","protected":false},"excerpt":{"rendered":"<p>Vice-campe\u00e3o mundial de F\u00f3rmula 1, Carlos Reutemann foi internado novamente em 30 de maio e, desde ent\u00e3o, seu quadro cl\u00ednico se agravou progressivamente. Segundo Federico Reutemann, sobrinho do ex-piloto e pol\u00edtico local, \u2018Lole\u2019 est\u00e1 \u201cmuito mal\u201d<\/p>\n","protected":false},"author":0,"featured_media":1000471384,"comment_status":"closed","ping_status":"closed","sticky":false,"template":"","format":"standard","meta":{"42wp_featured_image_caption":"","42wp_featured_image_credits":"","42wp_featured_video":"","42wp_featured_image_hidden":false,"42wp_authors_list":[],"footnotes":""},"categories":[2],"tags":[179,2838,147,156,24837,25536,24836],"42wp_author":[47110],"class_list":["post-119590","post","type-post","status-publish","format-standard","has-post-thumbnail","hentry","category-f1","tag-argentina","tag-carlos-reutemann","tag-f1","tag-f1-2021","tag-formula-1-2","tag-formula-1-2021-2","tag-grande-premio-2","42wp_author-fernando-silva"],"_links":{"self":[{"href":"https:\/\/grandepremio.com\/br\/wp-json\/wp\/v2\/posts\/119590","targetHints":{"allow":["GET"]}}],"collection":[{"href":"https:\/\/grandepremio.com\/br\/wp-json\/wp\/v2\/posts"}],"about":[{"href":"https:\/\/grandepremio.com\/br\/wp-json\/wp\/v2\/types\/post"}],"replies":[{"embeddable":true,"href":"https:\/\/grandepremio.com\/br\/wp-json\/wp\/v2\/comments?post=119590"}],"version-history":[{"count":0,"href":"https:\/\/grandepremio.com\/br\/wp-json\/wp\/v2\/posts\/119590\/revisions"}],"wp:featuredmedia":[{"embeddable":true,"href":"https:\/\/grandepremio.com\/br\/wp-json\/wp\/v2\/media\/1000471384"}],"wp:attachment":[{"href":"https:\/\/grandepremio.com\/br\/wp-json\/wp\/v2\/media?parent=119590"}],"wp:term":[{"taxonomy":"category","embeddable":true,"href":"https:\/\/grandepremio.com\/br\/wp-json\/wp\/v2\/categories?post=119590"},{"taxonomy":"post_tag","embeddable":true,"href":"https:\/\/grandepremio.com\/br\/wp-json\/wp\/v2\/tags?post=119590"},{"taxonomy":"42wp_author","embeddable":true,"href":"https:\/\/grandepremio.com\/br\/wp-json\/wp\/v2\/42wp_author?post=119590"}],"curies":[{"name":"wp","href":"https:\/\/api.w.org\/{rel}","templated":true}]}}