{"id":119591,"date":"2021-07-06T04:46:00","date_gmt":"2021-07-06T07:46:00","guid":{"rendered":"https:\/\/grandepremio.com\/br\/noticias\/por-pandemia-gp-da-australia-cancelado-pelo-segundo-ano-consecutivo\/"},"modified":"2021-07-06T04:46:45","modified_gmt":"2021-07-06T07:46:45","slug":"por-pandemia-gp-da-australia-cancelado-pelo-segundo-ano-consecutivo","status":"publish","type":"post","link":"https:\/\/grandepremio.com\/br\/f1\/por-pandemia-gp-da-australia-cancelado-pelo-segundo-ano-consecutivo\/","title":{"rendered":"Por pandemia, GP da Austr\u00e1lia de F\u00f3rmula 1 \u00e9 cancelado pelo segundo ano consecutivo"},"content":{"rendered":"\n<figure class=\"wp-block-video\"><video class=\"video-js vjs-big-play-centered\" data-gp-vjs=\"1\" controls src=\"https:\/\/www.grandepremio.com\/br\/wp-content\/uploads\/l-videos\/austria_v2.mp4\"><\/video><figcaption>Verstappen aplica novo dom\u00ednio e vence: os melhores momentos do GP da \u00c1ustria (GRANDE PR\u00caMIO com Reuters)<\/figcaption><\/figure>\n\n\n\n<p class=\"wp-block-paragraph\">O GP da Austr\u00e1lia de F\u00f3rmula 1 est\u00e1 oficialmente fora do calend\u00e1rio. Marcado para acontecer no circuito de Albert Park, em Melbourne, no dia 21 de novembro, a prova foi cancelada por conta das restri\u00e7\u00f5es de entrada no pa\u00eds por conta da Covid-19, sobretudo em raz\u00e3o do aumento de casos nos \u00faltimos dias por conta da chamada variante Delta. O an\u00fancio oficial foi feito na madrugada desta ter\u00e7a-feira (6), madrugada no Brasil e tarde na Austr\u00e1lia, pelo governo de Victoria, estado onde est\u00e1 localizada a cidade de Melbourne. <\/p>\n\n\n\n<p class=\"wp-block-paragraph\">O mesmo se aplica tamb\u00e9m \u00e0 etapa australiana da MotoGP, que estava agendada para 24 de outubro. A Dorna, empresa respons\u00e1vel pela promo\u00e7\u00e3o e organiza\u00e7\u00e3o do Mundial de Motovelocidade, j\u00e1 definiu uma segunda corrida em Portim\u00e3o, Portugal, para ocupar a lacuna deixada por Phillip Island.<\/p>\n\n\n\n<p class=\"wp-block-paragraph\">Cancelado \u00e0s v\u00e9speras do primeiro treino livre em 2020, justamente no momento em que a pandemia tomava conta do mundo, o GP da Austr\u00e1lia retornaria ao calend\u00e1rio inicialmente no dia 21 de mar\u00e7o, como abertura da temporada. Por\u00e9m, pelas dificuldades de entrada no pa\u00eds e a obriga\u00e7\u00e3o de uma quarentena de 14 dias para toda pessoa que desembarque no pa\u00eds, a solu\u00e7\u00e3o encontrada pela categoria foi realocar a prova para uma data em novembro. Tal cen\u00e1rio tamb\u00e9m fez com que o GP de S\u00e3o Paulo fosse antecipado em uma semana, do dia 15 para 7 do 11\u00ba m\u00eas.<\/p>\n\n\n\n<p class=\"wp-block-paragraph\"><strong>LEIA TAMB\u00c9M<\/strong><br><strong><a href=\"https:\/\/www.grandepremio.com\/br\/f1\/noticias\/promotor-vacinacao-gp-de-sao-paulo-simbolo-da-retomada\/\">EXCLUSIVO: Promotor aposta em vacina\u00e7\u00e3o para tornar GP de S\u00e3o Paulo de F1 \u201cs\u00edmbolo da retomada\u201d<\/a><\/strong><\/p>\n\n\n\n<figure class=\"wp-block-image size-large\"><img decoding=\"async\" src=\"https:\/\/www.grandepremio.com\/br\/wp-content\/uploads\/2021\/07\/E4cyrNmVcBIeOAd-1024x549.jpg\" alt=\"ALBERT PARK; GP DA AUSTR\u00c1LIA; F\u00d3RMULA 1;\" class=\"wp-image-489866\"\/><figcaption>Albert Park passa por reformas, mas GP da Austr\u00e1lia de F1 foi oficialmente cancelado (Foto: Australian Grand Prix)<\/figcaption><\/figure>\n\n\n\n<p class=\"wp-block-paragraph\"><strong>Conhe\u00e7a o canal do Grande Pr\u00eamio no YouTube! Clique\u00a0<a rel=\"noreferrer noopener\" href=\"https:\/\/youtube.com\/GrandePremioTV\" target=\"_blank\">aqui<\/a>.<br>Siga o Grande Pr\u00eamio no\u00a0<a rel=\"noreferrer noopener\" href=\"https:\/\/twitter.com\/grandepremio\" target=\"_blank\">Twitter\u00a0<\/a>e no\u00a0<a rel=\"noreferrer noopener\" href=\"https:\/\/instagram.com\/grandepremio\" target=\"_blank\">Instagram<\/a>!<\/strong><\/p>\n\n\n\n<p class=\"wp-block-paragraph\">Em maio, o primeiro-ministro australiano, Scott Morrison, j\u00e1 tinha comentado sobre a possibilidade de cancelamento da corrida por conta das restri\u00e7\u00f5es de entrada no pa\u00eds. \u201cPodemos observar que vir para a Austr\u00e1lia \u00e9 muito diferente de ir para a maioria dos pa\u00edses em que acontece [a F1]. A Covid se alastrou nesses pa\u00edses de maneira que n\u00e3o se alastrou na Austr\u00e1lia\u201d, <a href=\"https:\/\/www.grandepremio.com\/br\/f1\/noticias\/primeiro-ministro-volta-a-colocar-gp-da-australia-em-xeque-nao-vou-arriscar-vidas\/\">disse<\/a>.<\/p>\n\n\n\n<p class=\"wp-block-paragraph\">Por\u00e9m, a organiza\u00e7\u00e3o da corrida e o governo do estado de Victoria n\u00e3o chegaram a um acordo para remover o per\u00edodo de quarentena aos pilotos, equipes e staff da F\u00f3rmula 1. O per\u00edodo de isolamento obrigat\u00f3rio de duas semanas poderia prejudicar o GP de S\u00e3o Paulo, marcado para 7 de novembro, ou o GP da Ar\u00e1bia Saudita, agendado para 5 de dezembro.<\/p>\n\n\n\n<p class=\"wp-block-paragraph\">Segundo informa\u00e7\u00f5es do site Our World in Data, cerca de 8,2 milh\u00f5es de doses de vacina contra Covid-19 foram aplicadas na Austr\u00e1lia, com 1,86 milh\u00f5es de pessoas totalmente vacinadas, o que representa 7,3% da popula\u00e7\u00e3o australiana. A \u00faltima morte pelo v\u00edrus no pa\u00eds, um dos exemplos em todo o mundo no combate \u00e0 pandemia, foi registrada no dia 13 de abril.<\/p>\n\n\n\n<p class=\"wp-block-paragraph\">O segundo cancelamento seguido do GP da Austr\u00e1lia chega como uma ducha d&#8217;\u00e1gua fria na organiza\u00e7\u00e3o do evento, <a href=\"https:\/\/www.grandepremio.com\/br\/f1\/noticias\/gp-da-australia-mudancas-albert-park-volta-5s-mais-rapida\/\">que conduz o estado avan\u00e7ado das reformas no circuito de Albert Park<\/a>. Em abril, os promotores da prova, em conjunto com a F\u00f3rmula 1, anunciaram as primeiras etapas da reforma em trechos da pista e trouxeram \u00e0 baila a previs\u00e3o de tempos de volta cerca de 5s mais r\u00e1pidos.<\/p>\n\n\n\n<p class=\"wp-block-paragraph\">Pouco depois, Daniel Ricciardo, \u00fanico australiano no grid da F\u00f3rmula 1, disse recentemente que n\u00e3o visita seu pa\u00eds-natal h\u00e1 mais de um ano. Tudo em raz\u00e3o das restri\u00e7\u00f5es de acesso por conta da pandemia. H\u00e1 meses, o piloto da McLaren <a href=\"https:\/\/www.grandepremio.com\/br\/f1\/noticias\/ricciardo-ve-gp-de-sao-paulo-incerto-por-pandemia-e-propoe-rodada-dupla-na-australia\/\">chegou a sugerir uma rodada dupla em Melbourne como alternativa a um eventual cancelamento do GP de S\u00e3o Paulo<\/a>.<\/p>\n\n\n\n<figure class=\"wp-block-image size-large\"><img decoding=\"async\" src=\"https:\/\/www.grandepremio.com\/br\/wp-content\/uploads\/2020\/03\/2020312655357_ferrari-melbourne-01_DMa.jpg\" alt=\"\" class=\"wp-image-375217\"\/><figcaption>GP da Austr\u00e1lia n\u00e3o acontecer\u00e1 em 2021 (Foto: Ferrari)<\/figcaption><\/figure>\n\n\n\n<p class=\"wp-block-paragraph\">Em comunicado, na esteira do cancelamento da prova em Melbourne, a F\u00f3rmula 1 lamentou por n\u00e3o ir \u00e0 Oceania em 2021 e refor\u00e7ou sua principal prioridade para 2021. \u201cEmbora seja decepcionante n\u00e3o corrermos na Austr\u00e1lia nesta temporada, estamos confiantes de que podemos entregar uma temporada de 23 corridas em 2021 e temos uma s\u00e9rie de op\u00e7\u00f5es a seguir para substituir a vaga deixada pelo GP da Austr\u00e1lia\u201d.<\/p>\n\n\n\n<p class=\"wp-block-paragraph\">\u201cEstaremos trabalhando nos detalhes dessas op\u00e7\u00f5es nas pr\u00f3ximas semanas e forneceremos mais atualiza\u00e7\u00f5es assim que essas discuss\u00f5es forem conclu\u00eddas\u201d, completou a categoria.<\/p>\n\n\n\n<p class=\"wp-block-paragraph\">Promotor do GP da Austr\u00e1lia, Andrew Westacott, garantiu que a MotoGP e a F\u00f3rmula 1 estar\u00e3o de volta a Melbourne muito em breve.<\/p>\n\n\n\n<p class=\"wp-block-paragraph\">\u201cEntendemos que esta n\u00e3o \u00e9 a not\u00edcia que os f\u00e3s da MotoGP e da F1 queriam ouvir. Gostaria de estender meus agradecimentos ao Governo de Victoria, \u00e0 F1 e \u00e0 Dorna Sports pela resist\u00eancia e apoio inabal\u00e1veis durante este per\u00edodo desafiador e por seu compromisso cont\u00ednuo com esses dois grandes eventos\u201d, disse.<\/p>\n\n\n\n<p class=\"wp-block-paragraph\">\u201cCertamente, haver\u00e1 desafios cont\u00ednuos com a Covid-19, mas quero tranquilizar os f\u00e3s que, embora haja tristeza e decep\u00e7\u00e3o entre a nossa maravilhosa equipe da Australian Grand Prix Corporation, h\u00e1 determina\u00e7\u00e3o para garantir que as pr\u00f3ximas etapas da MotoGP na ilha e da F1 no novo layout de Albert Park s\u00e3o amostras sensacionais de como fazemos as coisas em Victoria\u201d, completou.<\/p>\n\n\n\n<p class=\"wp-block-paragraph\">No comunicado emitido pela organiza\u00e7\u00e3o do GP da Austr\u00e1lia, Ricciardo falou justamente sobre a saudade que sente de correr em casa.<\/p>\n\n\n\n<p class=\"wp-block-paragraph\">\u201c\u00c9 uma grande decep\u00e7\u00e3o para todos os pilotos n\u00e3o irmos \u00e0 Austr\u00e1lia em novembro, mas compreendemos os motivos. Para mim, pessoalmente, mal posso esperar para ter a chance de correr em casa novamente, e ser\u00e1 ainda mais legal quando o fizermos, porque j\u00e1 faz bastante tempo. Torcendo para as coisas mudarem em 2022 e vermos os f\u00e3s incr\u00edveis no Albert Park novamente e entregar um grande espet\u00e1culo para eles\u201d, declarou o piloto da McLaren.<\/p>\n\n\n\n<p class=\"wp-block-paragraph\">Dentre as alternativas <a href=\"https:\/\/www.grandepremio.com\/br\/f1\/noticias\/f1-cogita-rodada-dupla-austin-indianapolis-catar-se-gp-no-brasil-for-cancelado\/\">consideradas plaus\u00edveis pela F\u00f3rmula 1, segundo reportado recentemente pela revista alem\u00e3 Auto Motor und Sport<\/a>, est\u00e1 uma segunda corrida no Circuito das Am\u00e9ricas, em Austin, nos Estados Unidos, o retorno da F\u00f3rmula 1 \u00e0 Mal\u00e1sia ou at\u00e9 mesmo o regresso a Xangai com o GP da China, que estava programado para o come\u00e7o do ano, mas jamais chegou a ser considerado oficialmente canelado. Uma outra alternativa citada pela publica\u00e7\u00e3o \u00e9 uma corrida no Catar, mais precisamente no circuito de Losail, tradicional palco da MotoGP.<\/p>\n\n\n\n<figure class=\"wp-block-embed is-type-video is-provider-youtube wp-block-embed-youtube wp-embed-aspect-16-9 wp-has-aspect-ratio\"><div class=\"wp-block-embed__wrapper\">\n<iframe loading=\"lazy\" title=\"VERSTAPPEN AMASSA HAMILTON E MERCEDES NA \u00c1USTRIA. T\u00cdTULO DEFINIDO NA F1? | PADDOCK GP #246\" width=\"500\" height=\"281\" src=\"https:\/\/www.youtube.com\/embed\/CuMJn99SCEU?feature=oembed\" frameborder=\"0\" allow=\"accelerometer; autoplay; clipboard-write; encrypted-media; gyroscope; picture-in-picture; web-share\" referrerpolicy=\"strict-origin-when-cross-origin\" allowfullscreen><\/iframe>\n<\/div><figcaption>VERSTAPPEN AMASSA HAMILTON E MERCEDES NA \u00c1USTRIA. T\u00cdTULO DEFINIDO NA F1? | PADDOCK GP&nbsp;<a href=\"https:\/\/www.youtube.com\/hashtag\/246\">#246<\/a><\/figcaption><\/figure>\n","protected":false},"excerpt":{"rendered":"<p>Ap\u00f3s ser adiado de mar\u00e7o para novembro, GP da Austr\u00e1lia de F\u00f3rmula 1 foi oficialmente cancelado. Prova seria a antepen\u00faltima do calend\u00e1rio de 2021<\/p>\n","protected":false},"author":0,"featured_media":1000489865,"comment_status":"closed","ping_status":"closed","sticky":false,"template":"","format":"standard","meta":{"42wp_featured_image_caption":"","42wp_featured_image_credits":"","42wp_featured_video":"","42wp_featured_image_hidden":false,"42wp_authors_list":[],"footnotes":""},"categories":[2],"tags":[4346,24858,147,156,25536,25260,1757],"42wp_author":[47119],"class_list":["post-119591","post","type-post","status-publish","format-standard","has-post-thumbnail","hentry","category-f1","tag-albert-park","tag-covid-19","tag-f1","tag-f1-2021","tag-formula-1-2021-2","tag-gp-da-australia-2","tag-melbourne","42wp_author-gabriel-carvalho"],"_links":{"self":[{"href":"https:\/\/grandepremio.com\/br\/wp-json\/wp\/v2\/posts\/119591","targetHints":{"allow":["GET"]}}],"collection":[{"href":"https:\/\/grandepremio.com\/br\/wp-json\/wp\/v2\/posts"}],"about":[{"href":"https:\/\/grandepremio.com\/br\/wp-json\/wp\/v2\/types\/post"}],"replies":[{"embeddable":true,"href":"https:\/\/grandepremio.com\/br\/wp-json\/wp\/v2\/comments?post=119591"}],"version-history":[{"count":0,"href":"https:\/\/grandepremio.com\/br\/wp-json\/wp\/v2\/posts\/119591\/revisions"}],"wp:featuredmedia":[{"embeddable":true,"href":"https:\/\/grandepremio.com\/br\/wp-json\/wp\/v2\/media\/1000489865"}],"wp:attachment":[{"href":"https:\/\/grandepremio.com\/br\/wp-json\/wp\/v2\/media?parent=119591"}],"wp:term":[{"taxonomy":"category","embeddable":true,"href":"https:\/\/grandepremio.com\/br\/wp-json\/wp\/v2\/categories?post=119591"},{"taxonomy":"post_tag","embeddable":true,"href":"https:\/\/grandepremio.com\/br\/wp-json\/wp\/v2\/tags?post=119591"},{"taxonomy":"42wp_author","embeddable":true,"href":"https:\/\/grandepremio.com\/br\/wp-json\/wp\/v2\/42wp_author?post=119591"}],"curies":[{"name":"wp","href":"https:\/\/api.w.org\/{rel}","templated":true}]}}