{"id":119600,"date":"2021-07-05T12:28:07","date_gmt":"2021-07-05T15:28:07","guid":{"rendered":"https:\/\/grandepremio.com\/br\/noticias\/esteban-ocon-planeja-virar-pagina-resetar-tudo-para-buscar-reacao-gp-da-inglaterra\/"},"modified":"2021-07-05T12:28:15","modified_gmt":"2021-07-05T15:28:15","slug":"esteban-ocon-planeja-virar-pagina-resetar-tudo-para-buscar-reacao-gp-da-inglaterra","status":"publish","type":"post","link":"https:\/\/grandepremio.com\/br\/f1\/esteban-ocon-planeja-virar-pagina-resetar-tudo-para-buscar-reacao-gp-da-inglaterra\/","title":{"rendered":"Ocon planeja &#8220;virar a p\u00e1gina e resetar tudo&#8221; para buscar rea\u00e7\u00e3o no GP da Inglaterra"},"content":{"rendered":"\n<figure class=\"wp-block-video\"><video class=\"video-js vjs-big-play-centered\" data-gp-vjs=\"1\" controls src=\"https:\/\/www.grandepremio.com\/br\/wp-content\/uploads\/l-videos\/austria_v2.mp4\"><\/video><figcaption>Verstappen aplica novo dom\u00ednio e vence: os melhores momentos do GP da \u00c1ustria (GRANDE PR\u00caMIO com Reuters)<\/figcaption><\/figure>\n\n\n\n<p class=\"wp-block-paragraph\"><a href=\"https:\/\/www.grandepremio.com\/br\/f1\/noticias\/max-verstappen-vence-corrida-cheia-de-punicoes-na-austria\/\">\u00danico piloto a abandonar o GP da \u00c1ustria<\/a>, Esteban Ocon deseja apagar da mem\u00f3ria os dois fins de semana ruins no Red Bull Ring para chegar em boa forma na Inglaterra, palco da pr\u00f3xima etapa do Mundial de F\u00f3rmula 1, que acontece entre os dias 16 e 18 de Julho.<\/p>\n\n\n\n<p class=\"wp-block-paragraph\">J\u00e1 com o pensamento em desembarcar no templo de Silverstone, que receber\u00e1 pela primeira vez na hist\u00f3ria da categoria as <a href=\"https:\/\/www.grandepremio.com\/br\/f1\/noticias\/formula-1-decide-vencedor-corrida-classificacao-sera-creditado-como-pole-gp\/\">corridas de classifica\u00e7\u00e3o<\/a>, Ocon comentou sobre a rec\u00e9m-finalizada corrida na \u00c1ustria, e reiterou que a culpa por ter abandonado logo na primeira volta, em um acidente t\u00edpico de fundo de pelot\u00e3o, se d\u00e1 em muito pelo fato de ele n\u00e3o ter ido bem na classifica\u00e7\u00e3o, partindo da 17\u00aa posi\u00e7\u00e3o.<\/p>\n\n\n\n<p class=\"wp-block-paragraph\">\u201cN\u00e3o tinha muito o que fazer, na medida em que estava preso entre o Mick [Schumacher] e o Antonio [Giovinazzi] na Curva 3, foi um acidente de corrida. \u00c9 uma das consequ\u00eancias de come\u00e7ar a corrida l\u00e1 atr\u00e1s. Sempre existe a possibilidade de acontecer contatos e brigas, \u00e9 muito mais f\u00e1cil se envolver em problemas por ali\u201d, analisou Ocon.<\/p>\n\n\n\n<p class=\"wp-block-paragraph\">Ap\u00f3s abandonar no \u00faltimo domingo (4) e ser 14\u00ba no GP da Est\u00edria, Ocon reconheceu que n\u00e3o obteve os melhores desempenhos no Red Bull Ring e que n\u00e3o conseguiu melhorar o carro da Alpine entre as corridas. \u201cTanto eu quanto a equipe n\u00e3o conseguimos parar no momento. Vamos resetar tudo, recome\u00e7ar do zero e nos preparar para Silverstone. O \u00fanico caminho que podemos tra\u00e7ar \u00e9 o de ir adiante\u201d, disse.<\/p>\n\n\n\n<p class=\"wp-block-paragraph\"><strong>Conhe\u00e7a o canal do Grande Pr\u00eamio no YouTube! Clique&nbsp;<a rel=\"noreferrer noopener\" href=\"https:\/\/youtube.com\/GrandePremioTV\" target=\"_blank\">aqui<\/a>.<br>Siga o Grande Pr\u00eamio no&nbsp;<a rel=\"noreferrer noopener\" href=\"https:\/\/twitter.com\/grandepremio\" target=\"_blank\">Twitter&nbsp;<\/a>e no&nbsp;<a rel=\"noreferrer noopener\" href=\"https:\/\/instagram.com\/grandepremio\" target=\"_blank\">Instagram<\/a>!<\/strong><\/p>\n\n\n\n<figure class=\"wp-block-image size-large\"><img decoding=\"async\" src=\"https:\/\/www.grandepremio.com\/br\/wp-content\/uploads\/2021\/07\/alpine-estebanocon-02-1024x683.jpg\" alt=\"\" class=\"wp-image-489507\"\/><figcaption>A corrida de Esteban Ocon terminou ainda na primeira volta (Foto: Alpine)<\/figcaption><\/figure>\n\n\n\n<p class=\"wp-block-paragraph\">Por fim, Ocon afirmou ter a receita para melhorar o desempenho em m\u00e3os: esquecer as corridas na \u00c1ustria e resetar tudo para chegar mais forte em Silverstone, onde o franc\u00eas espera voltar aos pontos, algo que n\u00e3o acontece desde o GP de M\u00f4naco.<\/p>\n\n\n\n<p class=\"wp-block-paragraph\">\u201cAmbos os fins de semana na \u00c1ustria n\u00e3o foram legais, com certeza. Tiveram momentos dolorosos, dif\u00edceis, mas penso que precisamos resetar tudo para Silverstone, para nos prepararmos da melhor maneira poss\u00edvel. Sim, vamos esquecer esse fim de semana para termos um bom come\u00e7o em Silverstone\u201d, projetou.<\/p>\n\n\n\n<p class=\"wp-block-paragraph\">\u201cTemos de virar a p\u00e1gina e n\u00e3o pensar mais neste fim de semana, porque nada do que fizemos pareceu ajudar no problema que tivemos e, obviamente, come\u00e7ar no fim do grid traz algumas consequ\u00eancias. Ent\u00e3o, sim, n\u00e3o foram fins de semanas f\u00e1ceis, mas vamos sair dessa mais fortes como equipe\u201d, concluiu.<\/p>\n\n\n\n<p class=\"wp-block-paragraph\"><strong>Conhe\u00e7a o canal do Grande Pr\u00eamio no YouTube! Clique\u00a0<a rel=\"noreferrer noopener\" href=\"https:\/\/youtube.com\/GrandePremioTV\" target=\"_blank\">aqui<\/a>.<br>Siga o Grande Pr\u00eamio no\u00a0<a rel=\"noreferrer noopener\" href=\"https:\/\/twitter.com\/grandepremio\" target=\"_blank\">Twitter\u00a0<\/a>e no\u00a0<a rel=\"noreferrer noopener\" href=\"https:\/\/instagram.com\/grandepremio\" target=\"_blank\">Instagram<\/a>!<\/strong><\/p>\n","protected":false},"excerpt":{"rendered":"<p>Esteban Ocon n\u00e3o tem lembran\u00e7as boas do Red Bull Ring, sede do GP da Est\u00edria e da \u00c1ustria, e projetou resetar as mem\u00f3rias obtidas em Spielberg para melhorar o desempenho na Inglaterra<\/p>\n","protected":false},"author":0,"featured_media":1000489506,"comment_status":"closed","ping_status":"closed","sticky":false,"template":"","format":"standard","meta":{"42wp_featured_image_caption":"","42wp_featured_image_credits":"","42wp_featured_video":"","42wp_featured_image_hidden":false,"42wp_authors_list":[],"footnotes":""},"categories":[2],"tags":[20491,302,24837,25536,24888,1505,3632],"42wp_author":[47138],"class_list":["post-119600","post","type-post","status-publish","format-standard","has-post-thumbnail","hentry","category-f1","tag-alpine","tag-esteban-ocon","tag-formula-1-2","tag-formula-1-2021-2","tag-gp-da-austria-2","tag-gp-da-inglaterra","tag-silverstone","42wp_author-lucascouto"],"_links":{"self":[{"href":"https:\/\/grandepremio.com\/br\/wp-json\/wp\/v2\/posts\/119600","targetHints":{"allow":["GET"]}}],"collection":[{"href":"https:\/\/grandepremio.com\/br\/wp-json\/wp\/v2\/posts"}],"about":[{"href":"https:\/\/grandepremio.com\/br\/wp-json\/wp\/v2\/types\/post"}],"replies":[{"embeddable":true,"href":"https:\/\/grandepremio.com\/br\/wp-json\/wp\/v2\/comments?post=119600"}],"version-history":[{"count":0,"href":"https:\/\/grandepremio.com\/br\/wp-json\/wp\/v2\/posts\/119600\/revisions"}],"wp:featuredmedia":[{"embeddable":true,"href":"https:\/\/grandepremio.com\/br\/wp-json\/wp\/v2\/media\/1000489506"}],"wp:attachment":[{"href":"https:\/\/grandepremio.com\/br\/wp-json\/wp\/v2\/media?parent=119600"}],"wp:term":[{"taxonomy":"category","embeddable":true,"href":"https:\/\/grandepremio.com\/br\/wp-json\/wp\/v2\/categories?post=119600"},{"taxonomy":"post_tag","embeddable":true,"href":"https:\/\/grandepremio.com\/br\/wp-json\/wp\/v2\/tags?post=119600"},{"taxonomy":"42wp_author","embeddable":true,"href":"https:\/\/grandepremio.com\/br\/wp-json\/wp\/v2\/42wp_author?post=119600"}],"curies":[{"name":"wp","href":"https:\/\/api.w.org\/{rel}","templated":true}]}}