{"id":119664,"date":"2021-07-03T16:24:56","date_gmt":"2021-07-03T19:24:56","guid":{"rendered":"https:\/\/grandepremio.com\/br\/noticias\/david-schumacher-vence-corrida-2-f3-austria-ponta-ponta-brasileiros-tocam\/"},"modified":"2021-07-03T16:33:15","modified_gmt":"2021-07-03T19:33:15","slug":"david-schumacher-vence-corrida-2-f3-austria-ponta-ponta-brasileiros-tocam","status":"publish","type":"post","link":"https:\/\/grandepremio.com\/br\/f3\/david-schumacher-vence-corrida-2-f3-austria-ponta-ponta-brasileiros-tocam\/","title":{"rendered":"Schumacher vence corrida 2 da F3 na \u00c1ustria de ponta a ponta. Brasileiros se tocam"},"content":{"rendered":"\n<figure class=\"wp-block-video\"><video class=\"video-js vjs-big-play-centered\" data-gp-vjs=\"1\" controls src=\"https:\/\/www.grandepremio.com\/br\/wp-content\/uploads\/2021\/07\/2021_07_02_Colton_Herta.mp4\"><\/video><figcaption>Colton Herta escapa no TL1 (V\u00eddeo: Indycar)<\/figcaption><\/figure>\n\n\n\n<p class=\"wp-block-paragraph\">\u00c9 sempre uma situa\u00e7\u00e3o curiosa quando um piloto n\u00e3o muito afeito a grandes resultados consegue controlar inteiramente alguma corrida. Foi precisamente o que aconteceu na tarde deste s\u00e1bado (3), na \u00c1ustria, na segunda corrida do fim de semana da F\u00f3rmula 3. David Schumacher largou na dianteira e liderou de ponta a ponta para vencer e marcar os primeiros pontos dele na temporada.<\/p>\n\n\n\n<p class=\"wp-block-paragraph\">Schumacher, filho de Ralf Schumacher, sobrinho de Michael e primo de Mick, saiu na dianteira por ter terminado na 12\u00aa coloca\u00e7\u00e3o da corrida da manh\u00e3 e ser beneficiado pela invers\u00e3o de grid. A partir do momento em que a corrida foi iniciada, tratou os rivais como se fosse um piloto em plena disputa do t\u00edtulo.<\/p>\n\n\n\n<p class=\"wp-block-paragraph\"><strong>Conhe\u00e7a o canal do Grande Pr\u00eamio no YouTube! Clique\u00a0<a target=\"_blank\" href=\"https:\/\/youtube.com\/GrandePremioTV\" rel=\"noreferrer noopener\">aqui<\/a>.<br>Siga o Grande Pr\u00eamio no\u00a0<a target=\"_blank\" href=\"https:\/\/twitter.com\/grandepremio\" rel=\"noreferrer noopener\">Twitter\u00a0<\/a>e no\u00a0<a target=\"_blank\" href=\"https:\/\/instagram.com\/grandepremio\" rel=\"noreferrer noopener\">Instagram<\/a>!<\/strong><br><strong>Em show de puni\u00e7\u00f5es, Collet \u00e9 17\u00ba e Fittipaldi vira 4\u00ba em <a href=\"https:\/\/www.grandepremio.com\/br\/f3\/noticias\/show-punicoes-caio-collet-17o-enzo-fittipaldi-vira-4-corrida-1-f3-austria\/\">corrida 1 da F3 na \u00c1ustria<\/a><\/strong><\/p>\n\n\n\n<figure class=\"wp-block-image size-large\"><img decoding=\"async\" src=\"https:\/\/www.grandepremio.com\/br\/wp-content\/uploads\/2021\/07\/GPF2-2-1024x576.jpeg\" alt=\"\" class=\"wp-image-489251\"\/><figcaption>O abra\u00e7o de David Schumacher no pai, Ralf (Foto: Reprodu\u00e7\u00e3o\/Twitter)<\/figcaption><\/figure>\n\n\n\n<figure class=\"wp-block-embed is-type-rich is-provider-spotify wp-block-embed-spotify wp-embed-aspect-21-9 wp-has-aspect-ratio\"><div class=\"wp-block-embed__wrapper\">\n<iframe title=\"Spotify Embed: Paddockast #110- Como chegaram ao fim as grandes dinastias da F\u00f3rmula 1?\" style=\"border-radius: 12px\" width=\"100%\" height=\"152\" frameborder=\"0\" allowfullscreen allow=\"autoplay; clipboard-write; encrypted-media; fullscreen; picture-in-picture\" loading=\"lazy\" src=\"https:\/\/open.spotify.com\/embed\/episode\/5oTwPHI92bnE3836qWDYLQ?utm_source=oembed\"><\/iframe>\n<\/div><figcaption>Paddockast #110: Como chegaram ao fim as grandes dinastias da F\u00f3rmula 1?<\/figcaption><\/figure>\n\n\n\n<p class=\"wp-block-paragraph\">Al\u00e9m do alem\u00e3o, o p\u00f3dio contou com os n\u00f3rdicos Frederik Vesti e Dennis Hauger, dinamarqu\u00eas e noruegu\u00eas, respectivamente. Vesti largara em sexto, enquanto Hauger, em fase absolutamente especial, largou em 12\u00ba ap\u00f3s a vit\u00f3ria pela manh\u00e3.<\/p>\n\n\n\n<p class=\"wp-block-paragraph\">Mas a sorte dos dois veio \u00e0s custas do azar de outro postulante ao t\u00edtulo: Victor Martins parecia se encaminhar ao p\u00f3dio com o segundo lugar, quando, na \u00faltima volta, teve aus\u00eancia de pot\u00eancia por conta de um problema no motor. Sem seguir acelerar, acabou abandonando e n\u00e3o marcou pontos.<\/p>\n\n\n\n<p class=\"wp-block-paragraph\">A corrida teve duelos duros. Logo na segunda volta, Tijmen van der Helm e Logan Sargeant se encontraram em colis\u00e3o e abandonaram a corrida, for\u00e7ando a entrada de um safety-car. Depois, Jak Crawford atacava Roman Stan\u011bk pelo quinto lugar, chegando a ficar para fora da pista na persegui\u00e7\u00e3o. Quando finalmente passou, logo sofreu com algum tipo de problema no carro e precisou abandonar. Houve um toque entre Juan Manuel Correa e Kaylen Frederick, quando ambos brigavam com Vesti pelo sexto lugar. Frederick acabou rodando e abandonando. Depois, levado ao hospital com dores na m\u00e3o, teve diagnosticado um deslocamento do ded\u00e3o da m\u00e3o esquerda e est\u00e1 fora da corrida do domingo.<\/p>\n\n\n\n<figure class=\"wp-block-image size-large\"><img decoding=\"async\" src=\"https:\/\/www.grandepremio.com\/br\/wp-content\/uploads\/2021\/07\/GPF1-2-1024x566.jpeg\" alt=\"\" class=\"wp-image-489252\"\/><figcaption>O toque entre Collet e Fittipaldi (Foto: Reprodu\u00e7\u00e3o\/Twitter)<\/figcaption><\/figure>\n\n\n\n<p class=\"wp-block-paragraph\">Outro encontr\u00e3o envolveu os dois brasileiros. J\u00e1 na fase final da corrida, quando disputavam o oitavo posto, tocaram na entrada da curva. O toque fez o carro de Enzo Fittipaldi, que vinha na frente, levantar do ch\u00e3o. Caio Collet recebeu puni\u00e7\u00e3o de 5s acrescidos ao tempo final da corrida por ser considerado culpado pelo incidente.<\/p>\n\n\n\n<p class=\"wp-block-paragraph\">O toque dos dois abriu porta para Arthur Leclerc pass\u00e1-los. O monegasco conseguiu sair de 27\u00ba para sexto. Al\u00e9m dos tr\u00eas primeiros, Stan\u011bk e Johnny Edgar ficaram na frente de Leclerc. Jack Doohan, Fittipaldi, Olli Caldwell e Jonathan Hoggard encerraram o top-10. Punido, Collet foi 16\u00ba.<\/p>\n\n\n\n\n\n<p class=\"wp-block-paragraph\">A classifica\u00e7\u00e3o do campeonato agora conta com Hauger l\u00edder com 97 pontos contra 72 de Doohan e 66 de Martins. Collet tem 35 e \u00e9 o oitavo, ao passo que Fittipaldi conta com 11 pontos e o 16\u00ba posto.<\/p>\n\n\n\n<p class=\"wp-block-paragraph\">O fim de semana da F\u00f3rmula 3 segue no domingo, com a corrida principal. Para essa, Hauger \u00e9 o pole.<\/p>\n\n\n\n<p class=\"wp-block-paragraph\">J\u00e1 a F\u00f3rmula 1 volta a acelerar neste domingo com a nona etapa da temporada 2021, com largada no Red Bull Ring marcada para 10h (de Bras\u00edlia, GMT-3) e transmiss\u00e3o ao vivo pela Band na TV aberta e pelo servi\u00e7o de streaming F1 TV Pro. O <strong>GRANDE PR\u00caMIO<\/strong> acompanha o GP da \u00c1ustria <strong><a href=\"https:\/\/www.grandepremio.com\/br\/ao-vivo\/f1\/\">AO VIVO e em TEMPO REAL<\/a><\/strong>.<\/p>\n\n\n\n<figure class=\"wp-block-embed is-type-video is-provider-youtube wp-block-embed-youtube wp-embed-aspect-16-9 wp-has-aspect-ratio\"><div class=\"wp-block-embed__wrapper\">\n<iframe loading=\"lazy\" title=\"VERSTAPPEN \u00c9 POLE, NORRIS \u00c9 2\u00b0, HAMILTON \u00c9 4\u00b0 NO GP DA \u00c1USTRIA DE F1 | Briefing\" width=\"500\" height=\"281\" src=\"https:\/\/www.youtube.com\/embed\/-zeI1GYhlqA?feature=oembed\" frameborder=\"0\" allow=\"accelerometer; autoplay; clipboard-write; encrypted-media; gyroscope; picture-in-picture; web-share\" referrerpolicy=\"strict-origin-when-cross-origin\" allowfullscreen><\/iframe>\n<\/div><figcaption>Briefing: TUDO sobre a classifica\u00e7\u00e3o da F1 na \u00c1ustria<\/figcaption><\/figure>\n","protected":false},"excerpt":{"rendered":"<p>Pole gra\u00e7as \u00e0 regra do grid invertido, David Schumacher controlou a corrida para conquistar a primeira vit\u00f3ria na categoria e os primeiros pontos em 2021<\/p>\n","protected":false},"author":0,"featured_media":1000489250,"comment_status":"closed","ping_status":"closed","sticky":false,"template":"","format":"standard","meta":{"42wp_featured_image_caption":"","42wp_featured_image_credits":"","42wp_featured_video":"","42wp_featured_image_hidden":false,"42wp_authors_list":[],"footnotes":""},"categories":[10],"tags":[448,1581,409,26641,26907,1318,24888,24836,28285,4613],"42wp_author":[47120],"class_list":["post-119664","post","type-post","status-publish","format-standard","has-post-thumbnail","hentry","category-f3","tag-caio-collet","tag-dennis-hauger","tag-enzo-fittipaldi","tag-f3-2021","tag-formula-3-2021","tag-frederik-vesti","tag-gp-da-austria-2","tag-grande-premio-2","tag-grandepremio","tag-spielberg","42wp_author-pedro-henrique-marum"],"_links":{"self":[{"href":"https:\/\/grandepremio.com\/br\/wp-json\/wp\/v2\/posts\/119664","targetHints":{"allow":["GET"]}}],"collection":[{"href":"https:\/\/grandepremio.com\/br\/wp-json\/wp\/v2\/posts"}],"about":[{"href":"https:\/\/grandepremio.com\/br\/wp-json\/wp\/v2\/types\/post"}],"replies":[{"embeddable":true,"href":"https:\/\/grandepremio.com\/br\/wp-json\/wp\/v2\/comments?post=119664"}],"version-history":[{"count":0,"href":"https:\/\/grandepremio.com\/br\/wp-json\/wp\/v2\/posts\/119664\/revisions"}],"wp:featuredmedia":[{"embeddable":true,"href":"https:\/\/grandepremio.com\/br\/wp-json\/wp\/v2\/media\/1000489250"}],"wp:attachment":[{"href":"https:\/\/grandepremio.com\/br\/wp-json\/wp\/v2\/media?parent=119664"}],"wp:term":[{"taxonomy":"category","embeddable":true,"href":"https:\/\/grandepremio.com\/br\/wp-json\/wp\/v2\/categories?post=119664"},{"taxonomy":"post_tag","embeddable":true,"href":"https:\/\/grandepremio.com\/br\/wp-json\/wp\/v2\/tags?post=119664"},{"taxonomy":"42wp_author","embeddable":true,"href":"https:\/\/grandepremio.com\/br\/wp-json\/wp\/v2\/42wp_author?post=119664"}],"curies":[{"name":"wp","href":"https:\/\/api.w.org\/{rel}","templated":true}]}}