{"id":119682,"date":"2021-07-03T11:37:10","date_gmt":"2021-07-03T14:37:10","guid":{"rendered":"https:\/\/grandepremio.com\/br\/noticias\/foyt-participacao-tatiana-calderon-teste-coletivo-indy-mid-ohio\/"},"modified":"2021-07-03T11:39:03","modified_gmt":"2021-07-03T14:39:03","slug":"foyt-participacao-tatiana-calderon-teste-coletivo-indy-mid-ohio","status":"publish","type":"post","link":"https:\/\/grandepremio.com\/br\/indy\/foyt-participacao-tatiana-calderon-teste-coletivo-indy-mid-ohio\/","title":{"rendered":"Foyt anuncia participa\u00e7\u00e3o de Calder\u00f3n em teste coletivo da Indy em Mid-Ohio"},"content":{"rendered":"\n<figure class=\"wp-block-video\"><video class=\"video-js vjs-big-play-centered\" data-gp-vjs=\"1\" controls src=\"https:\/\/www.grandepremio.com\/br\/wp-content\/uploads\/2021\/07\/2021_07_02_Colton_Herta.mp4\"><\/video><figcaption>Colton Herta escapa no TL1 (V\u00eddeo: Indycar)<\/figcaption><\/figure>\n\n\n\n<p class=\"wp-block-paragraph\">A colombiana Tatiana Calder\u00f3n participar\u00e1 de um teste com a equipe Foyt em Mid-Ohio na pr\u00f3xima ter\u00e7a-feira (6). Ser\u00e1 a primeira experi\u00eancia da pilota em um carro da categoria americana. Ela vai guiar o carro #14 da equipe, que \u00e9 utilizado por S\u00e9bastien Bourdais.<\/p>\n\n\n\n<p class=\"wp-block-paragraph\">Calder\u00f3n competiu no Road to Indy entre 2010 e 2011 pela equipe Juncos na Star Mazda, que hoje atende por Pro 2000. Ap\u00f3s a passagem pelos Estados Unidos, se dedicou a competir na Europa, passando por F3 Euro, GP3 e F\u00f3rmula 2 at\u00e9 passar a competir no endurance. Ela disputa a temporada 2021 do WEC com a Richard Mille Racing Team.<\/p>\n\n\n\n<p class=\"wp-block-paragraph\">&#8220;Estou muito animada e grata a Jonathan Kendrick, da ROKiT, e a Larry Foyt por essa oportunidade incr\u00edvel. Comecei minha carreira de monopostos nos Estados Unidos e sempre foi um sonho guiar um carro da Indy um dia&#8221;, falou Calder\u00f3n, que tem o patroc\u00ednio da ROKiT, empresa que estampa o carro de Bourdais na Foyt.<\/p>\n\n\n\n<p class=\"wp-block-paragraph\"><strong>Conhe\u00e7a o canal do Grande Pr\u00eamio no YouTube! Clique\u00a0<a target=\"_blank\" href=\"https:\/\/youtube.com\/GrandePremioTV\" rel=\"noreferrer noopener\">aqui<\/a>.<\/strong><br><strong>Siga o Grande Pr\u00eamio no\u00a0<a target=\"_blank\" href=\"https:\/\/twitter.com\/grandepremio\" rel=\"noreferrer noopener\">Twitter\u00a0<\/a>e no\u00a0<a target=\"_blank\" href=\"https:\/\/instagram.com\/grandepremio\" rel=\"noreferrer noopener\">Instagram<\/a>!<\/strong><br><strong>Meyer Shank divulga\u00a0<a href=\"https:\/\/www.grandepremio.com\/br\/indy\/noticias\/meyer-shank-divulga-pintura-azul-carro-helio-castroneves-gp-nashville\/\">pintura azul para carro<\/a>\u00a0de Castroneves no GP de\u00a0<a href=\"https:\/\/www.grandepremio.com\/br\/etapa\/indy\/gp-de-nashville\/\" target=\"_blank\" rel=\"noreferrer noopener\">Nashville<\/a><\/strong><\/p>\n\n\n\n<figure class=\"wp-block-image size-large\"><img decoding=\"async\" src=\"https:\/\/www.grandepremio.com\/br\/wp-content\/uploads\/2021\/06\/Sebastien-Bourdais-1-1024x681.jpg\" alt=\"\" class=\"wp-image-484574\"\/><figcaption>Carro de Bourdais ser\u00e1 utilizado por Calder\u00f3n (Foto: IndyCar)<\/figcaption><\/figure>\n\n\n\n<p class=\"wp-block-paragraph\">&#8220;Tenho certeza de que ser\u00e1 um grande desafio e mal posso esperar a experi\u00eancia de guiar em Mid-Ohio na ter\u00e7a-feira, aprender sobre o carro e desfrutar da possibilidade de guiar um dos carros mais velozes do planeta&#8221;, afirmou.<\/p>\n\n\n\n<p class=\"wp-block-paragraph\">&#8220;Estamos ansiosos para ter Tatiana conosco. Ela tem muita experi\u00eancia em diferentes monopostos, ent\u00e3o estou interessado em escutar o feedback dela depois de guiar o carro da Indy. Como \u00e9 depois da corrida, o setup deve estar bom e permitir que ela foque somente em guiar e aprender sobre o carro. Acredito que gostar\u00e1 muito&#8221;, finalizou Larry Foyt.<\/p>\n\n\n\n<p class=\"wp-block-paragraph\">O <strong>GRANDE PR\u00caMIO <\/strong>acompanha todas as a\u00e7\u00f5es do GP de Mid-Ohio da Indy, que acontece neste domingo (4) em Lexington, Ohio.<\/p>\n","protected":false},"excerpt":{"rendered":"<p>Pilota do WEC, Tatiana Calder\u00f3n participar\u00e1 de teste com a Foyt em Mid-Ohio na pr\u00f3xima ter\u00e7a-feira. Pilota volta ao radar da Indy 10 anos ap\u00f3s participa\u00e7\u00e3o na Pro 2000<\/p>\n","protected":false},"author":0,"featured_media":1000489063,"comment_status":"closed","ping_status":"closed","sticky":false,"template":"","format":"standard","meta":{"42wp_featured_image_caption":"","42wp_featured_image_credits":"","42wp_featured_video":"","42wp_featured_image_hidden":false,"42wp_authors_list":[],"footnotes":""},"categories":[3],"tags":[322,3622,93,94,4166,25517,371],"42wp_author":[47119],"class_list":["post-119682","post","type-post","status-publish","format-standard","has-post-thumbnail","hentry","category-indy","tag-foyt","tag-gp-de-mid-ohio","tag-indy","tag-indycar","tag-mid-ohio","tag-tatiana-calderon","tag-teste","42wp_author-gabriel-carvalho"],"_links":{"self":[{"href":"https:\/\/grandepremio.com\/br\/wp-json\/wp\/v2\/posts\/119682","targetHints":{"allow":["GET"]}}],"collection":[{"href":"https:\/\/grandepremio.com\/br\/wp-json\/wp\/v2\/posts"}],"about":[{"href":"https:\/\/grandepremio.com\/br\/wp-json\/wp\/v2\/types\/post"}],"replies":[{"embeddable":true,"href":"https:\/\/grandepremio.com\/br\/wp-json\/wp\/v2\/comments?post=119682"}],"version-history":[{"count":0,"href":"https:\/\/grandepremio.com\/br\/wp-json\/wp\/v2\/posts\/119682\/revisions"}],"wp:featuredmedia":[{"embeddable":true,"href":"https:\/\/grandepremio.com\/br\/wp-json\/wp\/v2\/media\/1000489063"}],"wp:attachment":[{"href":"https:\/\/grandepremio.com\/br\/wp-json\/wp\/v2\/media?parent=119682"}],"wp:term":[{"taxonomy":"category","embeddable":true,"href":"https:\/\/grandepremio.com\/br\/wp-json\/wp\/v2\/categories?post=119682"},{"taxonomy":"post_tag","embeddable":true,"href":"https:\/\/grandepremio.com\/br\/wp-json\/wp\/v2\/tags?post=119682"},{"taxonomy":"42wp_author","embeddable":true,"href":"https:\/\/grandepremio.com\/br\/wp-json\/wp\/v2\/42wp_author?post=119682"}],"curies":[{"name":"wp","href":"https:\/\/api.w.org\/{rel}","templated":true}]}}