{"id":119687,"date":"2021-07-03T10:00:00","date_gmt":"2021-07-03T13:00:00","guid":{"rendered":"https:\/\/grandepremio.com\/br\/noticias\/briefing-edicao-ao-vivo-sabado-classificacao-gp-da-austria-de-f1\/"},"modified":"2021-07-03T08:52:21","modified_gmt":"2021-07-03T11:52:21","slug":"briefing-edicao-ao-vivo-sabado-classificacao-gp-da-austria-de-f1","status":"publish","type":"post","link":"https:\/\/grandepremio.com\/br\/f1\/briefing-edicao-ao-vivo-sabado-classificacao-gp-da-austria-de-f1\/","title":{"rendered":"Briefing tem edi\u00e7\u00e3o ao vivo neste s\u00e1bado e analisa classifica\u00e7\u00e3o do GP da \u00c1ustria de F1"},"content":{"rendered":"\n<p class=\"wp-block-paragraph\">T\u00e3o logo tiver in\u00edcio o Q3 da classifica\u00e7\u00e3o do GP da \u00c1ustria de F\u00f3rmula 1, neste s\u00e1bado (3), por volta de 10h45 (de Bras\u00edlia, GMT-3), o <strong>BRIEFING<\/strong> entra no ar ao vivo e disseca tudo sobre a defini\u00e7\u00e3o do grid de largada da nona etapa da temporada 2021.<\/p>\n\n\n\n<p class=\"wp-block-paragraph\">Com apresenta\u00e7\u00e3o de Victor Martins e presen\u00e7a de grande elenco, a mesa virtual do <strong>GRANDE PR\u00caMIO<\/strong> vai debater tudo o que aconteceu de melhor (e de pior) na classifica\u00e7\u00e3o no Red Bull Ring. Tudo na <strong><a href=\"https:\/\/www.youtube.com\/c\/GrandePremioTV\">GPTV, o canal do GRANDE PR\u00caMIO no YouTube<\/a><\/strong>.<\/p>\n\n\n\n<p class=\"wp-block-paragraph\">Em formato j\u00e1 consagrado desde o ano passado, o <strong>BRIEFING<\/strong> tem mais uma edi\u00e7\u00e3o nos finais de semana de etapa do Mundial de F\u00f3rmula 1: a primeira vai ao ar aos s\u00e1bados, logo ap\u00f3s o fim da classifica\u00e7\u00e3o, e aos domingos segue com uma edi\u00e7\u00e3o antes da corrida e outra imediatamente ap\u00f3s a bandeira quadriculada.<\/p>\n\n\n\n<p class=\"wp-block-paragraph\"><strong>LEIA MAIS<\/strong><br><strong><a href=\"https:\/\/www.grandepremio.com\/br\/f1\/noticias\/mercedes-muda-acerto-volta-atras-e-tenta-evitar-derrota-na-austria-red-bull-so-guarda\/\">+AN\u00c1LISE: Mercedes muda acerto, volta atr\u00e1s e tenta evitar derrota na \u00c1ustria. Red Bull s\u00f3 guarda<\/a><\/strong><br><strong><a href=\"https:\/\/www.grandepremio.com\/br\/f1\/noticias\/lewis-hamilton-permanece-na-formula-1-e-renova-com-mercedes-ate-2023\/\">+Hamilton permanece na F\u00f3rmula 1 e renova pela Mercedes at\u00e9 fim da temporada 2023<\/a><\/strong><\/p>\n\n\n\n<figure class=\"wp-block-image size-large\"><img decoding=\"async\" src=\"https:\/\/www.grandepremio.com\/br\/wp-content\/uploads\/2021\/07\/SI202107020444_news-1024x683.jpg\" alt=\"MAX VERSTAPPEN; RED BULL; RED BULL RING; TREINO LIVRE;\" class=\"wp-image-488988\"\/><figcaption>Max Verstappen tem sido o protagonista no Red Bull Ring (Foto: Bryn Lennon\/Getty Images\/Red Bull Content Pool)<\/figcaption><\/figure>\n\n\n\n<p class=\"wp-block-paragraph\"><strong>Conhe\u00e7a o canal do Grande Pr\u00eamio no YouTube! Clique\u00a0<a target=\"_blank\" href=\"https:\/\/youtube.com\/GrandePremioTV\" rel=\"noreferrer noopener\">aqui<\/a>.<br>Siga o Grande Pr\u00eamio no\u00a0<a target=\"_blank\" href=\"https:\/\/twitter.com\/grandepremio\" rel=\"noreferrer noopener\">Twitter\u00a0<\/a>e no\u00a0<a target=\"_blank\" href=\"https:\/\/instagram.com\/grandepremio\" rel=\"noreferrer noopener\">Instagram<\/a>!<\/strong><\/p>\n\n\n\n<p class=\"wp-block-paragraph\">No domingo, a partir de 9h (de Bras\u00edlia), Victor Martins comanda a atra\u00e7\u00e3o, traz a pr\u00e9via do GP da \u00c1ustria e debate as \u00faltimas informa\u00e7\u00f5es antes da largada no circuito taurino.<\/p>\n\n\n\n<p class=\"wp-block-paragraph\">E logo depois da corrida, o <strong>BRIEFING<\/strong> p\u00f3s-corrida destrincha tudo o que aconteceu na nona prova do campeonato, sempre com Victor Martins na apresenta\u00e7\u00e3o do programa, acompanhado por grande elenco.<\/p>\n\n\n\n<h3 class=\"wp-block-heading\">Assista ao BRIEFING com tudo sobre a classifica\u00e7\u00e3o do GP da \u00c1ustria<\/h3>\n\n\n\n<figure class=\"wp-block-embed is-type-video is-provider-youtube wp-block-embed-youtube wp-embed-aspect-16-9 wp-has-aspect-ratio\"><div class=\"wp-block-embed__wrapper\">\n<iframe loading=\"lazy\" title=\"VERSTAPPEN \u00c9 POLE, NORRIS \u00c9 2\u00b0, HAMILTON \u00c9 4\u00b0 NO GP DA \u00c1USTRIA DE F1 | Briefing\" width=\"500\" height=\"281\" src=\"https:\/\/www.youtube.com\/embed\/-zeI1GYhlqA?feature=oembed\" frameborder=\"0\" allow=\"accelerometer; autoplay; clipboard-write; encrypted-media; gyroscope; picture-in-picture; web-share\" referrerpolicy=\"strict-origin-when-cross-origin\" allowfullscreen><\/iframe>\n<\/div><\/figure>\n","protected":false},"excerpt":{"rendered":"<p>Victor Martins e grande elenco entram ao ar no in\u00edcio do Q3 da classifica\u00e7\u00e3o do GP da \u00c1ustria e formam a mesa virtual do BRIEFING, que vai analisar o s\u00e1bado de F\u00f3rmula 1 no tradicional circuito Red Bull Ring<\/p>\n","protected":false},"author":0,"featured_media":1000488977,"comment_status":"closed","ping_status":"closed","sticky":false,"template":"","format":"standard","meta":{"42wp_featured_image_caption":"","42wp_featured_image_credits":"","42wp_featured_video":"","42wp_featured_image_hidden":false,"42wp_authors_list":[],"footnotes":""},"categories":[2],"tags":[3350,147,156,642,24837,24888,25421,24836,87,203,510,1214,1763,486],"42wp_author":[47110],"class_list":["post-119687","post","type-post","status-publish","format-standard","has-post-thumbnail","hentry","category-f1","tag-briefing","tag-f1","tag-f1-2021","tag-f1-ao-vivo","tag-formula-1-2","tag-gp-da-austria-2","tag-gp-da-austria-de-f1","tag-grande-premio-2","tag-lewis-hamilton","tag-max-verstappen","tag-pole","tag-pole-position","tag-red-bull-ring","tag-victor-martins","42wp_author-fernando-silva"],"_links":{"self":[{"href":"https:\/\/grandepremio.com\/br\/wp-json\/wp\/v2\/posts\/119687","targetHints":{"allow":["GET"]}}],"collection":[{"href":"https:\/\/grandepremio.com\/br\/wp-json\/wp\/v2\/posts"}],"about":[{"href":"https:\/\/grandepremio.com\/br\/wp-json\/wp\/v2\/types\/post"}],"replies":[{"embeddable":true,"href":"https:\/\/grandepremio.com\/br\/wp-json\/wp\/v2\/comments?post=119687"}],"version-history":[{"count":0,"href":"https:\/\/grandepremio.com\/br\/wp-json\/wp\/v2\/posts\/119687\/revisions"}],"wp:featuredmedia":[{"embeddable":true,"href":"https:\/\/grandepremio.com\/br\/wp-json\/wp\/v2\/media\/1000488977"}],"wp:attachment":[{"href":"https:\/\/grandepremio.com\/br\/wp-json\/wp\/v2\/media?parent=119687"}],"wp:term":[{"taxonomy":"category","embeddable":true,"href":"https:\/\/grandepremio.com\/br\/wp-json\/wp\/v2\/categories?post=119687"},{"taxonomy":"post_tag","embeddable":true,"href":"https:\/\/grandepremio.com\/br\/wp-json\/wp\/v2\/tags?post=119687"},{"taxonomy":"42wp_author","embeddable":true,"href":"https:\/\/grandepremio.com\/br\/wp-json\/wp\/v2\/42wp_author?post=119687"}],"curies":[{"name":"wp","href":"https:\/\/api.w.org\/{rel}","templated":true}]}}